{"id":64829,"date":"2024-10-24T09:36:20","date_gmt":"2024-10-24T07:36:20","guid":{"rendered":"https:\/\/www.infokuryr.cz\/n\/?p=64829"},"modified":"2024-10-24T09:36:20","modified_gmt":"2024-10-24T07:36:20","slug":"michael-svatos-ukrajinsti-experti-vcera-priznali-ze-cely-zapad-neni-schopen-bez-modernich-cinskych-komunikacnich-sad","status":"publish","type":"post","link":"https:\/\/www.infokuryr.cz\/n\/2024\/10\/24\/michael-svatos-ukrajinsti-experti-vcera-priznali-ze-cely-zapad-neni-schopen-bez-modernich-cinskych-komunikacnich-sad\/","title":{"rendered":"Michael Svato\u0161: Ukrajin\u0161t\u00ed experti v\u010dera p\u0159iznali, \u017ee cel\u00fd Z\u00e1pad nen\u00ed schopen bez modern\u00edch \u010d\u00ednsk\u00fdch komunika\u010dn\u00edch sad&#8230;"},"content":{"rendered":"<div id=\"fb-root\"><\/div>\n<p><span style=\"font-size: 14pt; color: #993366;\"><strong>Ukrajin\u0161t\u00ed experti v\u010dera p\u0159iznali, \u017ee cel\u00fd Z\u00e1pad nen\u00ed schopen bez modern\u00edch \u010d\u00ednsk\u00fdch komunika\u010dn\u00edch sad produkovat drony! Z\u00e1padn\u00ed drony jsou pr\u00fd nav\u00edc n\u011bkolikr\u00e1t p\u0159edra\u017een\u00e9! Co na to Fiala a \u010cernochov\u00e1?!<\/strong><\/span><\/p>\n<h3>(1) Ukrajina hodl\u00e1 kr\u00e1\u010det ve stop\u00e1ch III. \u0159\u00ed\u0161e a zmobilizovat do boje proti Rus\u016fm svou mu\u017eskou populaci star\u0161\u00ed 14 let.<\/h3>\n<p>Kyjevsk\u00e1 Soldateska u\u017e mus\u00ed opravdu hrabat z posledn\u00edho, proto\u017ee ukrajin\u0161t\u00ed politici za\u010dali v\u010dera nahlas uva\u017eovat\u00a0<a href=\"https:\/\/www.unian.ua\/society\/mobilizaciya-v-ukrajini-za-yakoji-umovi-vik-mobilizaciji-mozhna-zniziti-do-14-rokiv-dmitro-korchinskiy-12795936.html?utm_source=unian&amp;utm_medium=read_more_news&amp;utm_campaign=read_more_news_in_post\">o roz\u0161\u00ed\u0159en\u00ed brann\u00e9 povinnosti i pro d\u011bti star\u00e9 14 nebo 16 let<\/a>. Vlivn\u00ed p\u0159edstavitel\u00e9 Zelensk\u00e9ho re\u017eimu Ivan Tymochko a Roman Kostenko v\u010dera p\u0159iznali,\u00a0<a href=\"https:\/\/www.unian.ua\/society\/vidstrochka-vid-mobilizaciji-shkilnih-uchiteliv-ta-aspirantiv-mozhut-zakonno-prizvati-v-armiyu-12797289.html\">\u017ee vzhledem ke \u0161patn\u00e9 situaci na boji\u0161ti bude Ukrajina muset urychlen\u011b mobilizovat i dal\u0161\u00ed mlad\u00e9 mu\u017ee z ro\u010dn\u00edk\u016f<\/a>, kter\u00e9 dosud nepodl\u00e9haly mobilizaci. Sou\u010dasn\u00fd mobiliza\u010dn\u00ed v\u011bk na Ukrajin\u011b je 25 let, a\u00a0<a href=\"https:\/\/www.ukrinform.ua\/rubric-society\/3847663-zelenskij-pidpisav-zakon-pro-znizenna-prizovnogo-viku-do-25-rokiv.html\">do leto\u0161n\u00edho dubna byl 27 let<\/a>. Leto\u0161n\u00ed roz\u0161\u00ed\u0159en\u00ed mobilizace o dva ro\u010dn\u00edky narozen\u00e9 koncem 90-t\u00fdch let teoreticky roz\u0161\u00ed\u0159ilo mobiliza\u010dn\u00ed kontingent Ukrajiny o 400 000 nov\u00fdch potenci\u00e1ln\u00edch voj\u00e1k\u016f. (Viz graf ukrajinsk\u00e9 porodnosti dole.) Od tohoto \u010d\u00edsla bude nutno ode\u010d\u00edst 20%, proto\u017ee tito Ukrajinci se je\u0161t\u011b narodili a dosp\u00edvali na nyn\u011bj\u0161\u00edch nov\u00fdch rusk\u00fdch \u00fazem\u00edch, kter\u00e9 v roce 2014 ovl\u00e1dli ru\u0161t\u00ed separatist\u00e9 a tzv. \u201cmoskev\u0161t\u00ed zelen\u00ed mu\u017eici\u201d, a jejich draft tak nen\u00ed nyn\u00ed v sil\u00e1ch kyjevsk\u00e9ho re\u017eimu, ale pouze v moci moskevsk\u00e9ho Gosudara. Dal\u0161\u00edch 20% bude z r\u016fzn\u00fdch d\u016fvod\u016f nezp\u016fsobil\u00fdch slu\u017eb\u011b, a dal\u0161\u00edch nejm\u00e9n\u011b 10% u\u017e ze zem\u011b uteklo. Re\u00e1ln\u011b tedy leto\u0161n\u00ed dubnov\u00e9 roz\u0161\u00ed\u0159en\u00ed mobilizace o dva ro\u010dn\u00edky p\u0159ineslo Ukrajin\u011b jen 200 000 nov\u00fdch potenci\u00e1ln\u00edch voj\u00e1k\u016f, a to se z nich je\u0161t\u011b v\u011bt\u0161ina n\u011bkde skr\u00fdv\u00e1, a nebo se pod r\u016fzn\u00fdmi \u201cleg\u00e1ln\u00edmi\u201d p\u0159\u00ed\u010dinami vojensk\u00e9 slu\u017eb\u011b vyh\u00fdb\u00e1.<\/p>\n<div id=\"attachment_13774\" class=\"wp-caption aligncenter\" style=\"width: 762px;\"><img decoding=\"async\" loading=\"lazy\" class=\" wp-image-13774\" src=\"https:\/\/www.michalapetr.com\/wp-content\/uploads\/2024\/10\/demohrafichna-sytuacziya-v-ukrayini_ru_normal.png\" sizes=\"(max-width: 780px) 100vw, 780px\" srcset=\"https:\/\/www.michalapetr.com\/wp-content\/uploads\/2024\/10\/demohrafichna-sytuacziya-v-ukrayini_ru_normal.png 780w, https:\/\/www.michalapetr.com\/wp-content\/uploads\/2024\/10\/demohrafichna-sytuacziya-v-ukrayini_ru_normal-300x169.png 300w, https:\/\/www.michalapetr.com\/wp-content\/uploads\/2024\/10\/demohrafichna-sytuacziya-v-ukrayini_ru_normal-768x432.png 768w, https:\/\/www.michalapetr.com\/wp-content\/uploads\/2024\/10\/demohrafichna-sytuacziya-v-ukrayini_ru_normal-705x397.png 705w, https:\/\/www.michalapetr.com\/wp-content\/uploads\/2024\/10\/demohrafichna-sytuacziya-v-ukrayini_ru_normal-450x253.png 450w\" alt=\"\" width=\"762\" height=\"429\" aria-describedby=\"caption-attachment-13774\" \/><\/p>\n<p id=\"caption-attachment-13774\" class=\"wp-caption-text\">Graf porodnosti na Ukrajin\u011b od roku 1990. (<a href=\"https:\/\/www.slovoidilo.ua\/2024\/08\/23\/infografika\/suspilstvo\/skilky-ditej-narodzhuvalosya-chasy-nezalezhnosti-ukrayiny-ta-skilky-lyudej-pomyralo\">Zdroj<\/a>)<\/p>\n<\/div>\n<p>V\u010derej\u0161\u00ed p\u0159izn\u00e1n\u00ed o nutnosti mobilizovat do v\u00e1lky proti Gosudarovi i ukrajinskou ml\u00e1de\u017e a d\u011bti ukazuje na obrovsk\u00e9 probl\u00e9my, kter\u00fdm ukrajinsk\u00e1 arm\u00e1da \u010del\u00ed:<\/p>\n<ol>\n<li>Leto\u0161n\u00ed kontingent 3 ro\u010dn\u00edk\u016f, kter\u00e9 letos nov\u011b podl\u00e9haj\u00ed mobilizaci, (jeden v\u011bkem dorostl, dva byly z\u00e1konem povol\u00e1ny), p\u0159edstavuje 300 000 nov\u00fdch du\u0161\u00ed, kter\u00e9 letos mohl Zelenskyj prost\u0159ednictv\u00edm Gosudara poslat na v\u011b\u010dnost. Le\u010d, jak v\u010dera potvrdili jeho vlivn\u00ed stoupenci Tymochko a Kostenko, ro\u010dn\u00ed ob\u011b\u0165 300 000 nov\u00fdch du\u0161\u00ed k zastaven\u00ed Gosudara nesta\u010d\u00ed. A proto\u017ee p\u0159\u00ed\u0161t\u00ed rok bude bez dal\u0161\u00edho sn\u00ed\u017een\u00ed mobiliza\u010dn\u00edho v\u011bku k dispozici jen jeden ro\u010dn\u00edk, a tak nedostate\u010dn\u00fd po\u010det 100 000 du\u0161\u00ed, je t\u0159eba op\u011bt sn\u00ed\u017eit mobiliza\u010dn\u00ed v\u011bk.<\/li>\n<li>Z p\u0159izn\u00e1n\u00ed Tymochka a Kostenka je z\u0159ejm\u00e9, \u017ee Ukrajina pot\u0159ebuje ka\u017ed\u00fd rok nejm\u00e9n\u011b 300 tis\u00edc nov\u00fdch voj\u00e1k\u016f, aby je ob\u011btovala na front\u011b a zpomalila tak rusk\u00fd postup. Tyto voj\u00e1ky je v\u0161ak t\u0159eba z\u00edskat z dosud nemobilizovan\u00fdch ro\u010dn\u00edk\u016f. Ukrajina tak mus\u00ed ka\u017ed\u00fd rok o dva ro\u010dn\u00edky sn\u00ed\u017eit mobiliza\u010dn\u00ed v\u011bk. P\u0159\u00ed\u0161t\u00ed rok mus\u00ed p\u0159ij\u00edt na \u0159adu ro\u010dn\u00edky v\u011bku 24 a 23. V roce 2026 ro\u010dn\u00edky v\u011bku 22 a 21. A v roce 2027 ro\u010dn\u00edky v\u011bku 20 a 19. Pak ov\u0161em u\u017e nebude, kde br\u00e1t, a lze se jen za\u010d\u00edt opi\u010dit po p\u0159edchoz\u00edm v\u016fdci, kter\u00fd se opov\u00e1\u017eil vtrhnout do Ruska.<\/li>\n<\/ol>\n<div id=\"attachment_13779\" class=\"wp-caption aligncenter\" style=\"width: 848px;\"><img decoding=\"async\" loading=\"lazy\" class=\" wp-image-13779\" src=\"https:\/\/www.michalapetr.com\/wp-content\/uploads\/2024\/10\/der_fucc88hrer_gratuliert_im_hof_der_reichskanzlei_ende_macc88rz_1945_dem_12jacc88hrigen_hitlerjungen_alfred_czech_links_neben_alfred_ist_wilhelm_hucc88bner_einer_der_helden_von_lauban-1440x1026-1.jpg\" sizes=\"(max-width: 1440px) 100vw, 1440px\" srcset=\"https:\/\/www.michalapetr.com\/wp-content\/uploads\/2024\/10\/der_fucc88hrer_gratuliert_im_hof_der_reichskanzlei_ende_macc88rz_1945_dem_12jacc88hrigen_hitlerjungen_alfred_czech_links_neben_alfred_ist_wilhelm_hucc88bner_einer_der_helden_von_lauban-1440x1026-1.jpg 1440w, https:\/\/www.michalapetr.com\/wp-content\/uploads\/2024\/10\/der_fucc88hrer_gratuliert_im_hof_der_reichskanzlei_ende_macc88rz_1945_dem_12jacc88hrigen_hitlerjungen_alfred_czech_links_neben_alfred_ist_wilhelm_hucc88bner_einer_der_helden_von_lauban-1440x1026-1-300x214.jpg 300w, https:\/\/www.michalapetr.com\/wp-content\/uploads\/2024\/10\/der_fucc88hrer_gratuliert_im_hof_der_reichskanzlei_ende_macc88rz_1945_dem_12jacc88hrigen_hitlerjungen_alfred_czech_links_neben_alfred_ist_wilhelm_hucc88bner_einer_der_helden_von_lauban-1440x1026-1-1030x734.jpg 1030w, https:\/\/www.michalapetr.com\/wp-content\/uploads\/2024\/10\/der_fucc88hrer_gratuliert_im_hof_der_reichskanzlei_ende_macc88rz_1945_dem_12jacc88hrigen_hitlerjungen_alfred_czech_links_neben_alfred_ist_wilhelm_hucc88bner_einer_der_helden_von_lauban-1440x1026-1-768x547.jpg 768w, https:\/\/www.michalapetr.com\/wp-content\/uploads\/2024\/10\/der_fucc88hrer_gratuliert_im_hof_der_reichskanzlei_ende_macc88rz_1945_dem_12jacc88hrigen_hitlerjungen_alfred_czech_links_neben_alfred_ist_wilhelm_hucc88bner_einer_der_helden_von_lauban-1440x1026-1-260x185.jpg 260w, https:\/\/www.michalapetr.com\/wp-content\/uploads\/2024\/10\/der_fucc88hrer_gratuliert_im_hof_der_reichskanzlei_ende_macc88rz_1945_dem_12jacc88hrigen_hitlerjungen_alfred_czech_links_neben_alfred_ist_wilhelm_hucc88bner_einer_der_helden_von_lauban-1440x1026-1-705x502.jpg 705w, https:\/\/www.michalapetr.com\/wp-content\/uploads\/2024\/10\/der_fucc88hrer_gratuliert_im_hof_der_reichskanzlei_ende_macc88rz_1945_dem_12jacc88hrigen_hitlerjungen_alfred_czech_links_neben_alfred_ist_wilhelm_hucc88bner_einer_der_helden_von_lauban-1440x1026-1-450x321.jpg 450w\" alt=\"\" width=\"848\" height=\"604\" aria-describedby=\"caption-attachment-13779\" \/><\/p>\n<p id=\"caption-attachment-13779\" class=\"wp-caption-text\">Hitler v dubnu 1945 dekoruje \u017delezn\u00fdmi k\u0159\u00ed\u017ei posledn\u00ed obr\u00e1nce Berl\u00edna. Vlivn\u00ed Ukrajin\u0161t\u00ed politici v\u010dera p\u0159iznali, \u017ee diskutuj\u00ed o sn\u00ed\u017een\u00ed mobiliza\u010dn\u00edho v\u011bku na 14, respektive 16 let. Podobnost \u017eivotn\u00edch osud\u016f Hitlera a Zelensk\u00e9ho tak mo\u017en\u00e1 nabere vskutku tristn\u00ed shody.<\/p>\n<\/div>\n<p>Ukrajinsk\u00e1 mu\u017esk\u00e1 populace ve v\u011bku 15 a\u017e 25 let nyn\u00ed p\u0159edstavuje cca 1 728 000 mu\u017e\u016f. Jak\u00e1koli v\u011bt\u0161\u00ed redukce tohoto po\u010dtu bude pro budouc\u00ed v\u00fdvoj Ukrajiny smrteln\u00e1, proto\u017ee dal\u0161\u00ed ro\u010dn\u00edky jsou je\u0161t\u011b mnohem m\u00e9n\u011b popula\u010dn\u011b siln\u00e9, od zah\u00e1jen\u00ed v\u00e1lky ani polovi\u010dn\u00ed. (Viz graf.)\u00a0 Pomineme-li socioekonomick\u00e9 d\u016fsledky povol\u00e1n\u00ed t\u011bchto mu\u017e\u016f do v\u00e1lky, je jist\u00e9, \u017ee redukce jejich po\u010dt\u016f na rusk\u00e9m v\u00e1l\u010di\u0161ti bude hr\u00e1t do karet hlavn\u011b Putinovi. Jakmile Ukrajina \u010d\u00e1st t\u011bchto mu\u017e\u016f ztrat\u00ed, (smrt na boji\u0161ti, invalidita, \u00fat\u011bk do zahrani\u010d\u00ed), dojde k dal\u0161\u00ed zna\u010dn\u00e9 redukci porodnosti, a t\u00edm k neschopnosti vytvo\u0159it n\u011bjakou p\u0159\u00ed\u0161t\u00ed novou ukrajinskou arm\u00e1du. Ukrajina se tak stane st\u00e1tem s velmi malou a velmi starou populac\u00ed, a p\u0159estane m\u00edt schopnost ohro\u017eovat Rusko. Putinova strategie, kterou jsme analyzovali u\u017e p\u0159ed rokem, spo\u010d\u00edv\u00e1 v p\u0159ednostn\u00ed likvidaci co nejvy\u0161\u0161\u00edho po\u010dtu Ukrajinc\u016f na relativn\u011b statick\u00e9 front\u011b, sp\u00ed\u0161e ne\u017e v obsazov\u00e1n\u00ed \u00fazem\u00ed, a podle v\u010derej\u0161\u00edho vyj\u00e1d\u0159en\u00ed vlivn\u00fdch Zelensk\u00e9ho stoupenc\u016f Tymochka a Kostenka nese sv\u00e9 plody. Putin se ned\u00e1vno lakonicky vyj\u00e1d\u0159il k mo\u017en\u00e9mu m\u00edru na Ukrajin\u011b slovy, \u017ee nev\u00ed, kdy v\u00e1lka skon\u010d\u00ed. Jeho c\u00edlem je srazit Ukrajinu tak hluboko, aby p\u0159estala pro Rusko p\u0159edstavovat hrozbu. A jedna z nejjist\u011bj\u0161\u00edch cest, jak tohoto c\u00edle dos\u00e1hnout, je na v\u00e1l\u010di\u0161ti maxim\u00e1ln\u00edm mo\u017en\u00fdm zp\u016fsobem redukovat ukrajinskou mu\u017eskou populaci. Po v\u010derej\u0161ku se zd\u00e1 b\u00fdt jist\u00e9, \u017ee \u010d\u00e1st vlivn\u00fdch Zelensk\u00e9ho stoupenc\u016f je rozhodnuta, Putinovi dosa\u017een\u00ed jeho c\u00edl\u016f v maxim\u00e1ln\u00ed mo\u017en\u00e9 m\u00ed\u0159e usnadnit. Snad nejnebezpe\u010dn\u011bj\u0161\u00ed ze v\u0161eho jsou n\u00e1pady, n\u011bkter\u00fdch ukrajinsk\u00fdch politik\u016f, \u017ee o\u00a0<a href=\"https:\/\/www.unian.ua\/society\/znizhennya-mobilizaciynogo-viku-do-21-roku-u-zsu-zrobili-zayavu-12797235.html\">v\u011bku mobilizovan\u00fdch voj\u00e1k\u016f by nap\u0159\u00ed\u0161t\u011b nem\u011bly rozhodovat z\u00e1kony, ale jen vojen\u0161t\u00ed gener\u00e1lov\u00e9<\/a>.<\/p>\n<h3>(2) Ukrajina ani Z\u00e1pad nejsou absolutn\u011b schopny vyr\u00e1b\u011bt drony, p\u0159iznali tamn\u00ed experti.<\/h3>\n<p>V\u00e1lka se u\u017e t\u00e1hne t\u0159et\u00edm rokem, a cel\u00fd kolektivn\u00ed Z\u00e1pad nebyl za celou tu dobu schopen vybudovat ucelen\u00fd v\u00fdrobn\u00ed \u0159et\u011bzec na v\u00fdrobu v\u00e1le\u010dn\u00fdch dron\u016f. Ba co v\u00edc,\u00a0<a href=\"https:\/\/www.unian.ua\/weapons\/nayvazhche-u-pitanni-obhodu-kitayskih-dronovih-obmezhen-proyti-ukrajinsku-mitnicyu-rozrobnik-bpla-andriy-lipoviy-12797007.html\">podle jednoho z nejv\u011bt\u0161\u00edch ukrajinsk\u00fdch expert\u016f na v\u00fdrobu v\u00e1le\u010dn\u00fdch dron\u016f Andreje Lipovy<\/a>, (\u0410\u043d\u0434\u0440\u0456\u0439 \u041b\u0438\u043f\u043e\u0432\u0438\u0439), je v\u00fdroba na Ukrajin\u011b nejroz\u0161\u00ed\u0159en\u011bj\u0161\u00edho \u010d\u00ednsk\u00e9ho vojensk\u00e9ho dronu Mavic, nebo jeho ukrajinsk\u00e9 kopie, naprost\u00fd ekonomick\u00fd nesmysl. Lipovy v\u010dera p\u0159iznal, \u017ee na Ukrajin\u011b vyroben\u00fd Mavic, kter\u00e9ho se pou\u017e\u00edvaj\u00ed desetitis\u00edce, by st\u00e1l nejm\u00e9n\u011b 2 kr\u00e1t v\u00edce, ne\u017e je jeho \u010d\u00ednsk\u00e1 po\u0159izovac\u00ed cena. Nejhor\u0161\u00ed podle Lipov\u00e9ho v\u0161ak je, \u017ee i kdyby se na Ukrajin\u011b rozjela masivn\u00ed v\u00fdroba dron\u016f, jak je b\u011b\u017en\u00e9 v \u010c\u00edn\u011b, st\u00e1le je nebude mo\u017en\u00e9 bez \u010d\u00ednsk\u00fdch komponent\u016f vyr\u00e1b\u011bt, proto\u017ee t\u0159eba cel\u00e1 komunika\u010dn\u00ed sada pro spojen\u00ed dronu a jeho oper\u00e1tora, bez kter\u00e9 jsou drony k ni\u010demu, se vyr\u00e1b\u00ed v dostate\u010dn\u00e9 kvalit\u011b a kvantit\u011b pouze v \u010c\u00edn\u011b, a nikdo na cel\u00e9m kolektivn\u00edm Z\u00e1pad\u011b nebyl tuto schopen tuto komunika\u010dn\u00ed sadu za\u010d\u00edt masov\u011b vyr\u00e1b\u011bt!! Podle experta Lipov\u00e9ho cena komunika\u010dn\u00ed sady dronu a oper\u00e1tora p\u0159edstavuje 30% jeho celkov\u00e9 ceny, a dokud nikdo na Z\u00e1pad\u011b, stejn\u011b jako \u010c\u00ed\u0148an\u00e9 neinvestuje obrovsk\u00e9 prost\u0159edky do v\u00fdrobn\u00edho \u0159et\u011bzce produkuj\u00edc\u00edho komunika\u010dn\u00ed sady pro vojensk\u00e9 drony, nebude se mo\u017en\u00e9 z\u00e1vislosti na \u010c\u00edn\u011b nijak zbavit.<\/p>\n<p>Z p\u0159izn\u00e1n\u00ed experta Lipovy,\u00a0<a href=\"https:\/\/uatv.ua\/uk\/najposhyrenishi-drony-na-skladnyh-napryamkah-frontu-zhyvut-ne-bilshe-yak-tyzhden-komandyr-bataljonu-bezpilotnyh-aviakompleksiv-ahilles\/\">v kombinaci s p\u0159izn\u00e1n\u00edm dal\u0161\u00edho ukrajinsk\u00e9ho experta<\/a>, velitele praporu \u00fadern\u00fdch dron\u016f Ukrajiny \u201cAchiles\u201d Jurije Fedorenka, nav\u00edc vypl\u00fdv\u00e1, \u017ee rusk\u00fd REB obecn\u011b ni\u010d\u00ed v\u00edce \u201c\u010d\u00ednsk\u00fdch\u201d dron\u016f v Ukrajinsk\u00fdch slu\u017eb\u00e1ch, ne\u017e je tomu naopak. A tud\u00ed\u017e tedy, Rusov\u00e9 nejsp\u00ed\u0161e od \u010c\u00ed\u0148an\u016f dost\u00e1vaj\u00ed p\u0159esn\u00e9 \u00fadaje o technologick\u00fdch mo\u017enostech komunika\u010dn\u00edch sad dron\u016f nakupovan\u00fdch Ukrajinci v \u010c\u00edn\u011b, a dok\u00e1\u017e\u00ed je tak l\u00e9pe likvidovat. Ukrajinsk\u00fd dron, kter\u00fd nen\u00ed ur\u010den k prov\u00e1d\u011bn\u00ed sebevra\u017eedn\u00fdch \u00fader\u016f m\u00e1 podle experta Fedorenka zna\u010dn\u011b krat\u0161\u00ed \u017eivotnost, necel\u00fd t\u00fdden, ne\u017e jeho rusk\u00fd prot\u011bj\u0161ek. Expert Lipovy potvrdil, \u017ee Rusov\u00e9 se soust\u0159e\u010fuj\u00ed na masovou unifikovanou produkci modifikovan\u00fdch dron\u016f sestaven\u00fdch z velk\u00e9 \u010d\u00e1sti z \u010d\u00ednsk\u00fdch sou\u010d\u00e1stek, kter\u00e9 jsou dostate\u010dn\u011b kvalitn\u00ed, kde\u017eto ukrajinsk\u00e1 i cel\u00e1 z\u00e1padn\u00ed produkce je rozt\u0159\u00ed\u0161t\u011bn\u00e1 mezi \u0159adu dodavatel\u016f, tak\u017ee v\u00fdsledkem je doslova \u201cZoopark\u201d r\u016fzn\u00fdch typ\u016f dron\u016f, a r\u016fzn\u00fdch nav\u00e1d\u011bc\u00edch sad k jejich obsluze, kter\u00fd klade zna\u010dn\u00e9 n\u00e1roky na velikost logistiky i v\u00fdcvik oper\u00e1tor\u016f ukrajinsk\u00fdch bojov\u00fdch brig\u00e1d.<\/p>\n<p>Rusk\u00e1 s\u00e1zka na unifikaci spojen\u00e1 v posledn\u00ed dob\u011b s unik\u00e1tn\u00ed komunika\u010dn\u00ed sadou po optick\u00fdch kabelech, kter\u00e1 znemo\u017e\u0148uje ru\u0161en\u00ed komunikace rusk\u00e9ho dronu s jeho oper\u00e1torem, tak slav\u00ed \u00fasp\u011bch. Z p\u0159izn\u00e1n\u00ed experta Lipovy je z\u0159ejm\u00e9, \u017ee Rusko dok\u00e1\u017ee na rozd\u00edl od Ukrajiny a cel\u00e9ho Z\u00e1padu vyr\u00e1b\u011bt drony v masivn\u00edch s\u00e9ri\u00edch, a je\u0161t\u011b vyvinulo jejich neru\u0161itelnou komunikaci. Podobn\u011b jako ve v\u00fdrob\u011b mobil\u016f a dal\u0161\u00ed elektroniky, aut a elektromobil\u016f, i oblasti dron\u016f \u010c\u00edna ovl\u00e1dla sv\u011bt, a Z\u00e1pad p\u0159es neust\u00e1l\u00e9 kecy jeho \u00fa\u0159aduj\u00edc\u00edch politik\u016f odm\u00edt\u00e1 pochopit, \u017ee jedin\u011b obrovsk\u00e9 investice do pokro\u010dil\u00fdch technologi\u00ed a do masivn\u00ed produkce technologicky \u0161pi\u010dkov\u00fdch produkt\u016f jsou z\u00e1chranou evropsk\u00e9 prosperity. Cel\u00e1 neschopnost Fialova kabinetu i v\u0161ech jeho patol\u00edzal\u016f se op\u011bt kr\u00e1sn\u011b odhalila v nejnov\u011bj\u0161\u00ed z\u00e1vislosti na \u010c\u00edn\u011b. Bez jej\u00edch produkt\u016f \u2013 dron\u016f \u2013 by u\u017e bylo po ukrajinsk\u00e9 arm\u00e1d\u011b! Komick\u00e9, p\u0159i v\u0161ech vyhl\u00e1\u0161en\u00edch Lipavsk\u00e9ho, P\u00e1vka a Fialy, jak se \u010c\u00edn\u011b srdnat\u011b postav\u00ed, \u017ee?<\/p>\n<p><a href=\"https:\/\/www.michalapetr.com\/map-2122-ukrajinsti-experti-vcera-priznali-ze-cely-zapad-neni-schopen-bez-modernich-cinskych-komunikacnich-sad-produkovat-drony-zapadni-drony-jsou-pry-navic-nekolikrat-predrazene-co-na-to-fiala-a-c\/\">Michael Svato\u0161<\/a><\/p>\n<p><img decoding=\"async\" loading=\"lazy\" class=\"alignnone size-full wp-image-27204\" src=\"http:\/\/www.infokuryr.cz\/n\/wp-content\/uploads\/2023\/05\/Michael_Svatos.png\" alt=\"\" width=\"180\" height=\"180\" srcset=\"https:\/\/www.infokuryr.cz\/n\/wp-content\/uploads\/2023\/05\/Michael_Svatos.png 180w, https:\/\/www.infokuryr.cz\/n\/wp-content\/uploads\/2023\/05\/Michael_Svatos-150x150.png 150w\" sizes=\"(max-width: 180px) 100vw, 180px\" \/><\/p>\n<p>&nbsp;<\/p>\n","protected":false},"excerpt":{"rendered":"<p>Ukrajin\u0161t\u00ed experti v\u010dera p\u0159iznali, \u017ee cel\u00fd Z\u00e1pad nen\u00ed schopen bez modern\u00edch \u010d\u00ednsk\u00fdch komunika\u010dn\u00edch sad produkovat&#8230;<\/p>\n","protected":false},"author":2,"featured_media":29161,"comment_status":"closed","ping_status":"closed","sticky":false,"template":"","format":"standard","meta":[],"categories":[6],"tags":[1042,30,341,2856,26,365],"_links":{"self":[{"href":"https:\/\/www.infokuryr.cz\/n\/wp-json\/wp\/v2\/posts\/64829"}],"collection":[{"href":"https:\/\/www.infokuryr.cz\/n\/wp-json\/wp\/v2\/posts"}],"about":[{"href":"https:\/\/www.infokuryr.cz\/n\/wp-json\/wp\/v2\/types\/post"}],"author":[{"embeddable":true,"href":"https:\/\/www.infokuryr.cz\/n\/wp-json\/wp\/v2\/users\/2"}],"replies":[{"embeddable":true,"href":"https:\/\/www.infokuryr.cz\/n\/wp-json\/wp\/v2\/comments?post=64829"}],"version-history":[{"count":0,"href":"https:\/\/www.infokuryr.cz\/n\/wp-json\/wp\/v2\/posts\/64829\/revisions"}],"wp:featuredmedia":[{"embeddable":true,"href":"https:\/\/www.infokuryr.cz\/n\/wp-json\/wp\/v2\/media\/29161"}],"wp:attachment":[{"href":"https:\/\/www.infokuryr.cz\/n\/wp-json\/wp\/v2\/media?parent=64829"}],"wp:term":[{"taxonomy":"category","embeddable":true,"href":"https:\/\/www.infokuryr.cz\/n\/wp-json\/wp\/v2\/categories?post=64829"},{"taxonomy":"post_tag","embeddable":true,"href":"https:\/\/www.infokuryr.cz\/n\/wp-json\/wp\/v2\/tags?post=64829"}],"curies":[{"name":"wp","href":"https:\/\/api.w.org\/{rel}","templated":true}]}}