{"id":64820,"date":"2024-10-24T00:46:23","date_gmt":"2024-10-23T22:46:23","guid":{"rendered":"https:\/\/www.infokuryr.cz\/n\/?p=64820"},"modified":"2024-10-23T18:22:01","modified_gmt":"2024-10-23T16:22:01","slug":"petr-pokorny-jak-vznika-antiruska-nenavist-vystraseni-umlceni-a-nasledne-okradeni-ceskych-obcanu-na-umele-vyprovokovanou-valku","status":"publish","type":"post","link":"https:\/\/www.infokuryr.cz\/n\/2024\/10\/24\/petr-pokorny-jak-vznika-antiruska-nenavist-vystraseni-umlceni-a-nasledne-okradeni-ceskych-obcanu-na-umele-vyprovokovanou-valku\/","title":{"rendered":"Petr Pokorn\u00fd: Jak vznik\u00e1 antirusk\u00e1 nen\u00e1vist, vystra\u0161en\u00ed, uml\u010den\u00ed a n\u00e1sledn\u00e9 okraden\u00ed \u010desk\u00fdch ob\u010dan\u016f na um\u011ble vyprovokovanou v\u00e1lku"},"content":{"rendered":"<div id=\"fb-root\"><\/div>\n<div class=\"introtext\">\n<p><span style=\"font-size: 14pt;\"><strong>Je to st\u00e1le stejn\u00e9: am\u00e1da USA u Tchajwanu, arm\u00e1da USA u ji\u017en\u00ed Koreje, arm\u00e1da USA na Ukrajin\u011b, arm\u00e1da USA v Polsku, arm\u00e1da USA v N\u011bmecku, arm\u00e1da USA v Kosovu, arm\u00e1da USA v Japonsku, arm\u00e1da USA v pobalt\u00ed, a v\u017edy u ka\u017ed\u00e9ho masakru a bombardov\u00e1n\u00ed jsou USA. A u toho \u0159vou: to Putin, to Rusko&#8230;<\/strong><\/span><\/p>\n<\/div>\n<div class=\"fulltext\">\n<p>V\u017edy se to naz\u00fdv\u00e1 cvi\u010den\u00ed a v\u017edy pak padaj\u00ed miliardy dolar\u016f do americk\u00e9 bezedn\u00e9 d\u00edry na zbrojen\u00ed.<\/p>\n<p>Dal\u0161\u00ed provokace N\u011bmecka a USA.<\/p>\n<p><span style=\"font-size: 18pt;\"><strong>\u010cerven 2024<\/strong>:\u00a0NATO st\u0159\u00edl\u00ed v Baltu kolem Moskvy a\u00a0<strong>drz\u00fd\u00a0Putin si to nenech\u00e1 l\u00edbit<\/strong>!<\/span><\/p>\n<p><strong>Ale o tom masm\u00e9dia a<\/strong>\u00a0probruselsk\u00e1 m\u00e9dia ml\u010d\u00ed. Dal\u0161\u00ed provokace Us\u00e1k\u016f a N\u011bmc\u016f (b\u00fdval\u00fd st\u00e1t nacist\u016f Adolfa Hitlera) se nyn\u00ed kas\u00e1 v Baltsk\u00e9m mo\u0159i. B\u00fdval\u00fd nacistick\u00fd st\u00e1t N\u011bmecko inicioval p\u0159ibl\u00ed\u017een\u00ed Moskv\u011b, jako se pokusil Adolf Hitler.<\/p>\n<h3><span style=\"font-size: 18pt;\">Ale o tom se ml\u010d\u00ed.<\/span><\/h3>\n<p>Je jasn\u00e9, \u017ee Rusko a B\u011blorusko na to adekv\u00e1tn\u011b zareaguj\u00ed, kdy\u017e se zase n\u011bmeck\u00e1 arm\u00e1da sune do Moskvy. Co bude n\u00e1sledovat? Nyn\u00ed Rusko d\u00e1v\u00e1 protest na ambas\u00e1du b\u00fdval\u00e9ho nacistick\u00e9ho N\u011bmecka, Je skoro jist\u00e9, \u017ee americk\u00e9 NATO a b\u00fdval\u00e9 nacistick\u00e9 N\u011bmecko se bude sna\u017eit prosadit svou.\u00a0<strong>Rusko tam\u00a0n\u00e1sledn\u011b\u00a0p\u0159esune zbran\u011b, aby odvr\u00e1tilo napaden\u00ed N\u011bmeckem a v ten okam\u017eik sborov\u011b masm\u00e9dia budou \u0159v\u00e1t<\/strong>, \u017ee Rusko ohro\u017euje n\u011bmeckou a americkou arm\u00e1du v Baltsk\u00e9m mo\u0159i.<\/p>\n<p><strong>\u010cesk\u00fd ob\u010dan zapl\u00e1\u010de a po\u0161le dal\u0161\u00ed pen\u00edze \u010cernochov\u00e9 na v\u00e1lku. \u010cernochov\u00e1 vezme na\u0161e pen\u00edze a op\u011bt je po\u0161le do USA.<\/strong>\u00a0P\u0159ece mus\u00edme toho Putina dostat na kolena a \u017ee u\u017e nem\u00e1me ani na l\u00e9ky? To nen\u00ed d\u016fle\u017eit\u00e9, na\u0161i ob\u010dan\u00e9 jsou druh\u00e9 kategorie, hlavn\u011b poslat pen\u00edze americk\u00e9 vojensk\u00e9 ma\u0161in\u00e9rii.<\/p>\n<p><span style=\"font-size: 18pt;\"><strong>D\u016fkaz, kter\u00fd v na\u0161ich masm\u00e9di\u00edch nen\u00ed a takto to op\u011bt za\u010d\u00edn\u00e1:<\/strong><\/span><\/p>\n<p>Rusk\u00e9 ministerstvo zahrani\u010d\u00ed protestovalo proti vytvo\u0159en\u00ed velitelstv\u00ed n\u00e1mo\u0159n\u00edho velitelstv\u00ed NATO v Baltsk\u00e9m mo\u0159i<\/p>\n<table>\n<tbody>\n<tr>\n<td>N\u011bmecko otev\u0159elo mnohon\u00e1rodn\u00ed n\u00e1mo\u0159n\u00ed velitelstv\u00ed v Baltsk\u00e9m mo\u0159i, schopn\u00e9 \u0159\u00eddit operace NATO.<\/p>\n<p class=\"ng-scope\">Rusk\u00e9 ministerstvo zahrani\u010d\u00ed protestovalo u n\u011bmeck\u00e9ho velvyslance v Moskv\u011b Alexandra Grafa Lambsdorffa proti vytvo\u0159en\u00ed n\u011bmeck\u00e9ho velitelstv\u00ed pro n\u00e1mo\u0159n\u00ed velen\u00ed NATO v Baltsk\u00e9m mo\u0159i. Informovalo o tom ministerstvo.<\/p>\n<p class=\"ng-scope\">\u201eN\u011bmeck\u00fd velvyslanec v Moskv\u011b byl p\u0159edvol\u00e1n na rusk\u00e9 ministerstvo zahrani\u010d\u00ed, aby vyj\u00e1d\u0159il d\u016frazn\u00fd protest v souvislosti s vytvo\u0159en\u00edm region\u00e1ln\u00edho velitelstv\u00ed n\u00e1mo\u0159n\u00edho velitelstv\u00ed NATO z iniciativy Berl\u00edna na z\u00e1klad\u011b velitelstv\u00ed n\u011bmeck\u00e9ho n\u00e1mo\u0159nictva v r. V\u00fdchodon\u011bmeck\u00fd Rostock,\u201c stoj\u00ed v prohl\u00e1\u0161en\u00ed rusk\u00e9ho ministerstva zahrani\u010d\u00ed zve\u0159ejn\u011bn\u00e9m v RIA Novosti. Ministerstvo zd\u016fraznilo, \u017ee tento krok n\u011bmeck\u00fdch \u00fa\u0159ad\u016f nav\u00e1zal na pr\u016fb\u011bh zm\u011bny v\u00fdsledk\u016f druh\u00e9 sv\u011btov\u00e9 v\u00e1lky a poru\u0161uje Smlouvu o kone\u010dn\u00e9m vypo\u0159\u00e1d\u00e1n\u00ed v\u016f\u010di N\u011bmecku ze dne 12. z\u00e1\u0159\u00ed 1990, podle n\u00ed\u017e je zak\u00e1z\u00e1no rozmis\u0165ovat jednotky na \u00fazem\u00ed b\u00fdval\u00e9 NDR.<\/p>\n<p class=\"ng-scope\">Rusk\u00e9 ministerstvo zahrani\u010d\u00ed po\u017eadovalo od Berl\u00edna komplexn\u00ed okam\u017eit\u00e9 vysv\u011btlen\u00ed. Zd\u016fraznilo, \u017ee Spojen\u00e9 st\u00e1ty, Belgie a N\u011bmecko mus\u00ed pochopit, \u017ee\u00a0<strong>roz\u0161i\u0159ov\u00e1n\u00ed vojensk\u00e9 infrastruktury NATO bude m\u00edt nejnegativn\u011bj\u0161\u00ed d\u016fsledky a odvetn\u00e1 opat\u0159en\u00ed ze strany Ruska.<\/strong><\/p>\n<\/td>\n<\/tr>\n<\/tbody>\n<\/table>\n<p><span style=\"font-size: 18pt;\"><strong>A a\u017e Rusko ud\u011bl\u00e1 odvetn\u00e1 opat\u0159en\u00ed, bude to prohl\u00e1\u0161eno jako provokace Ruska. Zapamatujte si to.<\/strong><\/span><\/p>\n<p><a href=\"https:\/\/www.skrytapravda.cz\/ze-zahranici\/2179-jak-vznika-antiruska-nenavist-a-nasledne-okradeni-obcanu-na-valku\">Petr Pokorn\u00fd<\/a><\/p>\n<p>&nbsp;<\/p>\n<\/div>\n","protected":false},"excerpt":{"rendered":"<p>Je to st\u00e1le stejn\u00e9: am\u00e1da USA u Tchajwanu, arm\u00e1da USA u ji\u017en\u00ed Koreje, arm\u00e1da USA&#8230;<\/p>\n","protected":false},"author":2,"featured_media":64821,"comment_status":"closed","ping_status":"closed","sticky":false,"template":"","format":"standard","meta":[],"categories":[6],"tags":[1503,39,716,22],"_links":{"self":[{"href":"https:\/\/www.infokuryr.cz\/n\/wp-json\/wp\/v2\/posts\/64820"}],"collection":[{"href":"https:\/\/www.infokuryr.cz\/n\/wp-json\/wp\/v2\/posts"}],"about":[{"href":"https:\/\/www.infokuryr.cz\/n\/wp-json\/wp\/v2\/types\/post"}],"author":[{"embeddable":true,"href":"https:\/\/www.infokuryr.cz\/n\/wp-json\/wp\/v2\/users\/2"}],"replies":[{"embeddable":true,"href":"https:\/\/www.infokuryr.cz\/n\/wp-json\/wp\/v2\/comments?post=64820"}],"version-history":[{"count":1,"href":"https:\/\/www.infokuryr.cz\/n\/wp-json\/wp\/v2\/posts\/64820\/revisions"}],"predecessor-version":[{"id":64822,"href":"https:\/\/www.infokuryr.cz\/n\/wp-json\/wp\/v2\/posts\/64820\/revisions\/64822"}],"wp:featuredmedia":[{"embeddable":true,"href":"https:\/\/www.infokuryr.cz\/n\/wp-json\/wp\/v2\/media\/64821"}],"wp:attachment":[{"href":"https:\/\/www.infokuryr.cz\/n\/wp-json\/wp\/v2\/media?parent=64820"}],"wp:term":[{"taxonomy":"category","embeddable":true,"href":"https:\/\/www.infokuryr.cz\/n\/wp-json\/wp\/v2\/categories?post=64820"},{"taxonomy":"post_tag","embeddable":true,"href":"https:\/\/www.infokuryr.cz\/n\/wp-json\/wp\/v2\/tags?post=64820"}],"curies":[{"name":"wp","href":"https:\/\/api.w.org\/{rel}","templated":true}]}}