{"id":64816,"date":"2024-10-24T00:40:02","date_gmt":"2024-10-23T22:40:02","guid":{"rendered":"https:\/\/www.infokuryr.cz\/n\/?p=64816"},"modified":"2024-10-23T18:12:32","modified_gmt":"2024-10-23T16:12:32","slug":"miroslav-kelnar-slavek-popelka-jako-svedomi-tohoto-naroda","status":"publish","type":"post","link":"https:\/\/www.infokuryr.cz\/n\/2024\/10\/24\/miroslav-kelnar-slavek-popelka-jako-svedomi-tohoto-naroda\/","title":{"rendered":"Miroslav Kelnar: Sl\u00e1vek Popelka jako sv\u011bdom\u00ed tohoto n\u00e1roda"},"content":{"rendered":"<div id=\"fb-root\"><\/div>\n<p align=\"justify\"><strong>Sl\u00e1vka Popelku je dnes mo\u017eno pova\u017eovat za doyena \u010desk\u00e9ho odporu proti nedemokratick\u00fdm vl\u00e1dn\u00edm re\u017eim\u016fm, protestoval za socialismu a sed\u011bl za socialismu, protestoval za Havlototalismu a sed\u00ed za Havlototalismu. Jen se t\u011b\u0161\u00edm, a\u017e se Sl\u00e1vek dostane z v\u011bzen\u00ed a bude odpov\u00eddat na ot\u00e1zku n\u011bjak\u00e9ho redaktora, jak se sed\u011blo \u201epolitick\u00fdm\u201c za socialismu a jak se sed\u00ed \u201epolitick\u00fdm\u201c za \u00e9ry Havlototalismu.<\/strong><\/p>\n<p align=\"justify\">Jen takovou malou ochutn\u00e1vku p\u0159edem, Sl\u00e1vek je vegetari\u00e1n, a jak jsem sly\u0161el od Sl\u00e1vkov\u00fdch p\u0159\u00edbuzn\u00fdch, tak m\u00e1 v\u00a0base probl\u00e9my, aby mu tam serv\u00edrovali vegetari\u00e1nskou stravu. Snad u\u017e nejsou sou\u010d\u00e1st\u00ed trest\u016f ve v\u011bzen\u00ed ty pov\u011bstn\u00e9 \u0160vejkovy kryst\u00fdry, \u201ej\u00f3, tak ty chce\u0161 vegetari\u00e1nskou stravu? Tak 3 x kryst\u00fdr\u201c.<\/p>\n<p align=\"justify\">Ale zp\u011bt k t\u00e9matu. V \u00fater\u00fd 15. 10. 2024 se uskute\u010dnil dal\u0161\u00ed ze s\u00e9rie soudu se Sl\u00e1vkem Popelkou na Obvodn\u00edm soudu pro Prahu 1, kde soud osobou soudkyn\u011b JUDr. Evy \u0160v\u00edglerov\u00e9 jednal o trestn\u00e9m \u010dinu, kter\u00e9ho se m\u011bl Sl\u00e1vek dopustit t\u00edm, \u017ee volal p\u0159ed N\u00e1rodn\u00edm muzeem \u201epoj\u010fte v\u0161ichni do Muzea\u201c. T\u00edmto slovn\u00edm vyj\u00e1d\u0159en\u00ed m\u011bl Sl\u00e1vek \u00fadajn\u011b vyz\u00fdval ke sp\u00e1ch\u00e1n\u00ed trestn\u00e9ho \u010dinu, proto\u017ee \u00fadajn\u011b musel v\u011bd\u011bt, \u017ee se do Muzea jinak ne\u017e n\u00e1sil\u00edm nedostane.<\/p>\n<p align=\"justify\">\u017de se jeho vol\u00e1n\u00ed k davu p\u0159ed Muzeem minulo \u00fa\u010dinkem, proto\u017ee vchod do Muzea byl v t\u00e9 dob\u011b ji\u017e neprody\u0161n\u011b ucp\u00e1n ozbrojen\u00fdmi t\u011b\u017ekood\u011bnci, tak\u017ee k \u017e\u00e1dn\u00e9mu pokusu o vstup do Muzea vlastn\u011b ani nedo\u0161lo, to ji\u017e bylo pro soudkyni \u0160v\u00edglerovou nepodstatn\u00e9. Soudcovsk\u00e1 logika zn\u00ed, vyz\u00fdval Sl\u00e1vek k trestn\u00e9mu \u010dinu vstupu do Muzea? Vyz\u00fdval. \u017de nikdo do Muzea nevstoupil a nedo\u0161lo ani k rozbit\u00ed jedin\u00e9ho okna na tomto Muzeu? To ji\u017e nen\u00ed d\u016fle\u017eit\u00e9.<\/p>\n<p align=\"justify\">Dodal bych tak\u00e9, \u017ee nedo\u0161lo u nikoho ani k\u00a0ubl\u00ed\u017een\u00ed na zdrav\u00ed, ale ono do\u0161lo, ale na opa\u010dn\u00e9 stran\u011b barik\u00e1dy, kdy\u00a0<strong>t\u0159i policist\u00e9 naprosto bezd\u016fvodn\u011b ml\u00e1tili p\u011bstmi do pana Ko\u010d\u00edho.<\/strong>\u00a0Tak\u017ee zran\u011bn\u00fdm byl pan Ko\u010d\u00ed, ale ne vstupem do Muzea, ale policejn\u00ed brutalitou.<\/p>\n<p align=\"justify\">J\u00e1 nyn\u00ed uva\u017euji, \u017ee bych tak\u00e9 podal trestn\u00ed ozn\u00e1men\u00ed na ten sam\u00fd trestn\u00fd \u010din: vyz\u00fdv\u00e1n\u00ed ke sp\u00e1ch\u00e1n\u00ed trestn\u00e9ho \u010dinu. Na videu z t\u00e9to ud\u00e1losti z t\u00e9 doby, kter\u00e9 m\u00e1m k disposici, je jasn\u011b vid\u011bt, jak<strong>\u00a0\u0159editel Krajsk\u00e9 policie Mat\u011bj\u010dek vy\u0161el z Muzea a zavolal si t\u0159i t\u011b\u017ekood\u011bnce a uk\u00e1zal jim m\u00fdm sm\u011brem a ti t\u0159i policajti se rozb\u011bhli ke mn\u011b a jeden z nich do m\u011b plnou silou narazil ramenem tak, a\u017e jsem se na zemi rozpl\u00e1cnul na z\u00e1da jako \u017e\u00e1ba.<\/strong>\u00a0Ten \u0159editel Mat\u011bj\u010dek ty t\u0159i policisty ur\u010dit\u011b vyz\u00fdval ke sp\u00e1ch\u00e1n\u00ed trestn\u00e9ho \u010dinu, a to je k nevyprovokovan\u00e9mu \u00fatoku na mou t\u011blesnou schr\u00e1nku, kde jen \u0161t\u011bst\u00edm nedo\u0161lo k m\u00e9mu zran\u011bn\u00ed. A tu m\u00e1\u0161 \u010derte Mat\u011bj\u010dku krop\u00e1\u010d.<\/p>\n<p align=\"justify\">J\u00e1 m\u00e1m p\u0159ipravenu je\u0161t\u011b jednu kuli\u0161\u00e1rnu, a to, p\u016fjdu v dohledn\u00e9 dob\u011b ke dve\u0159\u00edm N\u00e1rodn\u00edho muzea s megafonem a budu \u0159v\u00e1t do megafonu \u201cPoj\u010fte v\u0161ichni do Muzea\u201c a nech\u00e1m se p\u0159itom nato\u010dit na mobil a po\u0161lu tento z\u00e1znam na st\u00e1tn\u00ed z\u00e1stupkyni Kandovou, kter\u00e1 je \u017ealobkyn\u00ed v kauze Sl\u00e1vka Popelky. A k vysv\u011btlen\u00ed m\u00e9ho videa ji nap\u00ed\u0161i: \u201ePoslouchej, d\u011bv\u010de, j\u00e1 se tady dopustil toho sam\u00e9ho co Sl\u00e1vek Popelka, j\u00e1 tu vyz\u00fdv\u00e1m ke sp\u00e1ch\u00e1n\u00ed trestn\u00e9ho \u010dinu, vol\u00e1m p\u0159esn\u011b to sam\u00e9, co tenkr\u00e1t volal Sl\u00e1vek Popelka p\u0159ed N\u00e1rodn\u00edm muzeem, a za to on dnes sed\u00ed. J\u00e1 p\u0159ece tak\u00e9 vyz\u00fdv\u00e1m ob\u010dany ke vstupu do Muzea, ale nevyz\u00fdv\u00e1m je k tomu, aby si zakoupili vstupenku a jinak se p\u0159ece do Muzea nemohou dostat bez vstupenky, jen n\u00e1sil\u00edm. Tak\u017ee d\u011bv\u010de, konej, na tomto tv\u00e9m kon\u00e1n\u00ed toti\u017e stoj\u00ed cel\u00e9 to va\u0161e posthavlistick\u00e9 prolhan\u00e9 mocn\u00e1\u0159stv\u00ed, \u017ee soud\u00edte lid\u00ed za n\u011bco, co nesp\u00e1chali.\u201c<\/p>\n<p align=\"justify\">Ten soud m\u011bl v\u016fbec zvl\u00e1\u0161tn\u00ed pr\u016fb\u011bh, se\u0161lo se n\u00e1s tam 9 Sl\u00e1vkov\u00fdch p\u0159\u00edznivc\u016f p\u0159ede dve\u0159mi soudn\u00ed m\u00edstnosti a v\u0161ichni jsme o\u010dek\u00e1vali, \u017ee p\u0159ivedou Sl\u00e1vka v\u00a0ch\u0159est\u00edc\u00edch \u0159et\u011bzech na nohou i na rukou, ale ono to bylo za\u0159\u00edzeno modern\u011bji. Rozmluva se odehr\u00e1vala p\u0159es telemost ze soudn\u00ed m\u00edstnosti z\u00a0Prahy 1 do v\u011bznice v\u00a0B\u0159eclavi, kde Sl\u00e1vek pyk\u00e1 za to svoje \u201ePoj\u010fte v\u0161ichni do Muzea\u201c. Ale bylo zaj\u00edmav\u00e9, \u017ee u tohoto soudn\u00edho \u0159\u00edzen\u00ed nebyl \u017e\u00e1dn\u00fd Urv\u00e1lek, jeho m\u00edsto zelo pr\u00e1zdnotou. Tak\u017ee rozsudek ji\u017e byl p\u0159ipraven p\u0159edem, jak b\u00fdv\u00e1 v\u00a0na\u0161ich kraj\u00edch zvykem.<\/p>\n<p align=\"justify\">A v\u00edte, co bylo na tom soudn\u00edm procesu to nejzaj\u00edmav\u011bj\u0161\u00ed? No to, co \u0159ekl Sl\u00e1vek soudkyni, a o to se s\u00a0v\u00e1mi chci pod\u011blit.<\/p>\n<p align=\"justify\">\u0158ekl ji, \u017ee\u00a0<b>v\u011b\u0159\u00ed<\/b>,\u00a0<b>\u017ee se tato situace zm\u011bn\u00ed, a \u017ee on bude na svobod\u011b a pan Fiala, pan\u00ed \u010cernochov\u00e1, pan Lipavsk\u00fd a dal\u0161\u00ed budou tady na jeho m\u00edst\u011b.<\/b><\/p>\n<p align=\"justify\"><a href=\"https:\/\/www.youtube.com\/watch?v=KYeiPlAyUWY\" target=\"_blank\" rel=\"noopener\">Zde si ta slova Sl\u00e1vka m\u016f\u017eete poslechnout in natura.<\/a><\/p>\n<p align=\"justify\">Nen\u00ed ten Sl\u00e1vek hrdina? \u0158ekl to zcela spr\u00e1vn\u011b, jen si \u010dlov\u011bk m\u016f\u017ee p\u0159\u00e1t, aby se to jeho proroctv\u00ed naplnilo co nejd\u0159\u00edve. To ji\u017e nen\u00ed bohu\u017eel na tom videu vid\u011bt, jak pan\u00ed soudkyn\u011b ode\u0161la ze soudn\u00ed s\u00edn\u011b spokojena se svou prac\u00ed. No bodej\u0165, v\u017edy\u0165 jim tato vl\u00e1da ned\u00e1vno p\u0159idala na platech.<\/p>\n<p align=\"justify\"><strong>Sl\u00e1vkovi zat\u00edm napo\u010d\u00edtali r\u016fzn\u00ed soudci rok natvrdo.<\/strong>\u00a0Ten posledn\u00ed trest, kdy mu soudkyn\u011b \u0160v\u00edglerov\u00e1 zm\u011bnila ty 4 m\u011bs\u00edce podm\u00edne\u010dn\u011b na 4 m\u011bs\u00edce nepodm\u00edne\u010dn\u011b, je\u0161t\u011b nenabyl pr\u00e1vn\u00ed moci, pon\u011bvad\u017e se Sl\u00e1vek na m\u00edst\u011b odvolal. Tak\u017ee celkov\u011b m\u00e1 Sl\u00e1vek nas\u010d\u00edt\u00e1no rok natvrdo, a on je zrovna rok do p\u0159\u00ed\u0161t\u00edch voleb. Napad\u00e1 m\u011b jedna my\u0161lenka, \u017ee bychom za ten rok odnesli Sl\u00e1vka na ramenou z basy p\u0159\u00edmo do Strakovy akademie na post p\u0159edsedu vl\u00e1dy, a p\u0159etnuli takto 36 let trvaj\u00edc\u00ed \u00e9ru havlototalismu? V\u017edy\u0165 cel\u00e1 ta b\u00edda t\u00e9to spole\u010dnosti za\u010dala pr\u00e1v\u011b t\u00edm \u201eHavel na Hrad\u201c. Co tak, v\u00e1\u017een\u00ed, oto\u010dit kolem d\u011bjin s heslem \u201eSl\u00e1vek na Hrad?\u201c<\/p>\n<p align=\"justify\">T\u00edmto se dost\u00e1v\u00e1m k\u00a0z\u00e1v\u011bru sv\u00fdch my\u0161lenkov\u00fdch pochod\u016f a chci vyu\u017e\u00edt tohoto prostoru, abych apeloval na lid prost\u00fd, aby se\u00a0pod\u00edval do zrcadla a zpytoval svoje sv\u011bdom\u00ed.\u00a0<strong>Ka\u017ed\u00fd by si m\u011bl \u0159\u00edci, v\u017edy\u0165 ten Sl\u00e1vek se nechal zav\u0159\u00edt pro dobro tohoto n\u00e1roda, aby v\u00a0n\u011bm vybudil akci odporu proti t\u00e9to lumpenvl\u00e1d\u011b, a co jsem pro sv\u011btlou budoucnost t\u00e9to zem\u011b a pro dobro sv\u00fdch potomk\u016f zde v\u00a0t\u00e9to zemi ud\u011blal j\u00e1?<\/strong>\u00a0Nemohu p\u0159ece ve sv\u011btle Sl\u00e1vkova hrdinstv\u00ed jen tak nad\u00e1le ml\u010det a nechat vl\u00e1dnout tuto zlot\u0159ilou partu Fialov\u00fdch vl\u00e1dn\u00edch vy\u017e\u00edrek. Spolek, kter\u00fd ve jm\u00e9nu ochrany Havlismu v\u00a0t\u00e9to zemi zav\u00edr\u00e1<b>\u00a0<\/b>ob\u010dany t\u00e9to zem\u011b za jejich n\u00e1zory, k\u00a0tomu bezp\u0159\u00edkladn\u011b zadlu\u017euje tuto zemi a k\u00a0tomu k\u00e1l\u00ed v\u0161em ob\u010dan\u016fm t\u00e9to zem\u011b na hlavu s\u00a0tzv. ozdravn\u00fdmi bali\u010dky, jej\u00edch\u017e zaveden\u00ed od\u016fvod\u0148uje vl\u00e1da v\u0161\u00edm mo\u017en\u00fdm, jen ne svoj\u00ed neschopnost\u00ed \u0159\u00eddit tuto zemi.<\/p>\n<p align=\"justify\">Ka\u017ed\u00fd v\u00a0t\u00e9to zem\u00ed p\u0159ece v\u00ed, \u017ee tyto na\u0161e pen\u00edze te\u010dou potokem na Ukrajinu, a ot\u00e1zku, kterou by si m\u011bl ka\u017ed\u00fd s\u00e1m sob\u011b polo\u017eit, je, a co pro to d\u011bl\u00e1m j\u00e1, aby se tyto toky na\u0161ich pen\u011b\u017e na Ukrajinu zastavily?<\/p>\n<p align=\"justify\">V\u0161echny tyto rozsudky proti Sl\u00e1vkovi je mo\u017eno pova\u017eovat za skand\u00e1ln\u00ed, a kdyby ne\u0161lo o ukrajinskou vlajku, tak by se tomuto: \u201ePoj\u010fte v\u0161ichni do Muzea\u201c, ka\u017ed\u00fd vysm\u00e1l. Zcela z\u0159ejm\u011b tu \u0161lo jen o demonstrativn\u00ed potrest\u00e1n\u00ed jedince, aby se ti ostatn\u00ed za\u010dali b\u00e1t n\u011bco tu \u0159\u00edci proti Ukrajin\u011b. Tak se pt\u00e1m, kdy u\u017e n\u011bco s\u00a0t\u00edmto n\u00e1rodem zat\u0159ese tak, aby se probudil a prok\u00e1zal kus odvahy?<\/p>\n<p align=\"justify\">My jsme po prob\u011bhl\u00e9m soudu post\u00e1li p\u0159ed soudn\u00ed budovou s\u00a0transparentem\u00a0<b>\u201eFIALO, PROPUS\u0164 POLITICK\u00c9 V\u011aZN\u011a\u201c\u00a0<\/b>a s t\u00edmto transparentem jsme tak\u00e9\u00a0<a href=\"https:\/\/narodnidemokracie.cz\/foto-shromazdeni-a-pochod-za-propusteni-politickych-veznu-v-cr-9-10-2024\/\">pochodovali<\/a>\u00a0od sochy Svat\u00e9ho V\u00e1clava dne 9. 10. 2024 na Kl\u00e1rov.<\/p>\n<p align=\"justify\"><strong><em><a href=\"https:\/\/narodnidemokracie.cz\/ing-miroslav-kelnar-slavek-popelka-jako-svedomi-tohoto-naroda\/\">Ing. Miroslav Kelnar<\/a>, \u010dlen N\u00e1rodn\u00ed demokracie<\/em><\/strong><\/p>\n<p align=\"justify\">\n<p align=\"justify\"><img decoding=\"async\" loading=\"lazy\" class=\"entered litespeed-loaded aligncenter\" src=\"https:\/\/narodnidemokracie.cz\/wp-content\/uploads\/2024\/10\/kelnar-2024-10-a.jpg\" alt=\"\" width=\"385\" height=\"800\" data-lazyloaded=\"1\" data-src=\"https:\/\/narodnidemokracie.cz\/wp-content\/uploads\/2024\/10\/kelnar-2024-10-a.jpg\" data-ll-status=\"loaded\" \/><\/p>\n","protected":false},"excerpt":{"rendered":"<p>Sl\u00e1vka Popelku je dnes mo\u017eno pova\u017eovat za doyena \u010desk\u00e9ho odporu proti nedemokratick\u00fdm vl\u00e1dn\u00edm re\u017eim\u016fm, protestoval&#8230;<\/p>\n","protected":false},"author":2,"featured_media":64817,"comment_status":"closed","ping_status":"closed","sticky":false,"template":"","format":"standard","meta":[],"categories":[6],"tags":[76,1503,5205,99],"_links":{"self":[{"href":"https:\/\/www.infokuryr.cz\/n\/wp-json\/wp\/v2\/posts\/64816"}],"collection":[{"href":"https:\/\/www.infokuryr.cz\/n\/wp-json\/wp\/v2\/posts"}],"about":[{"href":"https:\/\/www.infokuryr.cz\/n\/wp-json\/wp\/v2\/types\/post"}],"author":[{"embeddable":true,"href":"https:\/\/www.infokuryr.cz\/n\/wp-json\/wp\/v2\/users\/2"}],"replies":[{"embeddable":true,"href":"https:\/\/www.infokuryr.cz\/n\/wp-json\/wp\/v2\/comments?post=64816"}],"version-history":[{"count":1,"href":"https:\/\/www.infokuryr.cz\/n\/wp-json\/wp\/v2\/posts\/64816\/revisions"}],"predecessor-version":[{"id":64818,"href":"https:\/\/www.infokuryr.cz\/n\/wp-json\/wp\/v2\/posts\/64816\/revisions\/64818"}],"wp:featuredmedia":[{"embeddable":true,"href":"https:\/\/www.infokuryr.cz\/n\/wp-json\/wp\/v2\/media\/64817"}],"wp:attachment":[{"href":"https:\/\/www.infokuryr.cz\/n\/wp-json\/wp\/v2\/media?parent=64816"}],"wp:term":[{"taxonomy":"category","embeddable":true,"href":"https:\/\/www.infokuryr.cz\/n\/wp-json\/wp\/v2\/categories?post=64816"},{"taxonomy":"post_tag","embeddable":true,"href":"https:\/\/www.infokuryr.cz\/n\/wp-json\/wp\/v2\/tags?post=64816"}],"curies":[{"name":"wp","href":"https:\/\/api.w.org\/{rel}","templated":true}]}}