{"id":64815,"date":"2024-10-24T00:37:03","date_gmt":"2024-10-23T22:37:03","guid":{"rendered":"https:\/\/www.infokuryr.cz\/n\/?p=64815"},"modified":"2024-10-23T18:09:23","modified_gmt":"2024-10-23T16:09:23","slug":"univerzalni-recept-na-bytovou-krizi-dovezte-stovky-tisic-imigrantu-a-omezte-vystavbu","status":"publish","type":"post","link":"https:\/\/www.infokuryr.cz\/n\/2024\/10\/24\/univerzalni-recept-na-bytovou-krizi-dovezte-stovky-tisic-imigrantu-a-omezte-vystavbu\/","title":{"rendered":"Univerz\u00e1ln\u00ed recept na bytovou krizi. Dovezte stovky tis\u00edc imigrant\u016f a omezte v\u00fdstavbu"},"content":{"rendered":"<div id=\"fb-root\"><\/div>\n<h1 class=\"entry-title\"><span style=\"font-size: 18pt;\">Tak se likviduj\u00ed b\u00edl\u00e9 n\u00e1rody \u2013 glob\u00e1ln\u00ed liber\u00e1ln\u00ed demokracie v praxi\u2026<\/span><\/h1>\n<p><strong>V\u011bt\u0161inu modern\u00edho (b\u00edl\u00e9ho) sv\u011bta zas\u00e1hla v posledn\u00edch letech ob\u0159\u00ed bytov\u00e1 krize. Ceny bydlen\u00ed drasticky rostou a mo\u017enost po\u0159\u00eddit si vlastn\u00ed bydlen\u00ed pro mlad\u00e9 lidi a rodiny je de facto nemo\u017en\u00e1.\u00a0<\/strong>Nejinak je tomu i v provincii zvan\u00e9 \u010cesko.<strong>\u00a0Ceny byt\u016f a dom\u016f rostou raketou rychlost\u00ed a za\u010d\u00edn\u00e1 to m\u00edt v\u00e1\u017en\u00e9 dopady i na celkovou populaci a st\u00e1tn\u00ed kasu<\/strong>\u00a0(st\u00e1t dopl\u00e1c\u00ed n\u00e1klady na n\u00e1jemn\u00ed bydlen\u00ed velk\u00e9 \u010d\u00e1sti populace, kter\u00e1 \u017eije v n\u00e1jmu).<\/p>\n<p><strong>Jak se takov\u00e1 bytov\u00e1 krize vyvol\u00e1? Recept je velmi jednoduch\u00fd. Dovezte do zem\u011b masy imigrant\u016f bu\u010f p\u0159\u00edmo, nebo je nal\u00e1kejte imigra\u010dn\u00ed politikou a omezte v\u00fdstavbu nov\u00e9ho bydlen\u00ed. Na stejn\u00fd po\u010det byt\u016f bude najednou dvojn\u00e1sobn\u00fd po\u010det z\u00e1jemc\u016f a v\u00fdsledek bude \u201etr\u017en\u00ed\u201c r\u016fst n\u00e1jm\u016f, cen byt\u016f.<\/strong><\/p>\n<p><strong>Sta\u010d\u00ed se pod\u00edvat na Prahu. V t\u00e9 \u017eije nejm\u00e9n\u011b 250 000 Ukrajinc\u016f, 100 000 Vietnamc\u016f a dal\u0161\u00edch Asiat\u016f (\u010c\u00ed\u0148an\u00e9, Filip\u00ednci atd.). 20-30 000 \u010dernoch\u016f, Turk\u016f a Arab\u016f a dal\u0161\u00edch 100 000 jin\u00fdch cizinc\u016f (USA, Izrael, Kanada, N\u011bmecko. \u0160pan\u011blsko atd. atd.) P\u0159itom p\u0159ed 15 lety tam \u017eil pouze zlomek cizinc\u016f. Nav\u00edc \u0159ada cizinc\u016f je preferov\u00e1na p\u0159i p\u0159id\u011blov\u00e1n\u00ed obecn\u00edch byt\u016f<\/strong>\u00a0(Ukrajinci atd.)<\/p>\n<p><strong>Bytov\u00fd fond d\u00edky um\u011bl\u00e9 slo\u017eit\u00e9 byrokracii nijak neroste a sliby vl\u00e1dy o v\u00fdstavb\u011b soci\u00e1ln\u00edch byt\u016f jsou jen v\u00fdsm\u011bchem poddan\u00fdm ze strany dos\u00e1zen\u00e9 vl\u00e1dnouc\u00ed t\u0159\u00eddy.<\/strong><\/p>\n<p>Stejn\u00fd model vid\u00edme i v sousedn\u00edm N\u011bmecku, Rakousku atd. Tam jsou zase preferov\u00e1ni muslim\u0161t\u00ed imigranti.<\/p>\n<p><strong>\u0158e\u0161en\u00ed je tedy velmi snadn\u00e9. Omezen\u00ed po\u010dtu cizinc\u016f \u017eij\u00edc\u00edch v zemi a po\u010det jimi vlastn\u011bn\u00fdch nemovitost\u00ed. V\u011bt\u0161ina imigrant\u016f \u017e\u00e1dn\u00fd p\u0159\u00ednos pro na\u0161i zemi nep\u0159edstavuje a nen\u00ed d\u016fvod, aby zde cizinci vlastnili nemovitosti a stejn\u00fdch podm\u00ednek jako dom\u00e1c\u00ed \u010ce\u0161i.<\/strong><\/p>\n<p>C\u00edlem sou\u010dasn\u00e9ho stavu je likvidace b\u00edl\u00fdch n\u00e1rod\u016f a bytov\u00e1 krize k tomu m\u00e1 napomoci.\u00a0<strong>\u010ce\u0161i by m\u011bli vz\u00edt tuhle skute\u010dnost na v\u011bdom\u00ed a pochopit, \u017ee lid\u00e9 jako Fiala, Bure\u0161, \u010cernochov\u00e1, \u0160alamoun a spol. s nimi \u017e\u00e1dn\u00e9 slitov\u00e1n\u00ed m\u00edt nebudou.<\/strong><\/p>\n<p><a href=\"https:\/\/ceskavec.com\/2024\/10\/univerzalni-recept-na-bytovou-krizi-dovezte-stovky-tisic-imigrantu-a-omezte-vystavbu-takhle-se-likviduji-bile-narody-globalni-liberalni-demokracie-v-praxi\">Vojt\u011bch L. advok\u00e1t<\/a><\/p>\n<p>&nbsp;<\/p>\n","protected":false},"excerpt":{"rendered":"<p>Tak se likviduj\u00ed b\u00edl\u00e9 n\u00e1rody \u2013 glob\u00e1ln\u00ed liber\u00e1ln\u00ed demokracie v praxi\u2026 V\u011bt\u0161inu modern\u00edho (b\u00edl\u00e9ho) sv\u011bta&#8230;<\/p>\n","protected":false},"author":2,"featured_media":45175,"comment_status":"closed","ping_status":"closed","sticky":false,"template":"","format":"standard","meta":[],"categories":[6],"tags":[2245,119,1503,371],"_links":{"self":[{"href":"https:\/\/www.infokuryr.cz\/n\/wp-json\/wp\/v2\/posts\/64815"}],"collection":[{"href":"https:\/\/www.infokuryr.cz\/n\/wp-json\/wp\/v2\/posts"}],"about":[{"href":"https:\/\/www.infokuryr.cz\/n\/wp-json\/wp\/v2\/types\/post"}],"author":[{"embeddable":true,"href":"https:\/\/www.infokuryr.cz\/n\/wp-json\/wp\/v2\/users\/2"}],"replies":[{"embeddable":true,"href":"https:\/\/www.infokuryr.cz\/n\/wp-json\/wp\/v2\/comments?post=64815"}],"version-history":[{"count":0,"href":"https:\/\/www.infokuryr.cz\/n\/wp-json\/wp\/v2\/posts\/64815\/revisions"}],"wp:featuredmedia":[{"embeddable":true,"href":"https:\/\/www.infokuryr.cz\/n\/wp-json\/wp\/v2\/media\/45175"}],"wp:attachment":[{"href":"https:\/\/www.infokuryr.cz\/n\/wp-json\/wp\/v2\/media?parent=64815"}],"wp:term":[{"taxonomy":"category","embeddable":true,"href":"https:\/\/www.infokuryr.cz\/n\/wp-json\/wp\/v2\/categories?post=64815"},{"taxonomy":"post_tag","embeddable":true,"href":"https:\/\/www.infokuryr.cz\/n\/wp-json\/wp\/v2\/tags?post=64815"}],"curies":[{"name":"wp","href":"https:\/\/api.w.org\/{rel}","templated":true}]}}