{"id":64810,"date":"2024-10-24T00:43:43","date_gmt":"2024-10-23T22:43:43","guid":{"rendered":"https:\/\/www.infokuryr.cz\/n\/?p=64810"},"modified":"2024-10-23T17:56:31","modified_gmt":"2024-10-23T15:56:31","slug":"izraelska-armada-zachytila-dalsi-drony-z-iraku","status":"publish","type":"post","link":"https:\/\/www.infokuryr.cz\/n\/2024\/10\/24\/izraelska-armada-zachytila-dalsi-drony-z-iraku\/","title":{"rendered":"Izraelsk\u00e1 arm\u00e1da zachytila \u200b\u200bdal\u0161\u00ed drony z Ir\u00e1ku"},"content":{"rendered":"<div id=\"fb-root\"><\/div>\n<p><strong><span>Isl\u00e1msk\u00fd odpor v Ir\u00e1ku (IRI), zast\u0159e\u0161uj\u00edc\u00ed skupina ozbrojen\u00fdch frakc\u00ed podporovan\u00fdch \u00cdr\u00e1nem, 23. \u0159\u00edjna ozn\u00e1mila, \u017ee zah\u00e1jila p\u011bt dal\u0161\u00edch \u00fatok\u016f proti Izraeli na podporu p\u00e1sma Gazy a Libanonu.<\/span><\/strong><\/p>\n<p><span>Skupina v samostatn\u00fdch prohl\u00e1\u0161en\u00edch uvedla, \u017ee vypustila sebevra\u017eedn\u00e9 drony na dva \u201e\u017eivotn\u011b d\u016fle\u017eit\u00e9 c\u00edle\u201c v okupovan\u00fdch syrsk\u00fdch Golansk\u00fdch v\u00fd\u0161in\u00e1ch, dal\u0161\u00ed dva v nejji\u017en\u011bj\u0161\u00edm izraelsk\u00e9m m\u011bst\u011b Ejlat a dal\u0161\u00ed v centr\u00e1ln\u00ed oblasti zem\u011b.<\/span><\/p>\n<p><span>\u00datoky byly provedeny \u201ev reakci na masakry sp\u00e1chan\u00e9 uzurpuj\u00edc\u00ed entitou [Izrael] na civilistech, v\u010detn\u011b d\u011bt\u00ed, \u017een a star\u00fdch lid\u00ed\u201c v Gaze a Libanonu, uvedla skupina a sl\u00edbila, \u017ee \u201eoperace proti nep\u0159\u00e1telsk\u00fdm ba\u0161t\u00e1m budou pokra\u010dovat v rostouc\u00ed tempo.&#8220;<\/span><\/p>\n<p><span>Dv\u011b videa, kter\u00e1 skupina zve\u0159ejnila, uk\u00e1zala vypu\u0161t\u011bn\u00ed n\u011b\u010deho, co se zd\u00e1 b\u00fdt n\u011bkolika sebevra\u017eedn\u00fdmi drony Shahed-101 vyroben\u00e9 v \u00cdr\u00e1nu.<\/span><\/p>\n<p><span>Brzy r\u00e1no izraelsk\u00e9 obrann\u00e9 s\u00edly (IDF) ozn\u00e1mily, \u017ee zachytily dvojici dron\u016f u pob\u0159e\u017e\u00ed Ejlatu. V prohl\u00e1\u0161en\u00ed arm\u00e1dy se uv\u00e1d\u00ed, \u017ee drony \u201ep\u0159i\u0161ly z v\u00fdchodu\u201c, co\u017e je term\u00edn, kter\u00fd se obvykle pou\u017e\u00edv\u00e1 k ozna\u010den\u00ed \u00fatok\u016f zah\u00e1jen\u00fdch z Ir\u00e1ku.<\/span><\/p>\n<p><span>Izraelsk\u00e1 arm\u00e1da pozd\u011bji uvedla, \u017ee dal\u0161\u00ed dron byl sest\u0159elen nad S\u00fdri\u00ed. Dron byl tak\u00e9 vypu\u0161t\u011bn \u201ez v\u00fdchodu\u201c, podle prohl\u00e1\u0161en\u00ed arm\u00e1dy.<\/span><\/p>\n<p><iframe loading=\"lazy\" src=\"https:\/\/s5.cdnstatic.space\/wp-content\/uploads\/2024\/10\/IMG_5521.mp4\" width=\"600\" height=\"338\" data-mce-fragment=\"1\"><\/iframe><\/p>\n<p><iframe loading=\"lazy\" src=\"https:\/\/s5.cdnstatic.space\/wp-content\/uploads\/2024\/10\/IMG_5527-2.mp4\" width=\"600\" height=\"338\" data-mce-fragment=\"1\"><\/iframe><\/p>\n<p><span>IRI za\u010dala podnikat \u00fatoky proti Izraeli i proti sil\u00e1m Spojen\u00fdch st\u00e1t\u016f v Ir\u00e1ku a sousedn\u00ed S\u00fdrii loni v \u0159\u00edjnu v reakci na tot\u00e1ln\u00ed izraelskou v\u00e1lku v Gaze. V z\u00e1\u0159\u00ed skupina eskalovala sv\u00e9 \u00fatoky proti Izraeli v reakci na pokra\u010duj\u00edc\u00ed izraelskou leteckou kampa\u0148 a pozemn\u00ed operace proti Hizball\u00e1hu v Libanonu.<\/span><\/p>\n<p><span>Izrael na \u00fatoky IRI zat\u00edm otev\u0159en\u011b nereagoval. Bylo v\u0161ak obvi\u0148ov\u00e1no z n\u011bkolika \u00fader\u016f, kter\u00e9 m\u00ed\u0159ily na ozbrojen\u00e9 frakce podporovan\u00e9 \u00cdr\u00e1nem pod\u00e9l syrsko-ir\u00e1ck\u00e9 hranice a pobl\u00ed\u017e syrsk\u00e9ho hlavn\u00edho m\u011bsta Dama\u0161ku. P\u0159i n\u011bkter\u00fdch z t\u011bchto \u00fader\u016f byli zabiti ir\u00e1\u010dt\u00ed bojovn\u00edci a velitel\u00e9.<\/span><\/p>\n<p><img decoding=\"async\" loading=\"lazy\" class=\"alignnone size-full wp-image-1185\" src=\"http:\/\/www.infokuryr.cz\/n\/wp-content\/uploads\/2021\/04\/kuryr-podpis.png\" alt=\"\" width=\"84\" height=\"24\" \/><\/p>\n<p>&nbsp;<\/p>\n","protected":false},"excerpt":{"rendered":"<p>Isl\u00e1msk\u00fd odpor v Ir\u00e1ku (IRI), zast\u0159e\u0161uj\u00edc\u00ed skupina ozbrojen\u00fdch frakc\u00ed podporovan\u00fdch \u00cdr\u00e1nem, 23. \u0159\u00edjna ozn\u00e1mila, \u017ee&#8230;<\/p>\n","protected":false},"author":2,"featured_media":64811,"comment_status":"closed","ping_status":"closed","sticky":false,"template":"","format":"standard","meta":[],"categories":[7],"tags":[267,107,6413,5135],"_links":{"self":[{"href":"https:\/\/www.infokuryr.cz\/n\/wp-json\/wp\/v2\/posts\/64810"}],"collection":[{"href":"https:\/\/www.infokuryr.cz\/n\/wp-json\/wp\/v2\/posts"}],"about":[{"href":"https:\/\/www.infokuryr.cz\/n\/wp-json\/wp\/v2\/types\/post"}],"author":[{"embeddable":true,"href":"https:\/\/www.infokuryr.cz\/n\/wp-json\/wp\/v2\/users\/2"}],"replies":[{"embeddable":true,"href":"https:\/\/www.infokuryr.cz\/n\/wp-json\/wp\/v2\/comments?post=64810"}],"version-history":[{"count":0,"href":"https:\/\/www.infokuryr.cz\/n\/wp-json\/wp\/v2\/posts\/64810\/revisions"}],"wp:featuredmedia":[{"embeddable":true,"href":"https:\/\/www.infokuryr.cz\/n\/wp-json\/wp\/v2\/media\/64811"}],"wp:attachment":[{"href":"https:\/\/www.infokuryr.cz\/n\/wp-json\/wp\/v2\/media?parent=64810"}],"wp:term":[{"taxonomy":"category","embeddable":true,"href":"https:\/\/www.infokuryr.cz\/n\/wp-json\/wp\/v2\/categories?post=64810"},{"taxonomy":"post_tag","embeddable":true,"href":"https:\/\/www.infokuryr.cz\/n\/wp-json\/wp\/v2\/tags?post=64810"}],"curies":[{"name":"wp","href":"https:\/\/api.w.org\/{rel}","templated":true}]}}