{"id":64797,"date":"2024-10-24T00:33:41","date_gmt":"2024-10-23T22:33:41","guid":{"rendered":"https:\/\/www.infokuryr.cz\/n\/?p=64797"},"modified":"2024-10-23T17:12:36","modified_gmt":"2024-10-23T15:12:36","slug":"zprava-o-transparentnosti-x-ukazuje-nemecko-je-mistrem-cenzury-eu","status":"publish","type":"post","link":"https:\/\/www.infokuryr.cz\/n\/2024\/10\/24\/zprava-o-transparentnosti-x-ukazuje-nemecko-je-mistrem-cenzury-eu\/","title":{"rendered":"Zpr\u00e1va o transparentnosti X ukazuje: N\u011bmecko je mistrem cenzury EU"},"content":{"rendered":"<div id=\"fb-root\"><\/div>\n<div class=\"elementor-element elementor-element-1fb4c2c elementor-widget elementor-widget-theme-post-content\" data-id=\"1fb4c2c\" data-element_type=\"widget\" data-widget_type=\"theme-post-content.default\">\n<div class=\"elementor-widget-container\">\n<p><span>V\u0161imn\u011bte si, \u017ee X, kter\u00e1 sama sebe popisuje jako \u201eplatformu pro svobodn\u00fd projev\u201c, sd\u00edl\u00ed informace o sv\u00fdch u\u017eivatel\u00edch s vl\u00e1dami \u010dlensk\u00fdch st\u00e1t\u016f EU. T\u00fdk\u00e1 se to nejen nez\u00e1konn\u00fdch projev\u016f \u2013 a v zem\u00edch EU existuje mnoho z\u00e1kon\u016f o tzv. \u201ezlo\u010dinech s n\u00e1zorem\u201c \u2013 ale i pr\u00e1vn\u00edch projev\u016f, kter\u00e9 jsou klasifikov\u00e1ny jako \u201e\u0161kodliv\u00e9\u201c.<\/span><\/p>\n<p><span>Toto je skute\u010dn\u00e1 inovace z\u00e1kona EU o digit\u00e1ln\u00edch slu\u017eb\u00e1ch (DSA): Zavazuje platformy, aby p\u0159ijaly opat\u0159en\u00ed ve form\u011b \u201emoderov\u00e1n\u00ed obsahu\u201c nejen proti nez\u00e1konn\u00e9mu obsahu, ale tak\u00e9 proti \u00fadajn\u011b \u0161kodliv\u00e9mu obsahu, jako je \u201edezinformace\u201c. Je t\u0159eba poznamenat, \u017ee b\u011bhem obdob\u00ed, na kter\u00e9 se vztahuje posledn\u00ed\u00a0<\/span><a href=\"https:\/\/transparency.x.com\/dsa-transparency-report.html\" target=\"_blank\" rel=\"noreferrer noopener\"><span>\u201ezpr\u00e1va o transparentnosti\u201c<\/span><\/a><span>\u00a0spole\u010dnosti X pro EU o jej\u00edm \u00fasil\u00ed o \u201eum\u00edrn\u011bn\u00ed obsahu\u201c, bylo t\u00e9m\u011b\u0159 90 % \u017e\u00e1dost\u00ed o informace o autorech \u00fadajn\u011b \u201enez\u00e1konn\u00fdch nebo \u0161kodliv\u00fdch projev\u016f\u201c hl\u00e1\u0161eno pouze od\u00a0<\/span><em><span>jedna<\/span><\/em><span>\u00a0zem\u011b: N\u011bmecko. Viz tabulka n\u00ed\u017ee.<\/span><\/p>\n<div class=\"wp-block-image\">\n<figure class=\"aligncenter size-large\"><img decoding=\"async\" loading=\"lazy\" class=\"aligncenter\" src=\"https:\/\/i0.wp.com\/brownstone.org\/wp-content\/uploads\/2024\/10\/Screenshot-2024-10-22-at-6.16.49-AM-800x394.png?resize=800%2C394&amp;ssl=1\" alt=\"\" width=\"910\" height=\"448\" data-recalc-dims=\"1\" \/><\/figure>\n<\/div>\n<p><span>Upozor\u0148ujeme, \u017ee X tak\u00e9 podnik\u00e1 kroky proti p\u0159\u00edsp\u011bvk\u016fm nebo \u00fa\u010dt\u016fm za \u201enez\u00e1konn\u00e9 nebo \u0161kodliv\u00e9 projevy\u201c, kter\u00e9 j\u00ed nahl\u00e1sily \u010dlensk\u00e9 st\u00e1ty EU nebo Evropsk\u00e1 komise. Tato opat\u0159en\u00ed mohou zahrnovat smaz\u00e1n\u00ed nebo geoblokov\u00e1n\u00ed (\u201ezadr\u017een\u00ed\u201c) obsahu. Ale jak jasn\u011b ukazuj\u00ed\u00a0<\/span><a href=\"https:\/\/help.x.com\/en\/rules-and-policies\/enforcement-options\" target=\"_blank\" rel=\"noreferrer noopener\"><span>\u201emo\u017enosti vynucen\u00ed\u201c<\/span><\/a><span>\u00a0uveden\u00e9 ve zpr\u00e1v\u011b, mohou tak\u00e9 zahrnovat r\u016fzn\u00e9 formy \u201efiltrov\u00e1n\u00ed viditelnosti\u201c nebo omezov\u00e1n\u00ed zapojen\u00ed \u2013 \u201ev souladu s na\u0161\u00ed filozofi\u00ed prosazov\u00e1n\u00ed svobody projevu, nikoli dosahu\u201c, jak se uv\u00e1d\u00ed v zpr\u00e1vu.<\/span><\/p>\n<p><span>Na \u010dele tabulky je op\u011bt N\u011bmecko, kter\u00e9 zaslalo X 42 % v\u0161ech zpr\u00e1v o \u201enez\u00e1konn\u00fdch nebo \u0161kodliv\u00fdch projevech\u201c a t\u00e9m\u011b\u0159 50 % zpr\u00e1v od \u010dlensk\u00fdch st\u00e1t\u016f. Viz diagram n\u00ed\u017ee. N\u011bmecko p\u0159edlo\u017eilo t\u00e9m\u011b\u0159 dvakr\u00e1t v\u00edce zpr\u00e1v ne\u017e kter\u00fdkoli jin\u00fd \u010dlensk\u00fd st\u00e1t \u2013 Francie je na druh\u00e9m m\u00edst\u011b \u2013 a v\u00edce ne\u017e desetkr\u00e1t v\u00edce zpr\u00e1v ne\u017e srovnateln\u011b velk\u00e1 It\u00e1lie. Evropsk\u00e1 komise p\u0159edlo\u017eila p\u0159ibli\u017en\u011b 15 % zpr\u00e1v.<\/span><\/p>\n<div class=\"wp-block-image\">\n<figure class=\"aligncenter size-large\"><img decoding=\"async\" loading=\"lazy\" class=\"aligncenter\" src=\"https:\/\/i0.wp.com\/brownstone.org\/wp-content\/uploads\/2024\/10\/Screenshot-2024-10-22-at-6.17.29-AM-800x594.png?resize=800%2C594&amp;ssl=1\" alt=\"\" width=\"943\" height=\"700\" data-recalc-dims=\"1\" \/><\/figure>\n<\/div>\n<p><span>Je tak\u00e9 pozoruhodn\u00e9, \u017ee N\u011bmecko podalo zdaleka nejv\u00edce zpr\u00e1v o obsahu, kter\u00fd m\u00e1 \u201enegativn\u00ed dopad na spole\u010densk\u00fd diskurz nebo volby\u201c, co\u017e je dal\u0161\u00ed kategorie projev\u016f, kter\u00e1 sama o sob\u011b nen\u00ed nez\u00e1konn\u00e1, ale spad\u00e1 do p\u016fsobnosti na\u0159\u00edzen\u00ed DSA jako \u201e\u0161kodliv\u00e9\u201c natolik, \u017ee je t\u0159eba je potla\u010dit. (Tak\u017ee zat\u00edmco obsah nen\u00ed s\u00e1m o sob\u011b nez\u00e1konn\u00fd, pro platformy pod DSA by bylo nez\u00e1konn\u00e9 jej nepotla\u010dovat. Tato nejednozna\u010dnost je j\u00e1drem re\u017eimu cenzury DSA.) N\u011bmecko m\u00e1 v\u00edce ne\u017e polovinu v\u0161ech takov\u00fdch zpr\u00e1v a v\u00edce ne\u017e 60 % zpr\u00e1v p\u0159edlo\u017een\u00fdch \u010dlensk\u00fdmi st\u00e1ty.<\/span><\/p>\n<p><span>Nakonec je t\u0159eba poznamenat, \u017ee naprost\u00e1 v\u011bt\u0161ina t\u011bchto zpr\u00e1v a souvisej\u00edc\u00edch \u201edonucovac\u00edch opat\u0159en\u00ed\u201c se nepochybn\u011b t\u00fdk\u00e1 obsahu v angli\u010dtin\u011b. To je z\u0159ejm\u00e9 ze skute\u010dnosti, \u017ee t\u00e9m\u011b\u0159 90 % \u201et\u00fdmu pro moderov\u00e1n\u00ed obsahu\u201c X tvo\u0159\u00ed anglicky mluv\u00edc\u00ed. \u201ePrim\u00e1rn\u00edm jazykem\u201c 1 535 z 1 726 \u010dlen\u016f t\u00fdmu je angli\u010dtina, jak ukazuje tabulka n\u00ed\u017ee.<\/span><\/p>\n<div class=\"wp-block-image\">\n<figure class=\"aligncenter size-large\"><img decoding=\"async\" loading=\"lazy\" class=\"aligncenter\" src=\"https:\/\/i0.wp.com\/brownstone.org\/wp-content\/uploads\/2024\/10\/Screenshot-2024-10-22-at-6.18.14-AM-622x800.png?resize=622%2C800&amp;ssl=1\" alt=\"\" width=\"439\" height=\"565\" data-recalc-dims=\"1\" \/><\/figure>\n<\/div>\n<p><span>Pro\u010d by ale N\u011bmecko nebo EU m\u011bly n\u00e9st odpov\u011bdnost za diskurz v angli\u010dtin\u011b? N\u011bmci samoz\u0159ejm\u011b obecn\u011b nejsou rodil\u00fdmi mluv\u010d\u00edmi angli\u010dtiny a pouze 1,5 % cel\u00e9 populace EU m\u00e1 angli\u010dtinu jako sv\u016fj rodn\u00fd jazyk.<\/span><\/p>\n<p><span>V ka\u017ed\u00e9m p\u0159\u00edpad\u011b jsou ze \u201ezpr\u00e1vy o transparentnosti\u201c X jasn\u00e9 dv\u011b v\u011bci. Zaprv\u00e9, \u017ee \u201eplatforma svobodn\u00e9ho projevu\u201c Elona Muska nen\u00ed a ve skute\u010dnosti v\u011bnuje obrovsk\u00e9 zdroje, jak ve form\u011b \u201evy\u0161kolen\u00fdch\u201c lidsk\u00fdch cenzor\u016f, tak programov\u00e1n\u00ed, aby vyhov\u011bla re\u017eimu cenzury EU. A na druh\u00e9 stran\u011b je N\u011bmecko nesporn\u00fdm mistrem online cenzury v EU \u2013 a tedy nepochybn\u011b i ve sv\u011bt\u011b.<\/span><\/p>\n<p><span>B\u011bhem vykazovan\u00e9ho obdob\u00ed, kter\u00e9 trvalo n\u011bco m\u00e1lo p\u0159es t\u0159i m\u011bs\u00edce, podnikl X 226 350 \u201edonucovac\u00edch opat\u0159en\u00ed\u201c v reakci na zpr\u00e1vy \u010dlensk\u00fdch st\u00e1t\u016f EU nebo Komise EU. Nemluv\u011b o \u201edonucovac\u00edch akc\u00edch\u201c, kter\u00e9 X proaktivn\u011b podnikla v souladu se sv\u00fdmi vlastn\u00edmi podm\u00ednkami slu\u017eby a pravidly, kter\u00e9 jsou v souladu s DSA.<\/span><\/p>\n<p><span>Aby \u010dten\u00e1\u0159i nemohli uv\u00e9st v\u00fd\u0161e uveden\u00e9 do souladu s vir\u00e1ln\u00ed h\u00e1dkou mezi Elonem Muskem a Thierry Bretonem a slavn\u00fdm \u201eprocesem\u201c proti \u201eVy\u0161et\u0159ov\u00e1n\u00ed Evropsk\u00e9 komise\u00a0<\/span><a href=\"https:\/\/www.techpolicy.press\/dsa-showdown-unpacking-the-eus-preliminary-findings-against-x\/\" target=\"_blank\" rel=\"noreferrer noopener\"><span>zde<\/span><\/a><span>\u00a0.\u00a0<\/span><\/p>\n<p><span>Podle nov\u00e9 zpr\u00e1vy\u00a0<\/span><a href=\"https:\/\/www.bloomberg.com\/news\/articles\/2024-10-17\/musk-s-empire-risks-being-targeted-by-eu-for-potential-x-fines\" target=\"_blank\" rel=\"noreferrer noopener\"><span>Bloombergu<\/span><\/a><span>\u00a0p\u0159edstavitel\u00e9 EU dokonce zva\u017euj\u00ed, \u017ee p\u0159i v\u00fdpo\u010dtu p\u0159\u00edpadn\u00e9 pokuty proti Muskovi zohledn\u00ed i p\u0159\u00edjmy n\u011bkter\u00fdch dal\u0161\u00edch Muskov\u00fdch spole\u010dnost\u00ed. Net\u0159eba dod\u00e1vat, \u017ee navzdory skute\u010dnosti, \u017ee zdroje nejsou uvedeny, to bylo \u0161iroce interpretov\u00e1no jako dal\u0161\u00ed eskalace v gigantick\u00e9 bitv\u011b za svobodu slova mezi Muskem a EU.\u00a0<\/span><\/p>\n<p><span>Zaj\u00edmav\u00e9 je, \u017ee\u00a0p\u0159\u00edpad byl p\u016fvodn\u011b sveden<\/span><em><span>\u00a0<\/span><\/em><em><span>o takov\u00fdch \u201erozhodnut\u00edch o moderov\u00e1n\u00ed obsahu\u201c nebo jin\u00fdmi slovy kv\u016fli st\u00ednov\u00e9mu z\u00e1kazu. Ale jak ukazuje Calvet-Bademunt, tento aspekt byl z vy\u0161et\u0159ov\u00e1n\u00ed vynech\u00e1n.<\/span><\/em><\/p>\n<p><span>Faktem v ka\u017ed\u00e9m p\u0159\u00edpad\u011b je, \u017ee \u017e\u00e1dn\u00e1 online platforma, bez ohledu na velikost, nem\u016f\u017ee z\u016fstat na trhu EU a b\u00fdt \u201eplatformou pro svobodn\u00fd projev\u201c. DSA to znemo\u017e\u0148uje.<\/span><\/p>\n<\/div>\n<\/div>\n<div class=\"elementor-element elementor-element-8c57238 quelle dc-has-condition dc-condition-empty elementor-widget elementor-widget-heading\" data-id=\"8c57238\" data-element_type=\"widget\" data-widget_type=\"heading.default\">\n<div class=\"elementor-widget-container\">\n<h3 class=\"elementor-heading-title elementor-size-default\"><span style=\"font-size: 10pt;\"><a href=\"https:\/\/brownstone.org\/articles\/germany-is-the-eus-censorship-champion\/\" target=\"_blank\" rel=\"nofollow noopener\">Zdroj<\/a><\/span><\/h3>\n<p>&nbsp;<\/p>\n<\/div>\n<\/div>\n","protected":false},"excerpt":{"rendered":"<p>V\u0161imn\u011bte si, \u017ee X, kter\u00e1 sama sebe popisuje jako \u201eplatformu pro svobodn\u00fd projev\u201c, sd\u00edl\u00ed informace&#8230;<\/p>\n","protected":false},"author":2,"featured_media":1636,"comment_status":"closed","ping_status":"closed","sticky":false,"template":"","format":"standard","meta":[],"categories":[7],"tags":[63,41,84,5795],"_links":{"self":[{"href":"https:\/\/www.infokuryr.cz\/n\/wp-json\/wp\/v2\/posts\/64797"}],"collection":[{"href":"https:\/\/www.infokuryr.cz\/n\/wp-json\/wp\/v2\/posts"}],"about":[{"href":"https:\/\/www.infokuryr.cz\/n\/wp-json\/wp\/v2\/types\/post"}],"author":[{"embeddable":true,"href":"https:\/\/www.infokuryr.cz\/n\/wp-json\/wp\/v2\/users\/2"}],"replies":[{"embeddable":true,"href":"https:\/\/www.infokuryr.cz\/n\/wp-json\/wp\/v2\/comments?post=64797"}],"version-history":[{"count":0,"href":"https:\/\/www.infokuryr.cz\/n\/wp-json\/wp\/v2\/posts\/64797\/revisions"}],"wp:featuredmedia":[{"embeddable":true,"href":"https:\/\/www.infokuryr.cz\/n\/wp-json\/wp\/v2\/media\/1636"}],"wp:attachment":[{"href":"https:\/\/www.infokuryr.cz\/n\/wp-json\/wp\/v2\/media?parent=64797"}],"wp:term":[{"taxonomy":"category","embeddable":true,"href":"https:\/\/www.infokuryr.cz\/n\/wp-json\/wp\/v2\/categories?post=64797"},{"taxonomy":"post_tag","embeddable":true,"href":"https:\/\/www.infokuryr.cz\/n\/wp-json\/wp\/v2\/tags?post=64797"}],"curies":[{"name":"wp","href":"https:\/\/api.w.org\/{rel}","templated":true}]}}