{"id":64796,"date":"2024-10-24T00:32:23","date_gmt":"2024-10-23T22:32:23","guid":{"rendered":"https:\/\/www.infokuryr.cz\/n\/?p=64796"},"modified":"2024-10-23T17:05:13","modified_gmt":"2024-10-23T15:05:13","slug":"nemocnice-lecily-mnohem-vice-lidi-na-vedlejsi-ucinky-vakcin-na-covid-nez-neockovane-pacienty-na-infekci-covid","status":"publish","type":"post","link":"https:\/\/www.infokuryr.cz\/n\/2024\/10\/24\/nemocnice-lecily-mnohem-vice-lidi-na-vedlejsi-ucinky-vakcin-na-covid-nez-neockovane-pacienty-na-infekci-covid\/","title":{"rendered":"Nemocnice l\u00e9\u010dily mnohem v\u00edce lid\u00ed na vedlej\u0161\u00ed \u00fa\u010dinky vakc\u00edn na Covid ne\u017e neo\u010dkovan\u00e9 pacienty na infekci Covid"},"content":{"rendered":"<div id=\"fb-root\"><\/div>\n<div class=\"elementor-element elementor-element-1fb4c2c elementor-widget elementor-widget-theme-post-content\" data-id=\"1fb4c2c\" data-element_type=\"widget\" data-widget_type=\"theme-post-content.default\">\n<div class=\"elementor-widget-container\">\n<ul class=\"wp-block-list\">\n<li><span>Nejen, \u017ee vedlej\u0161\u00ed \u00fa\u010dinky vakc\u00edny Covid byly \u010dast\u011bj\u0161\u00ed ne\u017e vedlej\u0161\u00ed \u00fa\u010dinky nemoci Covid, ale u o\u010dkovan\u00fdch byly tak\u00e9 \u010dast\u011bj\u0161\u00ed z\u00e1va\u017en\u00e9 ne\u017e\u00e1douc\u00ed \u00fa\u010dinky.<\/span><\/li>\n<li><span>\u017deny byly ne\u017e\u00e1douc\u00edmi \u00fa\u010dinky o\u010dkov\u00e1n\u00ed posti\u017eeny v\u00edce ne\u017e mu\u017ei.<\/span><\/li>\n<\/ul>\n<p><strong><span>\u010cl\u00e1nek\u00a0<\/span><a href=\"https:\/\/academic.oup.com\/jes\/article\/8\/Supplement_1\/bvae163.1072\/7812157#485522901\" target=\"_blank\" rel=\"noreferrer noopener\"><span>v \u010dasopise<\/span><\/a><span>\u00a0publikovan\u00fd 5. \u0159\u00edjna dokumentoval, \u017ee 3,8kr\u00e1t v\u00edce lid\u00ed o\u010dkovan\u00fdch Covidem bylo hospitalizov\u00e1no kv\u016fli ne\u017e\u00e1douc\u00edm \u00fa\u010dink\u016fm [AE] z o\u010dkov\u00e1n\u00ed ne\u017e neo\u010dkovan\u00fdch lid\u00ed bylo hospitalizov\u00e1no kv\u016fli infekci Covid.<\/span><\/strong><\/p>\n<p><span>Studie se zam\u011b\u0159ila p\u0159edev\u0161\u00edm na genderov\u00e9 rozd\u00edly ve v\u00fdsledc\u00edch souvisej\u00edc\u00edch s Covidem, ale data obsahovala tak\u00e9 pozoruhodn\u00e1 zji\u0161t\u011bn\u00ed. Auto\u0159i ozn\u00e1mili p\u0159edb\u011b\u017en\u00e9 v\u00fdsledky o endokrinn\u00edch syst\u00e9mech na z\u00e1klad\u011b celosv\u011btov\u00e9ho pr\u016fzkumu p\u0159ibli\u017en\u011b 8 000\u201310 000 \u00fa\u010dastn\u00edk\u016f proveden\u00e9ho mezi \u00fanorem 2022 a \u0159\u00edjnem 2023.<\/span><\/p>\n<p><span>\u201eT\u00e9m\u011b\u0159 1,49 % respondent\u016f uvedlo hospitalizaci po COVID-19, zat\u00edmco v na\u0161em souboru 5,69 % respondent\u016f uvedlo hospitalizaci po o\u010dkov\u00e1n\u00ed. \u201eZ\u00e1va\u017en\u00e9 symptomy souvisej\u00edc\u00ed se SARS-CoV-2 ud\u00e1valo ~9,3 % o\u010dkovan\u00fdch COVID-19 oproti 6,7 % neo\u010dkovan\u00fdch jedinc\u016f (p&lt;0,001),\u201c uv\u00e1d\u00ed\u00a0<\/span><a href=\"https:\/\/academic.oup.com\/jes\/article\/8\/Supplement_1\/bvae163.1072\/7812157#485522901\" target=\"_blank\" rel=\"noreferrer noopener\"><span>\u010dl\u00e1nek v \u010dasopise<\/span><\/a><span>\u00a0v\u00a0sekci \u201eAbstrakt\u201c. \u201e\u017deny hl\u00e1sily v\u00edce ne\u017e\u00e1douc\u00edch \u00fa\u010dink\u016f (AE) souvisej\u00edc\u00edch s o\u010dkov\u00e1n\u00edm ne\u017e mu\u017ei; 30 % mu\u017e\u016f a 19 % \u017een nehl\u00e1silo \u017e\u00e1dn\u00e9 ne\u017e\u00e1douc\u00ed \u00fa\u010dinky po \u017e\u00e1dn\u00e9 d\u00e1vce vakc\u00edny. Po prvn\u00ed d\u00e1vce hl\u00e1silo n\u011bkter\u00e9 ne\u017e\u00e1douc\u00ed \u00fa\u010dinky 60 % \u017een a 48 % mu\u017e\u016f, zat\u00edmco po druh\u00e9 d\u00e1vce 46 % \u017een a 40 % mu\u017e\u016f n\u011bkolik ne\u017e\u00e1douc\u00edch \u00fa\u010dink\u016f.<\/span><\/p>\n<p><em><span>P\u0159ekvapiv\u00e1 nov\u00e1 studie p\u0159edn\u00edch americk\u00fdch v\u011bdc\u016f zjistila, \u017ee v nemocnic\u00edch bylo kv\u016fli vedlej\u0161\u00edm \u00fa\u010dink\u016fm \u201evakc\u00edny\u201c mRNA l\u00e9\u010deno mnohem v\u00edce lid\u00ed ne\u017e neo\u010dkovan\u00ed pacienti s infekc\u00ed Covid. Ty od Dr. Johannes D. Knapp a Dr. Studii pod veden\u00edm Aditi Bhargava provedli v\u011bdci z Kalifornsk\u00e9 univerzity v San Franciscu (UCSF) a datov\u00e1 spole\u010dnost Aseesa Inc.<\/span><\/em><\/p>\n<div class=\"twitter-tweet twitter-tweet-rendered\"><iframe id=\"twitter-widget-0\" class=\"\" title=\"X p\u0159\u00edsp\u011bvek\" src=\"https:\/\/platform.twitter.com\/embed\/Tweet.html?dnt=false&amp;embedId=twitter-widget-0&amp;features=eyJ0ZndfdGltZWxpbmVfbGlzdCI6eyJidWNrZXQiOltdLCJ2ZXJzaW9uIjpudWxsfSwidGZ3X2ZvbGxvd2VyX2NvdW50X3N1bnNldCI6eyJidWNrZXQiOnRydWUsInZlcnNpb24iOm51bGx9LCJ0ZndfdHdlZXRfZWRpdF9iYWNrZW5kIjp7ImJ1Y2tldCI6Im9uIiwidmVyc2lvbiI6bnVsbH0sInRmd19yZWZzcmNfc2Vzc2lvbiI6eyJidWNrZXQiOiJvbiIsInZlcnNpb24iOm51bGx9LCJ0ZndfZm9zbnJfc29mdF9pbnRlcnZlbnRpb25zX2VuYWJsZWQiOnsiYnVja2V0Ijoib24iLCJ2ZXJzaW9uIjpudWxsfSwidGZ3X21peGVkX21lZGlhXzE1ODk3Ijp7ImJ1Y2tldCI6InRyZWF0bWVudCIsInZlcnNpb24iOm51bGx9LCJ0ZndfZXhwZXJpbWVudHNfY29va2llX2V4cGlyYXRpb24iOnsiYnVja2V0IjoxMjA5NjAwLCJ2ZXJzaW9uIjpudWxsfSwidGZ3X3Nob3dfYmlyZHdhdGNoX3Bpdm90c19lbmFibGVkIjp7ImJ1Y2tldCI6Im9uIiwidmVyc2lvbiI6bnVsbH0sInRmd19kdXBsaWNhdGVfc2NyaWJlc190b19zZXR0aW5ncyI6eyJidWNrZXQiOiJvbiIsInZlcnNpb24iOm51bGx9LCJ0ZndfdXNlX3Byb2ZpbGVfaW1hZ2Vfc2hhcGVfZW5hYmxlZCI6eyJidWNrZXQiOiJvbiIsInZlcnNpb24iOm51bGx9LCJ0ZndfdmlkZW9faGxzX2R5bmFtaWNfbWFuaWZlc3RzXzE1MDgyIjp7ImJ1Y2tldCI6InRydWVfYml0cmF0ZSIsInZlcnNpb24iOm51bGx9LCJ0ZndfbGVnYWN5X3RpbWVsaW5lX3N1bnNldCI6eyJidWNrZXQiOnRydWUsInZlcnNpb24iOm51bGx9LCJ0ZndfdHdlZXRfZWRpdF9mcm9udGVuZCI6eyJidWNrZXQiOiJvbiIsInZlcnNpb24iOm51bGx9fQ%3D%3D&amp;frame=false&amp;hideCard=false&amp;hideThread=false&amp;id=1846536471873822790&amp;lang=de&amp;origin=https%3A%2F%2Funcutnews.ch%2Fkrankenhaeuser-behandelten-weit-mehr-menschen-wegen-nebenwirkungen-der-covid-spritze-als-ungeimpfte-patienten-wegen-covid-infektionen-studie%2F&amp;sessionId=a2e227f480e3cf1c02fe187b2712e747228e35c3&amp;theme=light&amp;widgetsVersion=2615f7e52b7e0%3A1702314776716&amp;width=550px\" frameborder=\"0\" scrolling=\"no\" allowfullscreen=\"allowfullscreen\" data-tweet-id=\"1846536471873822790\" data-mce-fragment=\"1\"><\/iframe><\/div>\n<p><span>\u201e&#8230;reproduk\u010dn\u00ed AE byly \u010dast\u011bj\u0161\u00ed u o\u010dkovan\u00fdch jedinc\u016f bez onemocn\u011bn\u00ed COVID-19 ne\u017e u neo\u010dkovan\u00fdch jedinc\u016f s onemocn\u011bn\u00edm COVID-19,\u201c uv\u00e1d\u00ed\u00a0<\/span><a href=\"https:\/\/academic.oup.com\/jes\/article\/8\/Supplement_1\/bvae163.1072\/7812157#485522901\"><span>\u010dl\u00e1nek v \u010dasopise<\/span><\/a><span>\u00a0v sekci \u201eAbstrakt\u201c.<\/span><\/p>\n<p><span>Zaj\u00edmav\u00e9 tak\u00e9 je, \u017ee ne\u017e\u00e1douc\u00edmi \u00fa\u010dinky o\u010dkov\u00e1n\u00ed byly v\u00edce posti\u017eeny \u017eeny.<\/span><\/p>\n<p><span>\u201ePohlavn\u00ed rozd\u00edly existovaly u endokrinn\u00edch a autoimunitn\u00edch preexistuj\u00edc\u00edch onemocn\u011bn\u00ed, v\u010detn\u011b onemocn\u011bn\u00ed \u0161t\u00edtn\u00e9 \u017el\u00e1zy (13 % F vs. 3 % M), osteopor\u00f3zy (6 % F vs. 1 % M), zv\u00fd\u0161en\u00e9ho cholesterolu (M&gt;F) a vysok\u00e9ho krevn\u00edho tlaku (M&gt;F). T\u00e9m\u011b\u0159 5 % \u017een ud\u00e1valo ji\u017e existuj\u00edc\u00ed nepravidelnosti menstrua\u010dn\u00edho cyklu a hormon\u00e1ln\u00ed zm\u011bny, zat\u00edmco pouze 2 % mu\u017e\u016f ud\u00e1vala hormon\u00e1ln\u00ed nepravidelnosti. Mezi neo\u010dkovan\u00fdmi jedinci t\u00e9m\u011b\u0159 6 % \u017een hl\u00e1silo n\u00e1valy horka po naka\u017een\u00ed COVID-19, zat\u00edmco 7,5 % hl\u00e1silo nepravideln\u00e9 menstrua\u010dn\u00ed cykly,\u201c uvedl\u00a0<\/span><a href=\"https:\/\/academic.oup.com\/jes\/article\/8\/Supplement_1\/bvae163.1072\/7812157#485522901\" target=\"_blank\" rel=\"noreferrer noopener\"><span>\u010dl\u00e1nek v \u010dasopise<\/span><\/a><span>\u00a0v\u00a0sekci \u201eShrnut\u00ed\u201c. \u201eMezi osobami o\u010dkovan\u00fdmi COVID-19 bez infekce SARS-CoV-2 94,6 % dot\u00e1zan\u00fdch mu\u017e\u016f a 62,5 % \u017een neuvedlo \u017e\u00e1dn\u00e9 reproduk\u010dn\u00ed zm\u011bny. Mezi t\u011bmi, kte\u0159\u00ed hl\u00e1sili ne\u017e\u00e1douc\u00ed \u00fa\u010dinky na reprodukci, se hormon\u00e1ln\u00ed zm\u011bny vyskytly u 5 % \u017een a 3,5 % mu\u017e\u016f, n\u00e1valy horka u 8,5 % \u017een a 1,9 % mu\u017e\u016f, siln\u00e1 menstruace a\/nebo dysmenorea u 16, 7 % \u017een a nepravideln\u00e1 menstruace u 17,1 % \u017een.<\/span><\/p>\n<p><a href=\"https:\/\/www.thegatewaypundit.com\/2024\/10\/survey-reveals-one-six-germans-report-side-effects\/\" target=\"_blank\" rel=\"noreferrer noopener\"><span>Ned\u00e1vn\u00fd pr\u016fzkum<\/span><\/a><span>\u00a0tak\u00e9 odhalil ,\u00a0\u017ee jeden ze \u0161esti N\u011bmc\u016f byl hospitalizov\u00e1n kv\u016fli vedlej\u0161\u00edm \u00fa\u010dink\u016fm vakc\u00edny Covid.<\/span><\/p>\n<p><em><span>Pr\u016fzkum ukazuje: V\u00edce ne\u017e jeden ze \u0161esti lid\u00ed v N\u011bmecku hl\u00e1s\u00ed vedlej\u0161\u00ed \u00fa\u010dinky o\u010dkov\u00e1n\u00ed proti COVID-19 \u2013 to je \u0161\u00edlen\u00e9. Toto je nebezpe\u010dn\u00e1 vakc\u00edna. Cel\u00e1 l\u00e9ka\u0159sk\u00e1 komunita by m\u011bla po\u017eadovat zastaven\u00ed t\u011bchto vakc\u00edn. A p\u0159esto je ticho.<\/span><\/em><\/p>\n<div class=\"twitter-tweet twitter-tweet-rendered\"><iframe id=\"twitter-widget-1\" class=\"\" title=\"X p\u0159\u00edsp\u011bvek\" src=\"https:\/\/platform.twitter.com\/embed\/Tweet.html?dnt=false&amp;embedId=twitter-widget-1&amp;features=eyJ0ZndfdGltZWxpbmVfbGlzdCI6eyJidWNrZXQiOltdLCJ2ZXJzaW9uIjpudWxsfSwidGZ3X2ZvbGxvd2VyX2NvdW50X3N1bnNldCI6eyJidWNrZXQiOnRydWUsInZlcnNpb24iOm51bGx9LCJ0ZndfdHdlZXRfZWRpdF9iYWNrZW5kIjp7ImJ1Y2tldCI6Im9uIiwidmVyc2lvbiI6bnVsbH0sInRmd19yZWZzcmNfc2Vzc2lvbiI6eyJidWNrZXQiOiJvbiIsInZlcnNpb24iOm51bGx9LCJ0ZndfZm9zbnJfc29mdF9pbnRlcnZlbnRpb25zX2VuYWJsZWQiOnsiYnVja2V0Ijoib24iLCJ2ZXJzaW9uIjpudWxsfSwidGZ3X21peGVkX21lZGlhXzE1ODk3Ijp7ImJ1Y2tldCI6InRyZWF0bWVudCIsInZlcnNpb24iOm51bGx9LCJ0ZndfZXhwZXJpbWVudHNfY29va2llX2V4cGlyYXRpb24iOnsiYnVja2V0IjoxMjA5NjAwLCJ2ZXJzaW9uIjpudWxsfSwidGZ3X3Nob3dfYmlyZHdhdGNoX3Bpdm90c19lbmFibGVkIjp7ImJ1Y2tldCI6Im9uIiwidmVyc2lvbiI6bnVsbH0sInRmd19kdXBsaWNhdGVfc2NyaWJlc190b19zZXR0aW5ncyI6eyJidWNrZXQiOiJvbiIsInZlcnNpb24iOm51bGx9LCJ0ZndfdXNlX3Byb2ZpbGVfaW1hZ2Vfc2hhcGVfZW5hYmxlZCI6eyJidWNrZXQiOiJvbiIsInZlcnNpb24iOm51bGx9LCJ0ZndfdmlkZW9faGxzX2R5bmFtaWNfbWFuaWZlc3RzXzE1MDgyIjp7ImJ1Y2tldCI6InRydWVfYml0cmF0ZSIsInZlcnNpb24iOm51bGx9LCJ0ZndfbGVnYWN5X3RpbWVsaW5lX3N1bnNldCI6eyJidWNrZXQiOnRydWUsInZlcnNpb24iOm51bGx9LCJ0ZndfdHdlZXRfZWRpdF9mcm9udGVuZCI6eyJidWNrZXQiOiJvbiIsInZlcnNpb24iOm51bGx9fQ%3D%3D&amp;frame=false&amp;hideCard=false&amp;hideThread=false&amp;id=1846718890979873184&amp;lang=de&amp;origin=https%3A%2F%2Funcutnews.ch%2Fkrankenhaeuser-behandelten-weit-mehr-menschen-wegen-nebenwirkungen-der-covid-spritze-als-ungeimpfte-patienten-wegen-covid-infektionen-studie%2F&amp;sessionId=a2e227f480e3cf1c02fe187b2712e747228e35c3&amp;theme=light&amp;widgetsVersion=2615f7e52b7e0%3A1702314776716&amp;width=550px\" frameborder=\"0\" scrolling=\"no\" allowfullscreen=\"allowfullscreen\" data-tweet-id=\"1846718890979873184\" data-mce-fragment=\"1\"><\/iframe><\/div>\n<\/div>\n<\/div>\n<div class=\"elementor-element elementor-element-8c57238 quelle dc-has-condition dc-condition-empty elementor-widget elementor-widget-heading\" data-id=\"8c57238\" data-element_type=\"widget\" data-widget_type=\"heading.default\">\n<div class=\"elementor-widget-container\">\n<h3 class=\"elementor-heading-title elementor-size-default\"><span style=\"font-size: 10pt;\"><a href=\"https:\/\/www.infowars.com\/posts\/hospitals-treated-far-more-people-for-covid-shot-side-effects-than-unvaccinated-patients-for-covid-infections-study\" target=\"_blank\" rel=\"nofollow noopener\">Zdroj<\/a><\/span><\/h3>\n<p>&nbsp;<\/p>\n<\/div>\n<\/div>\n","protected":false},"excerpt":{"rendered":"<p>Nejen, \u017ee vedlej\u0161\u00ed \u00fa\u010dinky vakc\u00edny Covid byly \u010dast\u011bj\u0161\u00ed ne\u017e vedlej\u0161\u00ed \u00fa\u010dinky nemoci Covid, ale u&#8230;<\/p>\n","protected":false},"author":2,"featured_media":39547,"comment_status":"closed","ping_status":"closed","sticky":false,"template":"","format":"standard","meta":[],"categories":[7],"tags":[23,938,213,651],"_links":{"self":[{"href":"https:\/\/www.infokuryr.cz\/n\/wp-json\/wp\/v2\/posts\/64796"}],"collection":[{"href":"https:\/\/www.infokuryr.cz\/n\/wp-json\/wp\/v2\/posts"}],"about":[{"href":"https:\/\/www.infokuryr.cz\/n\/wp-json\/wp\/v2\/types\/post"}],"author":[{"embeddable":true,"href":"https:\/\/www.infokuryr.cz\/n\/wp-json\/wp\/v2\/users\/2"}],"replies":[{"embeddable":true,"href":"https:\/\/www.infokuryr.cz\/n\/wp-json\/wp\/v2\/comments?post=64796"}],"version-history":[{"count":0,"href":"https:\/\/www.infokuryr.cz\/n\/wp-json\/wp\/v2\/posts\/64796\/revisions"}],"wp:featuredmedia":[{"embeddable":true,"href":"https:\/\/www.infokuryr.cz\/n\/wp-json\/wp\/v2\/media\/39547"}],"wp:attachment":[{"href":"https:\/\/www.infokuryr.cz\/n\/wp-json\/wp\/v2\/media?parent=64796"}],"wp:term":[{"taxonomy":"category","embeddable":true,"href":"https:\/\/www.infokuryr.cz\/n\/wp-json\/wp\/v2\/categories?post=64796"},{"taxonomy":"post_tag","embeddable":true,"href":"https:\/\/www.infokuryr.cz\/n\/wp-json\/wp\/v2\/tags?post=64796"}],"curies":[{"name":"wp","href":"https:\/\/api.w.org\/{rel}","templated":true}]}}