{"id":64769,"date":"2024-10-23T00:51:00","date_gmt":"2024-10-22T22:51:00","guid":{"rendered":"https:\/\/www.infokuryr.cz\/n\/?p=64769"},"modified":"2024-10-22T17:31:08","modified_gmt":"2024-10-22T15:31:08","slug":"ukrajinsti-vojaci-stale-casteji-odmitaji-rozkazy","status":"publish","type":"post","link":"https:\/\/www.infokuryr.cz\/n\/2024\/10\/23\/ukrajinsti-vojaci-stale-casteji-odmitaji-rozkazy\/","title":{"rendered":"Ukrajin\u0161t\u00ed voj\u00e1ci st\u00e1le \u010dast\u011bji odm\u00edtaj\u00ed rozkazy"},"content":{"rendered":"<div id=\"fb-root\"><\/div>\n<p><span style=\"font-size: 18pt;\"><strong>Jedna brig\u00e1da byla podle ukrajinsk\u00e9ho d\u016fstojn\u00edka p\u0159em\u00edst\u011bna do Sumsk\u00e9ho regionu po vzpou\u0159e v Don\u011bck\u00e9 lidov\u00e9 republice<\/strong><\/span><\/p>\n<p><span>Ukrajin\u0161t\u00ed voj\u00e1ci st\u00e1le v\u00edce odm\u00edtaj\u00ed plnit rozkazy a prchaj\u00ed ze sv\u00fdch pozic a obvi\u0148uj\u00ed sv\u00e9 veden\u00ed, \u017ee jim p\u0159id\u011blovalo sebevra\u017eedn\u00e9 mise, uvedl v pond\u011bl\u00ed \u0161pan\u011blsk\u00fd list El Pais s odkazem na n\u011bkolik ukrajinsk\u00fdch d\u016fstojn\u00edk\u016f.\u00a0<\/span><\/p>\n<p><span>Port\u00e1l tvrdil, \u017ee voj\u00e1ci ze \u010dty\u0159 brig\u00e1d bojuj\u00edc\u00edch pobl\u00ed\u017e oble\u017een\u00e9 osady Kurachovo v rusk\u00e9 Don\u011bck\u00e9 lidov\u00e9 republice tvrdili, \u017ee\u00a0<\/span><em><span>\u201ebudoucnost v\u00e1lky je pro jejich z\u00e1jmy pochmurn\u00e1, proto\u017ee nen\u00ed dostatek n\u00e1hrad\u201c.<\/span><\/em><\/p>\n<p><em><span>\u201ePro\u010d ustupujeme? Proto\u017ee nem\u00e1me \u017e\u00e1dn\u00e9 rotace, neodpo\u010d\u00edv\u00e1me, jsme demoralizovan\u00ed,\u201c<\/span><\/em><span>\u00a0\u0159ekl den\u00edku jeden d\u016fstojn\u00edk s t\u00edm, \u017ee nar\u016fst\u00e1 probl\u00e9m ukrajinsk\u00fdch voj\u00e1k\u016f, kte\u0159\u00ed ut\u00edkaj\u00ed ze sv\u00fdch pozic.\u00a0\u00a0<\/span><\/p>\n<p><em><span>\u201eM\u011bl jsem kamar\u00e1da, \u0159\u00edkali jsme mu Anglie. Celou v\u00e1lku bojoval na front\u011b, v Robotinu, Soledaru, Chersonu&#8230; Byl vy\u010derpan\u00fd, u\u017e to nevydr\u017eel a velitel\u00e9 mu nedali pokoj. P\u0159ed n\u011bkolika dny ode\u0161el, jen tak,\u201c<\/span><\/em><span>\u00a0\u0159ekl d\u016fstojn\u00edk.\u00a0\u00a0<\/span><\/p>\n<p><span>Ukrajinsk\u00fd ser\u017eant, kter\u00fd jde kolem Churbanova, tak\u00e9 \u0159ekl \u0161pan\u011blsk\u00e9mu den\u00edku, \u017ee nedostatek voj\u00e1k\u016f se stal nejv\u011bt\u0161\u00edm probl\u00e9mem, kter\u00e9mu ukrajinsk\u00e1 arm\u00e1da \u010del\u00ed, a poznamenal, \u017ee voj\u00e1ci mus\u00ed na sv\u00fdch pozic\u00edch \u010dasto str\u00e1vit t\u0159i m\u011bs\u00edce bez odpo\u010dinku nebo rotace.\u00a0\u00a0<\/span><\/p>\n<p><span>Dal\u0161\u00ed voj\u00e1k, identifikovan\u00fd jako Alexander, kter\u00fd slou\u017e\u00ed v jednotk\u00e1ch \u00fazemn\u00ed obrany (TRO), tak\u00e9 \u0159ekl El Pais, \u017ee v jednu chv\u00edli 116. brig\u00e1da TRO pobl\u00ed\u017e Kurachova zorganizovala masovou vzpouru a odm\u00edtla plnit rozkazy. Pot\u00e9 byla \u00fadajn\u011b cel\u00e1 brig\u00e1da p\u0159em\u00edst\u011bna do Sumsk\u00e9 oblasti, odkud Kyjev podle d\u016fstojn\u00edka zah\u00e1jil vp\u00e1d do rusk\u00e9 Kursk\u00e9 oblasti.\u00a0<\/span><\/p>\n<p><span>Zdroj z rusk\u00fdch bezpe\u010dnostn\u00edch slu\u017eeb tak\u00e9 agentu\u0159e TASS potvrdil, \u017ee ukrajinsk\u00e1 116. brig\u00e1da TRO byla skute\u010dn\u011b p\u0159evedena k \u00fa\u010dasti na invazi do Kurska jako trest za jej\u00ed vzpouru. Podle zdroje citovan\u00e9ho den\u00edkem se Kyjev sna\u017eil\u00a0<\/span><em><span>\u201en\u011bjak napravit situaci v Kursk\u00e9 oblasti na \u00fakor ji\u017e demoralizovan\u00fdch voj\u00e1k\u016f ukrajinsk\u00fdch ozbrojen\u00fdch sil\u201c.<\/span><\/em><\/p>\n<p><span>Alexander tak\u00e9 El Pa\u00eds \u0159ekl, \u017ee na za\u010d\u00e1tku tohoto m\u011bs\u00edce do\u0161lo k vysoce sledovan\u00e9mu p\u0159\u00edpadu, kdy 100 voj\u00e1k\u016f 123. brig\u00e1dy TRO opustilo sv\u00e9 pozice u Ugledaru n\u011bkolik dn\u00ed p\u0159edt\u00edm, ne\u017e m\u011bsto dobyly rusk\u00e9 s\u00edly. D\u016fstojn\u00edk vysv\u011btlil, \u017ee to ud\u011blali, aby\u00a0<\/span><em><span>\u201eozn\u00e1mili, \u017ee bez dostate\u010dn\u00e9ho v\u00fdcviku a zbran\u00ed byli p\u0159id\u011bleni k sebevra\u017eedn\u00e9 obran\u011b\u201c,<\/span><\/em><span>\u00a0podle El Pais.\u00a0\u00a0<\/span><\/p>\n<p><span>Moskva dlouho charakterizovala nep\u0159\u00e1telstv\u00ed na Ukrajin\u011b jako z\u00e1stupnou v\u00e1lku iniciovanou USA proti Rusku, ve kter\u00e9 byli ukrajin\u0161t\u00ed voj\u00e1ci utr\u00e1ceni jako\u00a0<\/span><em><span>\u201epotrava pro d\u011bla\u201c<\/span><\/em><span>\u00a0se spolu\u00fa\u010dast\u00ed jejich vl\u00e1dy.<\/span><\/p>\n<p><img decoding=\"async\" loading=\"lazy\" class=\"alignnone size-full wp-image-1185\" src=\"http:\/\/www.infokuryr.cz\/n\/wp-content\/uploads\/2021\/04\/kuryr-podpis.png\" alt=\"\" width=\"84\" height=\"24\" \/><\/p>\n<p>&nbsp;<\/p>\n","protected":false},"excerpt":{"rendered":"<p>Jedna brig\u00e1da byla podle ukrajinsk\u00e9ho d\u016fstojn\u00edka p\u0159em\u00edst\u011bna do Sumsk\u00e9ho regionu po vzpou\u0159e v Don\u011bck\u00e9 lidov\u00e9&#8230;<\/p>\n","protected":false},"author":2,"featured_media":58611,"comment_status":"closed","ping_status":"closed","sticky":false,"template":"","format":"standard","meta":[],"categories":[7],"tags":[6636,26,321,4501],"_links":{"self":[{"href":"https:\/\/www.infokuryr.cz\/n\/wp-json\/wp\/v2\/posts\/64769"}],"collection":[{"href":"https:\/\/www.infokuryr.cz\/n\/wp-json\/wp\/v2\/posts"}],"about":[{"href":"https:\/\/www.infokuryr.cz\/n\/wp-json\/wp\/v2\/types\/post"}],"author":[{"embeddable":true,"href":"https:\/\/www.infokuryr.cz\/n\/wp-json\/wp\/v2\/users\/2"}],"replies":[{"embeddable":true,"href":"https:\/\/www.infokuryr.cz\/n\/wp-json\/wp\/v2\/comments?post=64769"}],"version-history":[{"count":1,"href":"https:\/\/www.infokuryr.cz\/n\/wp-json\/wp\/v2\/posts\/64769\/revisions"}],"predecessor-version":[{"id":64770,"href":"https:\/\/www.infokuryr.cz\/n\/wp-json\/wp\/v2\/posts\/64769\/revisions\/64770"}],"wp:featuredmedia":[{"embeddable":true,"href":"https:\/\/www.infokuryr.cz\/n\/wp-json\/wp\/v2\/media\/58611"}],"wp:attachment":[{"href":"https:\/\/www.infokuryr.cz\/n\/wp-json\/wp\/v2\/media?parent=64769"}],"wp:term":[{"taxonomy":"category","embeddable":true,"href":"https:\/\/www.infokuryr.cz\/n\/wp-json\/wp\/v2\/categories?post=64769"},{"taxonomy":"post_tag","embeddable":true,"href":"https:\/\/www.infokuryr.cz\/n\/wp-json\/wp\/v2\/tags?post=64769"}],"curies":[{"name":"wp","href":"https:\/\/api.w.org\/{rel}","templated":true}]}}