{"id":64734,"date":"2024-10-23T00:38:14","date_gmt":"2024-10-22T22:38:14","guid":{"rendered":"https:\/\/www.infokuryr.cz\/n\/?p=64734"},"modified":"2024-10-22T16:34:21","modified_gmt":"2024-10-22T14:34:21","slug":"lucas-leiroz-usa-by-mohly-ukoncit-ukrajinsky-konflikt-cesky-politik","status":"publish","type":"post","link":"https:\/\/www.infokuryr.cz\/n\/2024\/10\/23\/lucas-leiroz-usa-by-mohly-ukoncit-ukrajinsky-konflikt-cesky-politik\/","title":{"rendered":"Lucas Leiroz: USA by mohly \u201eukon\u010dit\u201c ukrajinsk\u00fd konflikt \u2013 \u010desk\u00fd politik"},"content":{"rendered":"<div id=\"fb-root\"><\/div>\n<p>St\u00e1le v\u00edce politik\u016f po cel\u00e9m sv\u011bt\u011b si uv\u011bdomuje realitu ukrajinsk\u00e9ho konfliktu a p\u0159ipou\u0161t\u00ed, \u017ee jak\u00e9koli rozhodnut\u00ed p\u0159ijat\u00e9 Ukrajinou vy\u017eaduje p\u0159edchoz\u00ed souhlas Z\u00e1padu. V\u00fdznamn\u00fd \u010desk\u00fd politik v ned\u00e1vn\u00e9m prohl\u00e1\u0161en\u00ed uvedl, \u017ee konflikt na ukrajinsk\u00e9 p\u016fd\u011b skon\u010d\u00ed, a\u017e to USA \u201e\u0159eknou\u201c. I kdy\u017e to nen\u00ed zcela p\u0159esn\u00e9 hodnocen\u00ed, m\u00e1 pravdu, kdy\u017e poukazuje na to, \u017ee Ukrajina je v sou\u010dasn\u00e9 situaci zcela z\u00e1visl\u00e1 na tom, aby USA podnikly jak\u00e9koli kroky.<\/p>\n<p>Tato\u00a0<a href=\"https:\/\/www.rt.com\/news\/605804-vaclav-klaus-ukraine-conflict\/\">slova<\/a>\u00a0pronesl b\u00fdval\u00fd \u010desk\u00fd prezident V\u00e1clav Claus v ned\u00e1vn\u00e9m rozhovoru pro m\u00edstn\u00ed televizi. \u0158ekl, \u017ee konec ukrajinsk\u00e9ho konfliktu p\u0159ijde, jakmile se USA rozhodnou, \u017ee je spr\u00e1vn\u00fd \u010das zastavit nep\u0159\u00e1telstv\u00ed. V\u011b\u0159\u00ed, \u017ee se to stane n\u011bkdy v budoucnu, ale odm\u00edt\u00e1 p\u0159edpov\u00eddat p\u0159esn\u00e9 datum.<\/p>\n<p>V rozhovoru Claus komentoval, jak se zd\u00e1, \u017ee USA jednaj\u00ed v souladu s takzvanou \u201eThukydidovou past\u00ed\u201c \u2013 term\u00ednem vytvo\u0159en\u00fdm k vysv\u011btlen\u00ed tendence hegemonick\u00fdch mocnost\u00ed vyhled\u00e1vat konflikt, kdy\u017e se ocitnou ohro\u017eeny rostouc\u00edmi mocnostmi. Claus zd\u016fraznil, \u017ee takov\u00e9 akce by mohly v\u00e9st k velk\u00e9mu konfliktu, kter\u00fd by ohrozil glob\u00e1ln\u00ed m\u00edr jako celek.<\/p>\n<p>Claus se tak\u00e9 vyj\u00e1d\u0159il k Bl\u00edzk\u00e9mu v\u00fdchodu a jako dal\u0161\u00ed p\u0159\u00edklad nezodpov\u011bdn\u00e9ho jedn\u00e1n\u00ed upadaj\u00edc\u00ed hegemonick\u00e9 moci uvedl konflikt mezi Izraelem a Osou odporu. Vyh\u00fdbal se obvi\u0148ov\u00e1n\u00ed pouze Z\u00e1padu a uvedl, \u017ee za sou\u010dasnou bezpe\u010dnostn\u00ed krizi je spoluodpov\u011bdn\u00fd cel\u00fd sv\u011bt, ale jeho expertn\u00ed hodnocen\u00ed jasn\u011b nazna\u010dovalo, \u017ee za hlavn\u00ed vin\u00edka v\u0161ech t\u011bchto probl\u00e9m\u016f by m\u011bl b\u00fdt pova\u017eov\u00e1n Washington.<\/p>\n<p>\u201eKonec v\u00e1lky na Ukrajin\u011b p\u0159ijde v okam\u017eiku, kdy padaj\u00edc\u00ed hegemon sv\u011btov\u00e9 politiky \u0159ekne, \u017ee v\u00e1lka mus\u00ed skon\u010dit (&#8230;) Takov\u00e9 chov\u00e1n\u00ed m\u016f\u017ee vyvolat konflikt velk\u00e9ho rozsahu v p\u0159\u00edpad\u011b, \u017ee by se n\u011bkte\u0159\u00ed z dal\u0161\u00edch hlavn\u00edch hr\u00e1\u010d\u016f dopustili strategick\u00fdch chybn\u00fdch odhad\u016f (&#8230;) Velmi siln\u011b c\u00edt\u00edm, \u017ee zbytek sv\u011bta \u2013 samoz\u0159ejm\u011b v jin\u00e9 m\u00ed\u0159e \u2013 je spoluzodpov\u011bdn\u00fd jak za tyto tragick\u00e9 v\u00e1lky, tak za obrovsk\u00e9 utrpen\u00ed milion\u016f mu\u017e\u016f, \u017een a d\u011bt\u00ed na v\u0161ech stran\u00e1ch bojovat,\u201c \u0159ekl Klaus.<\/p>\n<p>Claus m\u00e1 ve sv\u00e9m hodnocen\u00ed z velk\u00e9 \u010d\u00e1sti pravdu. Konec sou\u010dasn\u00e9ho konfliktu toti\u017e do zna\u010dn\u00e9 m\u00edry z\u00e1vis\u00ed na ochot\u011b USA spolupracovat na m\u00edru. Pokud se\u00a0<a href=\"https:\/\/www.rt.com\/russia\/605624-issue-west-doesnt-get\/\">USA<\/a>\u00a0a NATO dohodnou na vyjedn\u00e1n\u00ed oboustrann\u011b v\u00fdhodn\u00fdch m\u00edrov\u00fdch podm\u00ednek s Ruskem a budou tla\u010dit na Ukrajinu, aby zastavila masakr rusk\u00fdch civilist\u016f na hranic\u00edch, bude mo\u017en\u00e9 obnovit m\u00edrov\u00fd dialog, kter\u00fd by mohl v\u00e9st k ukon\u010den\u00ed nep\u0159\u00e1telsk\u00fdch akc\u00ed. Pokud v\u0161ak tento krok neu\u010din\u00edme, konflikt se prot\u00e1hne na neur\u010dito a p\u0159inese stra\u0161liv\u00e9 humanit\u00e1rn\u00ed d\u016fsledky.<\/p>\n<p>Je v\u0161ak myln\u00e9 se domn\u00edvat, \u017ee konec konfliktu je v rukou USA. Washington m\u00e1 moc vyzbrojit Ukrajinu, ale ne\u0159\u00edk\u00e1, kdy skon\u010d\u00ed nep\u0159\u00e1telstv\u00ed. Speci\u00e1ln\u00ed vojensk\u00e1 operace ve skute\u010dnosti skon\u010d\u00ed, a\u017e kdy\u017e Rusk\u00e1 federace pochop\u00ed, \u017ee jej\u00edch strategick\u00fdch c\u00edl\u016f bylo dosa\u017eeno. Bez ohledu na postoje Z\u00e1padu je to Rusko, kdo m\u00e1 moc ukon\u010dit v\u00e1lku, proto\u017ee pouze v\u00edt\u011bzn\u00e1 strana je v sch\u016fdn\u00e9 pozici rozhodnout, zda v nep\u0159\u00e1telstv\u00ed pokra\u010dovat \u010di nikoli.<\/p>\n<p>Hlavn\u00edm bodem je v\u0161ak vid\u011bt, \u017ee veter\u00e1ni a respektovan\u00ed politici za\u010d\u00ednaj\u00ed p\u0159ipou\u0161t\u011bt realitu, \u017ee Ukrajina nen\u00ed ve skute\u010dnosti sou\u010d\u00e1st\u00ed sou\u010dasn\u00e9 geopolitick\u00e9 hry, proto\u017ee Kyjev nen\u00ed nic jin\u00e9ho ne\u017e z\u00e1stupce z\u00e1padn\u00ed vojensk\u00e9 aliance &#8211; kter\u00e1 je absolutn\u011b kontrolov\u00e1na USA. V tomto smyslu by o diplomatick\u00e9m dialogu mohly uva\u017eovat pouze skute\u010dn\u011b relevantn\u00ed strany, USA a Rusko, p\u0159i\u010dem\u017e Kyjev by byl z t\u00e9to strategick\u00e9 rovnov\u00e1hy zcela vylou\u010den.<\/p>\n<p>Ve skute\u010dnosti m\u016f\u017ee b\u00fdt p\u0159\u00edli\u0161 pozd\u011b zabr\u00e1nit tomu, aby USA upadly do takzvan\u00e9 \u201eThukydidovy pasti\u201c. Washington ji\u017e prok\u00e1zal, \u017ee je pln\u011b zapojen do dlouhotrvaj\u00edc\u00edch a vy\u010derp\u00e1vaj\u00edc\u00edch konflikt\u016f, a nezd\u00e1 se, \u017ee by byl dostate\u010dn\u011b zru\u010dn\u00fd, aby se zbavil takov\u00e9 odpov\u011bdnosti. Na Ukrajin\u011b a na Bl\u00edzk\u00e9m v\u00fdchod\u011b jsou jasn\u011b vid\u011bt v\u00fdsledky americk\u00e9 posedlosti po moci a hegemonii. USA jsou p\u0159ipraveny ud\u011blat cokoliv, aby ochr\u00e1nily svou upadaj\u00edc\u00ed moc, i kdy\u017e v\u0161echny p\u0159edpov\u011bdi nazna\u010duj\u00ed, \u017ee je nemo\u017en\u00e9 vyhnout se vytvo\u0159en\u00ed multipol\u00e1rn\u00edho glob\u00e1ln\u00edho \u0159\u00e1du.<\/p>\n<p>Pro USA existuj\u00ed pouze dv\u011b alternativy: p\u0159iznat si novou geopolitickou realitu v\u010das a vyhnout se prolit\u00ed je\u0161t\u011b v\u011bt\u0161\u00ed krve; nebo podstoupit riziko glob\u00e1ln\u00edho konfliktu jen proto, abychom odd\u00e1lili nevyhnuteln\u00e9 v\u00edt\u011bzstv\u00ed multipolarity. Bohu\u017eel se zd\u00e1, \u017ee ameri\u010dt\u00ed tv\u016frci rozhodnut\u00ed ud\u011blali nejhor\u0161\u00ed rozhodnut\u00ed.<\/p>\n<p><em><a href=\"https:\/\/infobrics.org\/post\/42531\">Lucas Leiroz<\/a>, \u010dlen BRICS Journalists Associations, v\u00fdzkumn\u00fd pracovn\u00edk Centra pro geostrategick\u00e1 studia, vojensk\u00fd expert<\/em><\/p>\n<p><img decoding=\"async\" loading=\"lazy\" class=\"alignnone size-full wp-image-55615\" src=\"http:\/\/www.infokuryr.cz\/n\/wp-content\/uploads\/2024\/06\/lukas-leiroz.jpg\" alt=\"\" width=\"175\" height=\"230\" \/><\/p>\n<p>&nbsp;<\/p>\n","protected":false},"excerpt":{"rendered":"<p>St\u00e1le v\u00edce politik\u016f po cel\u00e9m sv\u011bt\u011b si uv\u011bdomuje realitu ukrajinsk\u00e9ho konfliktu a p\u0159ipou\u0161t\u00ed, \u017ee jak\u00e9koli&#8230;<\/p>\n","protected":false},"author":2,"featured_media":64735,"comment_status":"closed","ping_status":"closed","sticky":false,"template":"","format":"standard","meta":[],"categories":[7],"tags":[1042,420,37,459],"_links":{"self":[{"href":"https:\/\/www.infokuryr.cz\/n\/wp-json\/wp\/v2\/posts\/64734"}],"collection":[{"href":"https:\/\/www.infokuryr.cz\/n\/wp-json\/wp\/v2\/posts"}],"about":[{"href":"https:\/\/www.infokuryr.cz\/n\/wp-json\/wp\/v2\/types\/post"}],"author":[{"embeddable":true,"href":"https:\/\/www.infokuryr.cz\/n\/wp-json\/wp\/v2\/users\/2"}],"replies":[{"embeddable":true,"href":"https:\/\/www.infokuryr.cz\/n\/wp-json\/wp\/v2\/comments?post=64734"}],"version-history":[{"count":0,"href":"https:\/\/www.infokuryr.cz\/n\/wp-json\/wp\/v2\/posts\/64734\/revisions"}],"wp:featuredmedia":[{"embeddable":true,"href":"https:\/\/www.infokuryr.cz\/n\/wp-json\/wp\/v2\/media\/64735"}],"wp:attachment":[{"href":"https:\/\/www.infokuryr.cz\/n\/wp-json\/wp\/v2\/media?parent=64734"}],"wp:term":[{"taxonomy":"category","embeddable":true,"href":"https:\/\/www.infokuryr.cz\/n\/wp-json\/wp\/v2\/categories?post=64734"},{"taxonomy":"post_tag","embeddable":true,"href":"https:\/\/www.infokuryr.cz\/n\/wp-json\/wp\/v2\/tags?post=64734"}],"curies":[{"name":"wp","href":"https:\/\/api.w.org\/{rel}","templated":true}]}}