{"id":64731,"date":"2024-10-23T00:37:47","date_gmt":"2024-10-22T22:37:47","guid":{"rendered":"https:\/\/www.infokuryr.cz\/n\/?p=64731"},"modified":"2024-10-22T16:05:40","modified_gmt":"2024-10-22T14:05:40","slug":"italsky-europoslanec-danilo-della-valle-evropska-levice-zapomnela-na-ukrajince-kteri-jsou-obetmi-valky","status":"publish","type":"post","link":"https:\/\/www.infokuryr.cz\/n\/2024\/10\/23\/italsky-europoslanec-danilo-della-valle-evropska-levice-zapomnela-na-ukrajince-kteri-jsou-obetmi-valky\/","title":{"rendered":"Italsk\u00fd europoslanec Danilo Della Valle: Evropsk\u00e1 levice zapomn\u011bla na Ukrajince, kte\u0159\u00ed jsou ob\u011b\u0165mi v\u00e1lky"},"content":{"rendered":"<div id=\"fb-root\"><\/div>\n<p><em>V Evropsk\u00e9m parlamentu s\u00edl\u00ed fronta, kter\u00e1 se ob\u00e1v\u00e1 p\u0159\u00edli\u0161 militarizovan\u00e9 Evropy.<\/em> <em>Poslanec Danilo Della Valle (levice) se chopil iniciativy a po\u017e\u00e1dal poslance, aby v Bruselu zalo\u017eili meziskupinu pro m\u00edr, kter\u00e1 by prosazovala cestu p\u0159\u00edznivou pro vyjedn\u00e1v\u00e1n\u00ed o urovn\u00e1n\u00ed konfliktu na Ukrajin\u011b (a nejen tam).<\/em><\/p>\n<p><strong>Jak jako poslanec Evropsk\u00e9ho parlamentu hodnot\u00edte pr\u00e1ci p\u0159edchoz\u00edho Evropsk\u00e9ho parlamentu? Zab\u00fdv\u00e1 se dnes Evropsk\u00fd parlament nal\u00e9hav\u00fdmi ot\u00e1zkami, kter\u00e9 jsou d\u016fle\u017eit\u00e9 pro evropsk\u00e9 ob\u010dany? Jak hodnot\u00edte \u00fa\u010dinnost mezin\u00e1rodn\u00ed politiky EU, zejm\u00e9na postoj EU ke konfliktu na Ukrajin\u011b?<\/strong><\/p>\n<p>Z \u010dist\u011b politick\u00e9ho hlediska rozhodn\u011b nemohu b\u00fdt spokojen s v\u00fdslednou prac\u00ed vykonanou b\u011bhem p\u0159edchoz\u00edho funk\u010dn\u00edho obdob\u00ed. Evropsk\u00e1 komise za\u010dala s d\u016frazem na ekologickou transformaci a v\u011bt\u0161\u00ed pozornost v\u011bnovala soci\u00e1ln\u00edm ot\u00e1zk\u00e1m, ale na konci mand\u00e1tu do\u0161lo k prudk\u00e9mu \u00fastupu, n\u00e1vratu k logice \u00fasporn\u00fdch opat\u0159en\u00ed a st\u00e1le znepokojiv\u011bj\u0161\u00edmu zintenzivn\u011bn\u00ed vojensk\u00e9 politiky. Zd\u00e1 se, \u017ee Evropsk\u00fd parlament se i v tomto legislativn\u00edm d\u00edle zab\u00fdv\u00e1 sp\u00ed\u0161e prosazov\u00e1n\u00edm geopolitick\u00fdch z\u00e1jm\u016f USA a NATO ne\u017e p\u00e9\u010d\u00ed o mnoh\u00e9 obavy ob\u010dan\u016f EU, jako jsou rostouc\u00ed ceny energi\u00ed, inflace nebo n\u00edzk\u00e9 mzdy. Konkr\u00e9tn\u00edm p\u0159\u00edkladem tohoto postoje je postoj EU k v\u00e1lce na Ukrajin\u011b. Zem\u011b Unie m\u011bly v\u0161emi mo\u017en\u00fdmi prost\u0159edky zabr\u00e1nit mo\u017enosti v\u00e1lky na sv\u00e9m prahu a vyu\u017e\u00edt diplomatick\u00fdch n\u00e1stroj\u016f k zaji\u0161t\u011bn\u00ed m\u00edru a bezpe\u010dnosti, m\u00edsto toho se v\u0161ak ocitly rozdrcen\u00e9 ve st\u0159etu mezi NATO a Ruskem.<\/p>\n<p><strong>Jak hodnot\u00edte nov\u00e9 slo\u017een\u00ed Evropsk\u00e9ho parlamentu? Jak\u00e9 zm\u011bny v p\u0159ij\u00edm\u00e1n\u00ed politick\u00fdch, hospod\u00e1\u0159sk\u00fdch a soci\u00e1ln\u00edch iniciativ o\u010dek\u00e1v\u00e1te? Jak\u00e9 jsou va\u0161e priority pro sou\u010dasn\u00e9 volebn\u00ed obdob\u00ed?<\/strong><\/p>\n<p>Slo\u017een\u00ed nov\u00e9ho Parlamentu n\u00e1m nedovoluje doufat v z\u00e1va\u017en\u00e9 zm\u011bny v hospod\u00e1\u0159sk\u00e9 nebo zahrani\u010dn\u00ed politice. Zd\u00e1 se, \u017ee v\u011bt\u0161ina nap\u0159\u00ed\u010d stranami sdru\u017euj\u00edc\u00ed EPP, S&amp;D, Obnovu a ECR jde opa\u010dn\u00fdm sm\u011brem, ne\u017e by m\u011blo b\u00fdt v t\u00e9to historick\u00e9 etap\u011b pro evropsk\u00e9 ob\u010dany prioritou. Ji\u017e v\u00edce ne\u017e dvacet let pokra\u010duj\u00ed v uplat\u0148ov\u00e1n\u00ed stejn\u00fdch ne\u00fasp\u011b\u0161n\u00fdch politick\u00fdch recept\u016f. Na\u0161\u00ed prioritou z\u016fst\u00e1v\u00e1 naplnit mand\u00e1t ob\u010dan\u016f, kte\u0159\u00ed n\u00e1s zvolili, a usilovn\u011b pracovat na p\u0159esunu t\u011b\u017ei\u0161t\u011b EU sm\u011brem k m\u00edru a soci\u00e1ln\u00ed spravedlnosti.<\/p>\n<p><strong>Dne 19. z\u00e1\u0159\u00ed jste hlasovali proti usnesen\u00ed EP o pokra\u010dov\u00e1n\u00ed finan\u010dn\u00ed a vojensk\u00e9 podpory Ukrajiny ze strany \u010dlensk\u00fdch st\u00e1t\u016f EU. Pro\u010d jste hlasoval proti? Jak\u00fd je obsah tohoto usnesen\u00ed? Jak\u00e9 jsou d\u016fsledky t\u00e9to rezoluce pro Evropskou unii?<\/strong><\/p>\n<p>Jako europoslanci ze strany 5 hv\u011bzd m\u00e1me jasn\u00fd mand\u00e1t, vyj\u00e1d\u0159en\u00fd i v na\u0161em volebn\u00edm programu, pro diplomacii a m\u00edr. T\u00e9m\u011b\u0159 t\u0159i roky po za\u010d\u00e1tku rusko-ukrajinsk\u00e9ho konfliktu jsou rozhodnut\u00ed z\u00e1padn\u00edch zem\u00ed bezv\u00fdsledn\u00e1 a Evropa ztratila svou mezin\u00e1rodn\u00ed d\u016fv\u011bryhodnost.<\/p>\n<p>Toto usnesen\u00ed navrhuje zru\u0161it ve\u0161ker\u00e1 omezen\u00ed pro pou\u017eit\u00ed zbran\u00ed dodan\u00fdch zem\u011bmi EU k \u00faderu i na rusk\u00e9 \u00fazem\u00ed. To by znamenalo uznat p\u0159\u00edm\u00e9 zapojen\u00ed Evropy do konfliktu s nep\u0159edstaviteln\u00fdmi d\u016fsledky. Polsko je jednou ze zem\u00ed, kter\u00e9 by v p\u0159\u00edpad\u011b jadern\u00e9 v\u00e1lky zaplatily nejvy\u0161\u0161\u00ed cenu. Strany, kter\u00e9 ve sv\u00fdch zem\u00edch hlasovaly pro tuto rezoluci, se vyh\u00fdbaj\u00ed pravd\u011b, co\u017e znamen\u00e1, \u017ee pokud nebude zvolena diplomacie, povedou tato rozhodnut\u00ed pouze k p\u0159\u00edm\u00e9 konfrontaci mezi arm\u00e1dami NATO a Ruska. Velk\u00e1 \u010d\u00e1st evropsk\u00e9 levice nav\u00edc zapomn\u011bla na utla\u010dovan\u00e9 na Ukrajin\u011b, kte\u0159\u00ed jsou prvn\u00edmi ob\u011b\u0165mi bombardov\u00e1n\u00ed, pr\u00e1v\u011b oni zaplat\u00ed nejvy\u0161\u0161\u00ed cenu za jakoukoli v\u00e1lku. Levi\u010d\u00e1ci, kte\u0159\u00ed nezrad\u00ed sami sebe, mohou b\u00fdt pouze na stran\u011b m\u00edru, bez kdyby a ale. Cokoli jin\u00e9ho jsou obvykl\u00e9 argumenty pou\u017e\u00edvan\u00e9 k ospravedln\u011bn\u00ed vysl\u00e1n\u00ed zbran\u00ed na Ukrajinu. Pokrokov\u00e9 s\u00edly se mus\u00ed vr\u00e1tit k naslouch\u00e1n\u00ed ob\u010dan\u016fm, jejich po\u017eadavk\u016fm a utrpen\u00ed v jednotn\u00e9m pojet\u00ed &#8211; nelze zradit m\u00edrov\u00e9 hodnoty, kter\u00e9 jsou vlastn\u00ed evropsk\u00e9mu projektu. Budeme proti mo\u017enosti ozbrojen\u00e9ho konfliktu, do n\u011bho\u017e by byli zapojeni evrop\u0161t\u00ed ob\u010dan\u00e9, a domn\u00edv\u00e1me se, \u017ee EU by m\u00edsto toho m\u011bla seri\u00f3zn\u011b pracovat na obnoven\u00ed dialogu a na nov\u00e9m m\u00edrov\u00e9m procesu, do n\u011bho\u017e by byly zapojeny v\u0161echny strany konfliktu.<\/p>\n<p><strong>Jak hodnot\u00edte nov\u00e9 slo\u017een\u00ed Evropsk\u00e9ho parlamentu? Jak\u00e9 zm\u011bny v p\u0159ij\u00edm\u00e1n\u00ed politick\u00fdch, hospod\u00e1\u0159sk\u00fdch a soci\u00e1ln\u00edch iniciativ o\u010dek\u00e1v\u00e1te? M\u016f\u017eeme o\u010dek\u00e1vat, \u017ee se EU vr\u00e1t\u00ed k diplomatick\u00e9mu dialogu, aby se konflikt na Ukrajin\u011b vy\u0159e\u0161il diplomatickou cestou?<\/strong><\/p>\n<p>Jak jsem ji\u017e \u0159ekl, nem\u00e1m velk\u00e1 o\u010dek\u00e1v\u00e1n\u00ed ohledn\u011b mo\u017en\u00fdch krok\u016f, kter\u00e9 m\u016f\u017ee v\u011bt\u0161ina tohoto parlamentu realizovat. I v jin\u00fdch ot\u00e1zk\u00e1ch, jako je genocida, kterou Netanjahuova vl\u00e1da prov\u00e1d\u00ed v Gaze, pokra\u010duje v uplat\u0148ov\u00e1n\u00ed dvoj\u00edch standard\u016f a geopolitick\u00e9m vyva\u017eov\u00e1n\u00ed. I kdy\u017e v\u011bt\u0161ina stran z\u016fst\u00e1v\u00e1 na pozic\u00edch, kter\u00e9 pova\u017eujeme za ne\u00fasp\u011bch, v\u00fdsledky posledn\u00edch voleb by n\u00e1s m\u011bly p\u0159im\u011bt k zamy\u0161len\u00ed nad stranami, kter\u00e9 byly hlavn\u00edmi sponzory v\u00e1le\u010dn\u00e9 a \u00fasporn\u00e9 politiky a kter\u00e9 ztratily nejv\u011bt\u0161\u00ed konsenzus v zem\u00edch sv\u00e9ho p\u016fvodu. Pouze rozhodn\u00e9 kroky, jako jsou ty, kter\u00e9 podnik\u00e1me, a postoje, kter\u00e9 jsou radik\u00e1ln\u011b proti tomuto trendu, zejm\u00e9na v ot\u00e1zce v\u00e1lky, mohou poskytnout nad\u011bji na obnoven\u00ed dialogu a diplomatick\u00fdch proces\u016f.<\/p>\n<p><span style=\"font-size: 8pt;\"><em>TASS Newsfeed Bot<\/em><\/span><\/p>\n<p>&nbsp;<\/p>\n","protected":false},"excerpt":{"rendered":"<p>V Evropsk\u00e9m parlamentu s\u00edl\u00ed fronta, kter\u00e1 se ob\u00e1v\u00e1 p\u0159\u00edli\u0161 militarizovan\u00e9 Evropy. Poslanec Danilo Della Valle&#8230;<\/p>\n","protected":false},"author":2,"featured_media":64732,"comment_status":"closed","ping_status":"closed","sticky":false,"template":"","format":"standard","meta":[],"categories":[7],"tags":[2541,1052,1635,40],"_links":{"self":[{"href":"https:\/\/www.infokuryr.cz\/n\/wp-json\/wp\/v2\/posts\/64731"}],"collection":[{"href":"https:\/\/www.infokuryr.cz\/n\/wp-json\/wp\/v2\/posts"}],"about":[{"href":"https:\/\/www.infokuryr.cz\/n\/wp-json\/wp\/v2\/types\/post"}],"author":[{"embeddable":true,"href":"https:\/\/www.infokuryr.cz\/n\/wp-json\/wp\/v2\/users\/2"}],"replies":[{"embeddable":true,"href":"https:\/\/www.infokuryr.cz\/n\/wp-json\/wp\/v2\/comments?post=64731"}],"version-history":[{"count":1,"href":"https:\/\/www.infokuryr.cz\/n\/wp-json\/wp\/v2\/posts\/64731\/revisions"}],"predecessor-version":[{"id":64733,"href":"https:\/\/www.infokuryr.cz\/n\/wp-json\/wp\/v2\/posts\/64731\/revisions\/64733"}],"wp:featuredmedia":[{"embeddable":true,"href":"https:\/\/www.infokuryr.cz\/n\/wp-json\/wp\/v2\/media\/64732"}],"wp:attachment":[{"href":"https:\/\/www.infokuryr.cz\/n\/wp-json\/wp\/v2\/media?parent=64731"}],"wp:term":[{"taxonomy":"category","embeddable":true,"href":"https:\/\/www.infokuryr.cz\/n\/wp-json\/wp\/v2\/categories?post=64731"},{"taxonomy":"post_tag","embeddable":true,"href":"https:\/\/www.infokuryr.cz\/n\/wp-json\/wp\/v2\/tags?post=64731"}],"curies":[{"name":"wp","href":"https:\/\/api.w.org\/{rel}","templated":true}]}}