{"id":64695,"date":"2024-10-22T00:49:14","date_gmt":"2024-10-21T22:49:14","guid":{"rendered":"https:\/\/www.infokuryr.cz\/n\/?p=64695"},"modified":"2024-10-21T17:54:44","modified_gmt":"2024-10-21T15:54:44","slug":"kreml-zpochybnuje-vysledky-voleb-v-moldavsku","status":"publish","type":"post","link":"https:\/\/www.infokuryr.cz\/n\/2024\/10\/22\/kreml-zpochybnuje-vysledky-voleb-v-moldavsku\/","title":{"rendered":"Kreml zpochyb\u0148uje v\u00fdsledky voleb v Moldavsku"},"content":{"rendered":"<div id=\"fb-root\"><\/div>\n<p><span style=\"font-size: 18pt;\"><strong>N\u00e1hl\u00fd n\u00e1r\u016fst hlas\u016f ve prosp\u011bch \u00fa\u0159aduj\u00edc\u00ed moldavsk\u00e9 prezidentky Maii Sanduov\u00e9 je podle mluv\u010d\u00edho Dmitrije Peskova \u201eobt\u00ed\u017en\u00e9 vysv\u011btlit\u201c<\/strong><\/span><\/p>\n<p><span>N\u011bkter\u00e9 aspekty v\u00edkendov\u00fdch prezidentsk\u00fdch voleb v Moldavsku vyvol\u00e1vaj\u00ed\u00a0<\/span><em><span>\u201emnoho ot\u00e1zek\u201c,<\/span><\/em><span>\u00a0\u0159ekl v pond\u011bl\u00ed mluv\u010d\u00ed Kremlu Dmitrij Peskov, kdy\u017e komentoval to, co nazval neobvykl\u00fdm n\u00e1r\u016fstem hlas\u016f pro prezidentku pro EU Maiu Sanduovou.<\/span><\/p>\n<p><span>B\u011bhem ned\u011bln\u00edho hlasov\u00e1n\u00ed z\u00edskala Sandu 42 % hlas\u016f, zat\u00edmco jej\u00ed hlavn\u00ed rival, Strana socialist\u016f Alexandr Stoianoglo, z\u00edskal 26 %. Proto\u017ee se ani jednomu z kandid\u00e1t\u016f nepoda\u0159ilo z\u00edskat absolutn\u00ed v\u011bt\u0161inu, p\u0159\u00ed\u0161t\u00ed m\u011bs\u00edc se bude konat druh\u00e9 kolo, kter\u00e9 ur\u010d\u00ed v\u00edt\u011bze.<\/span><\/p>\n<p><span>Ve stejn\u00fd den se konalo referendum o definov\u00e1n\u00ed vstupu do EU jako n\u00e1rodn\u00edho c\u00edle v moldavsk\u00e9 \u00fastav\u011b. Hlas \u201eano\u201c z\u00edskal podporu 50,31 % \u00fa\u010dastn\u00edk\u016f, zat\u00edmco 49,69 % hlasovalo proti.<\/span><\/p>\n<p><span>V koment\u00e1\u0159i k v\u00fdsledk\u016fm t\u011bchto hlasov\u00e1n\u00ed v pond\u011bl\u00ed Peskov uvedl, \u017ee Moskva m\u00e1\u00a0<\/span><em><span>\u201emnoho ot\u00e1zek\u201c<\/span><\/em><span>\u00a0ohledn\u011b procesu a v\u00fdsledk\u016f.<\/span><\/p>\n<p><em><span>\u201ePrvn\u00ed v\u011bc, kterou vid\u00edme, je samoz\u0159ejm\u011b obt\u00ed\u017enost vysv\u011btlit tempo r\u016fstu hlas\u016f pro Sandua a dal\u0161\u00ed \u00fa\u010dastn\u00edky referenda, kte\u0159\u00ed se klon\u00ed k Evropsk\u00e9 unii,\u201c<\/span><\/em><span>\u00a0\u0159ekl mluv\u010d\u00ed s t\u00edm, \u017ee\u00a0<\/span><em><span>\u201eka\u017ed\u00fd pozorovatel, kter\u00fd ch\u00e1pe podstatu politick\u00fdch proces\u016f i trochu m\u016f\u017ee zaznamenat anom\u00e1lie s r\u016fstem hlas\u016f.<\/span><\/em><\/p>\n<p><span>Uvedl tak\u00e9, \u017ee je p\u0159ekvapiv\u00e9, kolik lid\u00ed v Moldavsku zjevn\u011b protestovalo proti Sanduov\u011b ideologii, p\u0159esto\u017ee opozice byla v\u00fdrazn\u011b omezena ve sv\u00e9 schopnosti v\u00e9st volebn\u00ed kampa\u0148.<\/span><\/p>\n<p><em><span>\u201eOpozi\u010dn\u00ed s\u00edly byly zbaveny mo\u017enosti zapojit se do jak\u00e9koli kampan\u011b, tedy zapojit se do volebn\u00edho procesu, proto\u017ee byly pron\u00e1sledov\u00e1ny, uvr\u017eeny do v\u011bzen\u00ed, vysl\u00fdch\u00e1ny, nebyli vpu\u0161t\u011bni do zem\u011b, zat\u00edmco m\u00e9dia byla zav\u0159ena a internetov\u00e9 zdroje byly zablokov\u00e1ny a tak d\u00e1le,\u201c<\/span><\/em><span>\u00a0\u0159ekl Peskov.<\/span><\/p>\n<p><em><span>\u201eI v podm\u00ednk\u00e1ch tak nesvobodn\u00e9 volebn\u00ed kampan\u011b vid\u00edme, kolik lid\u00ed nen\u00ed zast\u00e1nci ideologie sou\u010dasn\u00e9ho prezidenta Sandua. To p\u0159itahuje pozornost,\u201c<\/span><\/em><span>\u00a0dodal.<\/span><\/p>\n<p><span>Po ned\u011bln\u00edm hlasov\u00e1n\u00ed Sandu prohl\u00e1sil, \u017ee v zemi\u00a0do\u0161lo k\u00a0<\/span><em><span>\u201ebezprecedentn\u00edmu \u00fatoku na svobodu a demokracii\u201c a \u017ee\u00a0<\/span><\/em><em><span>\u201ezlo\u010dineck\u00e9 skupiny\u201c<\/span><\/em><span>\u00a0a\u00a0<\/span><em><span>\u201enep\u0159\u00e1telsk\u00e9 zahrani\u010dn\u00ed s\u00edly\u201c<\/span><\/em><span>\u00a0se pokusily destabilizovat republiku.\u00a0<\/span><\/p>\n<p><span>Peskov na tato obvin\u011bn\u00ed reagoval v\u00fdzvou Sandu, aby p\u0159edlo\u017eila d\u016fkazy, a po\u017eadoval po n\u00ed vysv\u011btlen\u00ed, koho myslela\u00a0<\/span><em><span>\u201ezlo\u010dineck\u00fdmi skupinami\u201c.<\/span><\/em><\/p>\n<p><em><span>\u201eBylo by hezk\u00e9, kdyby vysv\u011btlila po\u010det hlas\u016f, kter\u00e9 nesouhlas\u00ed s jej\u00edm postojem. Jsou to tak\u00e9 zlo\u010dineck\u00e9 skupiny? Nebo t\u00edm mysl\u00ed, \u017ee moldav\u0161t\u00ed ob\u010dan\u00e9, kte\u0159\u00ed ji nepodporuj\u00ed, jsou spojov\u00e1ni se zlo\u010dineck\u00fdmi skupinami?<\/span><\/em><span>\u00a0zeptal se mluv\u010d\u00ed.<\/span><\/p>\n<p><img decoding=\"async\" loading=\"lazy\" class=\"alignnone size-full wp-image-1185\" src=\"http:\/\/www.infokuryr.cz\/n\/wp-content\/uploads\/2021\/04\/kuryr-podpis.png\" alt=\"\" width=\"84\" height=\"24\" \/><\/p>\n<p>&nbsp;<\/p>\n","protected":false},"excerpt":{"rendered":"<p>N\u00e1hl\u00fd n\u00e1r\u016fst hlas\u016f ve prosp\u011bch \u00fa\u0159aduj\u00edc\u00ed moldavsk\u00e9 prezidentky Maii Sanduov\u00e9 je podle mluv\u010d\u00edho Dmitrije Peskova&#8230;<\/p>\n","protected":false},"author":2,"featured_media":64696,"comment_status":"closed","ping_status":"closed","sticky":false,"template":"","format":"standard","meta":[],"categories":[7],"tags":[1065,1506,27,8091],"_links":{"self":[{"href":"https:\/\/www.infokuryr.cz\/n\/wp-json\/wp\/v2\/posts\/64695"}],"collection":[{"href":"https:\/\/www.infokuryr.cz\/n\/wp-json\/wp\/v2\/posts"}],"about":[{"href":"https:\/\/www.infokuryr.cz\/n\/wp-json\/wp\/v2\/types\/post"}],"author":[{"embeddable":true,"href":"https:\/\/www.infokuryr.cz\/n\/wp-json\/wp\/v2\/users\/2"}],"replies":[{"embeddable":true,"href":"https:\/\/www.infokuryr.cz\/n\/wp-json\/wp\/v2\/comments?post=64695"}],"version-history":[{"count":0,"href":"https:\/\/www.infokuryr.cz\/n\/wp-json\/wp\/v2\/posts\/64695\/revisions"}],"wp:featuredmedia":[{"embeddable":true,"href":"https:\/\/www.infokuryr.cz\/n\/wp-json\/wp\/v2\/media\/64696"}],"wp:attachment":[{"href":"https:\/\/www.infokuryr.cz\/n\/wp-json\/wp\/v2\/media?parent=64695"}],"wp:term":[{"taxonomy":"category","embeddable":true,"href":"https:\/\/www.infokuryr.cz\/n\/wp-json\/wp\/v2\/categories?post=64695"},{"taxonomy":"post_tag","embeddable":true,"href":"https:\/\/www.infokuryr.cz\/n\/wp-json\/wp\/v2\/tags?post=64695"}],"curies":[{"name":"wp","href":"https:\/\/api.w.org\/{rel}","templated":true}]}}