{"id":64694,"date":"2024-10-22T00:48:57","date_gmt":"2024-10-21T22:48:57","guid":{"rendered":"https:\/\/www.infokuryr.cz\/n\/?p=64694"},"modified":"2024-10-21T17:51:04","modified_gmt":"2024-10-21T15:51:04","slug":"kreml-reaguje-na-trumpovu-hrozbu-raketovym-uderem-na-moskvu","status":"publish","type":"post","link":"https:\/\/www.infokuryr.cz\/n\/2024\/10\/22\/kreml-reaguje-na-trumpovu-hrozbu-raketovym-uderem-na-moskvu\/","title":{"rendered":"Kreml reaguje na Trumpovu hrozbu \u201eraketov\u00fdm \u00faderem na Moskvu\u201c"},"content":{"rendered":"<div id=\"fb-root\"><\/div>\n<p><span style=\"font-size: 18pt;\"><strong>Koment\u00e1\u0159e republik\u00e1nsk\u00e9ho kandid\u00e1ta jsou sou\u010d\u00e1st\u00ed jeho volebn\u00ed r\u00e9toriky, \u0159ekl Dmitrij Peskov<\/strong><\/span><\/p>\n<p><span>Tvrzen\u00ed republik\u00e1nsk\u00e9ho kandid\u00e1ta na prezidenta Donalda Trumpa, \u017ee pohrozil rusk\u00e9mu prezidentovi Vladimiru Putinovi \u00faderem na Moskvu, lze p\u0159i\u010d\u00edst americk\u00e9 volebn\u00ed r\u00e9torice, uvedl v pond\u011bl\u00ed mluv\u010d\u00ed Kremlu Dmitrij Peskov.<\/span><\/p>\n<p><span>Trump v p\u00e1tek v rozhovoru pro Wall Street Journal \u0159ekl, \u017ee kdy\u017e byl prezidentem, varoval Putina, \u017ee se zam\u011b\u0159\u00ed na Moskvu, pokud se Rusko rozhodne pou\u017e\u00edt proti Ukrajin\u011b s\u00edlu.<\/span><\/p>\n<p><span>Kdy\u017e ho novin\u00e1\u0159i v pond\u011bl\u00ed po\u017e\u00e1dali, aby se t\u00edmto probl\u00e9mem zab\u00fdval, odpov\u011bd\u011bl, \u017ee rusk\u00e9 \u00fa\u0159ady se dr\u017e\u00ed sv\u00e9ho\u00a0<\/span><em><span>\u201evelmi odpov\u011bdn\u00e9ho postoje, \u017ee nezve\u0159ej\u0148uj\u00ed obsah rozhovor\u016f, kter\u00e9 jsou vedeny na nejvy\u0161\u0161\u00ed \u00farovni\u201c.<\/span><\/em><\/p>\n<p><em><span>\u201e\u0158ada sv\u011btov\u00fdch l\u00eddr\u016f tento postoj bohu\u017eel nedodr\u017euje a v tomto p\u0159\u00edpad\u011b nedodr\u017euje takovou informa\u010dn\u00ed hygienu, ale to je na jejich sv\u011bdom\u00ed,\u201c<\/span><\/em><span>\u00a0zd\u016fraznil.<\/span><\/p>\n<p><span>Peskov poznamenal, \u017ee\u00a0<\/span><em><span>\u201ev sou\u010dasn\u00e9 dob\u011b existuje mnoho r\u016fzn\u00fdch ohniv\u00fdch, velmi emotivn\u00edch prohl\u00e1\u0161en\u00ed [prob\u00edhaj\u00ed] v USA jako sou\u010d\u00e1st volebn\u00ed kampan\u011b, zejm\u00e9na v jej\u00ed z\u00e1v\u011bre\u010dn\u00e9 f\u00e1zi.<\/span><\/em><\/p>\n<p><span>Podle posledn\u00edho pr\u016fzkumu Decision Desk HQ\/The Hill se Trump dostal p\u0159ed svou demokratickou rivalku Kamalu Harrisovou. Od ned\u011ble se \u0161ance b\u00fdval\u00e9ho prezidenta na v\u00edt\u011bzstv\u00ed odhaduj\u00ed na 52 %, zat\u00edmco Harris m\u00e1 podle pr\u016fzkumu 48% \u0161anci na obsazen\u00ed B\u00edl\u00e9ho domu.<\/span><\/p>\n<p><span>V rozhovoru pro WSJ Trump tvrdil, \u017ee m\u00e1 s Putinem vynikaj\u00edc\u00ed vztahy, ale v ur\u010dit\u00e9m okam\u017eiku musel rusk\u00e9mu v\u016fdci \u0159\u00edci, \u017ee\u00a0<\/span><em><span>\u201ejestli p\u016fjde\u0161 po Ukrajin\u011b, tak t\u011b pra\u0161t\u00edm tak tvrd\u011b, dokonce tomu bude v\u011b\u0159it. Ude\u0159\u00edm t\u011b p\u0159\u00edmo uprost\u0159ed zkurven\u00e9 Moskvy&#8230; Jsme p\u0159\u00e1tel\u00e9. Nechci to ud\u011blat, ale nem\u00e1m na v\u00fdb\u011br.&#8220;<\/span><\/em><\/p>\n<p><span>Trumpovo funk\u010dn\u00ed obdob\u00ed vypr\u0161elo na za\u010d\u00e1tku roku 2021, tedy v\u00edce ne\u017e rok p\u0159ed zah\u00e1jen\u00edm rusk\u00e9 vojensk\u00e9 operace na Ukrajin\u011b. Republik\u00e1nsk\u00fd kandid\u00e1t opakovan\u011b tvrdil, \u017ee konflikt by neza\u010dal, kdyby z\u016fstal ve funkci. Sl\u00edbil tak\u00e9, \u017ee pokud se vr\u00e1t\u00ed do B\u00edl\u00e9ho domu, do 24 hodin zastav\u00ed boje mezi Moskvou a Kyjevem.<\/span><\/p>\n<p><span>Dmitrij Medved\u011bv, b\u00fdval\u00fd rusk\u00fd prezident a sou\u010dasn\u00fd m\u00edstop\u0159edseda Rady bezpe\u010dnosti, pochyboval o Trumpov\u011b schopnosti splnit sv\u016fj slib a trval na tom, \u017ee kone\u010dn\u00e9 slovo o tom, jak konflikt skon\u010d\u00ed, bude m\u00edt Moskva.\u00a0<\/span><em><span>\u201eCo kdy\u017e Putin \u0159ekne: \u201aJe\u0161t\u011b ne? Ukrajina mus\u00ed kapitulovat. A \u017e\u00e1dn\u00fd vstup do NATO,\u201c<\/span><\/em><span>\u00a0napsal na X.<\/span><\/p>\n<p><img decoding=\"async\" loading=\"lazy\" class=\"alignnone size-full wp-image-1185\" src=\"http:\/\/www.infokuryr.cz\/n\/wp-content\/uploads\/2021\/04\/kuryr-podpis.png\" alt=\"\" width=\"84\" height=\"24\" \/><\/p>\n<p>&nbsp;<\/p>\n","protected":false},"excerpt":{"rendered":"<p>Koment\u00e1\u0159e republik\u00e1nsk\u00e9ho kandid\u00e1ta jsou sou\u010d\u00e1st\u00ed jeho volebn\u00ed r\u00e9toriky, \u0159ekl Dmitrij Peskov Tvrzen\u00ed republik\u00e1nsk\u00e9ho kandid\u00e1ta na&#8230;<\/p>\n","protected":false},"author":2,"featured_media":62628,"comment_status":"closed","ping_status":"closed","sticky":false,"template":"","format":"standard","meta":[],"categories":[7],"tags":[1065,246,2524,452],"_links":{"self":[{"href":"https:\/\/www.infokuryr.cz\/n\/wp-json\/wp\/v2\/posts\/64694"}],"collection":[{"href":"https:\/\/www.infokuryr.cz\/n\/wp-json\/wp\/v2\/posts"}],"about":[{"href":"https:\/\/www.infokuryr.cz\/n\/wp-json\/wp\/v2\/types\/post"}],"author":[{"embeddable":true,"href":"https:\/\/www.infokuryr.cz\/n\/wp-json\/wp\/v2\/users\/2"}],"replies":[{"embeddable":true,"href":"https:\/\/www.infokuryr.cz\/n\/wp-json\/wp\/v2\/comments?post=64694"}],"version-history":[{"count":0,"href":"https:\/\/www.infokuryr.cz\/n\/wp-json\/wp\/v2\/posts\/64694\/revisions"}],"wp:featuredmedia":[{"embeddable":true,"href":"https:\/\/www.infokuryr.cz\/n\/wp-json\/wp\/v2\/media\/62628"}],"wp:attachment":[{"href":"https:\/\/www.infokuryr.cz\/n\/wp-json\/wp\/v2\/media?parent=64694"}],"wp:term":[{"taxonomy":"category","embeddable":true,"href":"https:\/\/www.infokuryr.cz\/n\/wp-json\/wp\/v2\/categories?post=64694"},{"taxonomy":"post_tag","embeddable":true,"href":"https:\/\/www.infokuryr.cz\/n\/wp-json\/wp\/v2\/tags?post=64694"}],"curies":[{"name":"wp","href":"https:\/\/api.w.org\/{rel}","templated":true}]}}