{"id":64692,"date":"2024-10-22T00:47:40","date_gmt":"2024-10-21T22:47:40","guid":{"rendered":"https:\/\/www.infokuryr.cz\/n\/?p=64692"},"modified":"2024-10-21T17:46:02","modified_gmt":"2024-10-21T15:46:02","slug":"texas-na-posledni-chvili-zastavil-popravu","status":"publish","type":"post","link":"https:\/\/www.infokuryr.cz\/n\/2024\/10\/22\/texas-na-posledni-chvili-zastavil-popravu\/","title":{"rendered":"Texas na posledn\u00ed chv\u00edli zastavil popravu"},"content":{"rendered":"<div id=\"fb-root\"><\/div>\n<p><span style=\"font-size: 18pt;\"><strong>P\u0159\u00edpad Roberta Robersona klade d\u016fraz na z\u00e1kon, kter\u00fd umo\u017e\u0148uje zpochybnit odsouzen\u00ed, pokud se objev\u00ed nov\u00e9 v\u011bdeck\u00e9 d\u016fkazy<\/strong><\/span><\/p>\n<p><span>Poprava mu\u017ee odsouzen\u00e9ho k smrti v Texasu byla odlo\u017eena nejvy\u0161\u0161\u00edm soudem st\u00e1tu kv\u016fli p\u0159edvol\u00e1n\u00ed, kter\u00e9 mu na\u0159izovalo, aby sv\u011bd\u010dil o sv\u00e9m sporn\u00e9m odsouzen\u00ed v p\u0159\u00edpadu, ve kter\u00e9m byly zpochybn\u011bny v\u011bdeck\u00e9 d\u016fkazy pou\u017eit\u00e9 k vynesen\u00ed rozsudku.\u00a0<\/span><\/p>\n<p><span>Soudn\u00ed p\u0159\u00edkaz k zastaven\u00ed popravy Roberta Robersona (57) byl vyd\u00e1n minul\u00fd \u010dtvrtek. Roberson by m\u011bl v pond\u011bl\u00ed sv\u011bd\u010dit \u010dlen\u016fm v\u00fdboru Texas House.\u00a0<\/span><\/p>\n<p><span>Roberson\u016fv p\u0159\u00edpad upozornil na teorii zn\u00e1mou jako syndrom ot\u0159esen\u00e9ho d\u00edt\u011bte, kdysi \u0161iroce p\u0159ij\u00edmanou diagn\u00f3zu, kter\u00e1 pos\u00edlila trestn\u00ed st\u00edh\u00e1n\u00ed, ale s rozv\u00edjej\u00edc\u00ed se v\u011bdou se dostala pod st\u00e1le v\u011bt\u0161\u00ed pozornost.\u00a0<\/span><\/p>\n<p><span>V roce 2002 byl Roberson obvin\u011bn ze zabit\u00ed sv\u00e9 dvoulet\u00e9 dcery Nikki Curtis. N\u00e1sleduj\u00edc\u00ed rok byl odsouzen k smrti pot\u00e9, co \u017ealobci tvrdili, \u017ee batoletem n\u00e1siln\u011b t\u0159\u00e1sl dop\u0159edu a dozadu, co\u017e zp\u016fsobilo smrteln\u00e9 poran\u011bn\u00ed hlavy.\u00a0<\/span><\/p>\n<p><span>Podle soudn\u00edch z\u00e1znam\u016f citovan\u00fdch listem Washington Post ve dnech p\u0159ed Nikkiinou smrt\u00ed l\u00e9ka\u0159 diagnostikoval, \u017ee m\u00e1 virovou infekci a hore\u010dku. Roberson uvedl, \u017ee r\u00e1no v den smrti sv\u00e9 dcery zjistil, \u017ee spadla z postele. Pot\u00e9, co d\u00edvku uklidnil, usnul, ale pozd\u011bji toho r\u00e1na ji na\u0161el bezvl\u00e1dnou a nereaguj\u00edc\u00ed a odvezl ji na pohotovost.\u00a0<\/span><\/p>\n<p><span>CT vy\u0161et\u0159en\u00ed odhalilo mal\u00e9 krv\u00e1cen\u00ed na povrchu d\u00edv\u010dina mozku a uk\u00e1zalo, \u017ee otekl a posunul se na jednu stranu, psalo se v z\u00e1znamech, kter\u00e9 noviny vid\u011bly, a dodali, \u017ee l\u00e9ka\u0159i nena\u0161li dal\u0161\u00ed zn\u00e1mky t\u00fdr\u00e1n\u00ed.\u00a0\u00a0<\/span><\/p>\n<p><span>Robersonovi pr\u00e1vn\u00edci \u00fadajn\u011b tvrdili, \u017ee jejich klient byl odsouzen za zlo\u010din, kter\u00fd se nikdy nestal, proto\u017ee jeho dcera zem\u0159ela p\u0159irozenou smrt\u00ed na t\u011b\u017ek\u00fd p\u0159\u00edpad virov\u00e9ho z\u00e1palu plic. Mezit\u00edm Post poznamenal, \u017ee l\u00e9ka\u0159i se u\u010dili, \u017ee p\u0159\u00edtomnost t\u0159\u00ed specifick\u00fdch symptom\u016f zn\u00e1m\u00fdch jako\u00a0<\/span><em><span>\u201etri\u00e1da\u201c<\/span><\/em><span>\u00a0, kter\u00e9 zahrnovaly otok mozku a krv\u00e1cen\u00ed na povrchu mozku a za o\u010dima, byly d\u016fkazem syndromu ot\u0159esen\u00e9ho d\u00edt\u011bte. Diagn\u00f3za byla p\u0159ijata jako d\u016fkaz n\u00e1siln\u00e9ho zneu\u017e\u00edv\u00e1n\u00ed d\u00edt\u011bte v nep\u0159\u00edtomnosti sv\u011bdk\u016f.\u00a0<\/span><\/p>\n<p><span>Roberson m\u011bl ve \u010dtvrtek zem\u0159\u00edt smrt\u00edc\u00ed injekc\u00ed, ale snaha dvoustrann\u00e9 skupiny z\u00e1konod\u00e1rc\u016f, l\u00e9ka\u0159sk\u00fdch expert\u016f a b\u00fdval\u00e9ho hlavn\u00edho \u017ealobce v p\u0159\u00edpadu odd\u00e1lila popravu o hodiny a nakonec ji zastavila, co\u017e p\u0159edstavuje zvrat, kter\u00fd se v p\u0159\u00edpadu jen z\u0159\u00eddka vyskytuje. st\u00e1t s nejv\u011bt\u0161\u00edm po\u010dtem poprav v zemi.\u00a0<\/span><\/p>\n<p><span>Texas\u0161t\u00ed z\u00e1konod\u00e1rci se sn\u011bmovn\u00edm v\u00fdborem pro trestn\u00ed pr\u00e1vn\u00ed v\u011bdu jednomysln\u011b odhlasovali p\u0159edvol\u00e1n\u00ed Robersona ve snaze odd\u00e1lit popravu. Hlasov\u00e1n\u00ed se \u00fadajn\u011b uskute\u010dnilo po sly\u0161en\u00ed svolan\u00e9m k projedn\u00e1n\u00ed \u00fa\u010dinnosti st\u00e1tn\u00edho z\u00e1kona z roku 2013, zn\u00e1m\u00e9ho jako\u00a0<\/span><em><span>\u201ez\u00e1kon o nevy\u017e\u00e1dan\u00e9 v\u011bd\u011b\u201c,<\/span><\/em><span>\u00a0kter\u00fd umo\u017e\u0148uje ob\u017ealovan\u00fdm napadnout sv\u00e1 p\u0159esv\u011bd\u010den\u00ed, pokud nov\u00e9 v\u011bdeck\u00e9 d\u016fkazy podkop\u00e1vaj\u00ed to, co bylo p\u0159edlo\u017eeno v p\u016fvodn\u00edm procesu.<\/span><\/p>\n<p><img decoding=\"async\" loading=\"lazy\" class=\"alignnone size-full wp-image-1185\" src=\"http:\/\/www.infokuryr.cz\/n\/wp-content\/uploads\/2021\/04\/kuryr-podpis.png\" alt=\"\" width=\"84\" height=\"24\" \/><\/p>\n<p>&nbsp;<\/p>\n","protected":false},"excerpt":{"rendered":"<p>P\u0159\u00edpad Roberta Robersona klade d\u016fraz na z\u00e1kon, kter\u00fd umo\u017e\u0148uje zpochybnit odsouzen\u00ed, pokud se objev\u00ed nov\u00e9&#8230;<\/p>\n","protected":false},"author":2,"featured_media":64693,"comment_status":"closed","ping_status":"closed","sticky":false,"template":"","format":"standard","meta":[],"categories":[7],"tags":[8090,993,2642,37],"_links":{"self":[{"href":"https:\/\/www.infokuryr.cz\/n\/wp-json\/wp\/v2\/posts\/64692"}],"collection":[{"href":"https:\/\/www.infokuryr.cz\/n\/wp-json\/wp\/v2\/posts"}],"about":[{"href":"https:\/\/www.infokuryr.cz\/n\/wp-json\/wp\/v2\/types\/post"}],"author":[{"embeddable":true,"href":"https:\/\/www.infokuryr.cz\/n\/wp-json\/wp\/v2\/users\/2"}],"replies":[{"embeddable":true,"href":"https:\/\/www.infokuryr.cz\/n\/wp-json\/wp\/v2\/comments?post=64692"}],"version-history":[{"count":0,"href":"https:\/\/www.infokuryr.cz\/n\/wp-json\/wp\/v2\/posts\/64692\/revisions"}],"wp:featuredmedia":[{"embeddable":true,"href":"https:\/\/www.infokuryr.cz\/n\/wp-json\/wp\/v2\/media\/64693"}],"wp:attachment":[{"href":"https:\/\/www.infokuryr.cz\/n\/wp-json\/wp\/v2\/media?parent=64692"}],"wp:term":[{"taxonomy":"category","embeddable":true,"href":"https:\/\/www.infokuryr.cz\/n\/wp-json\/wp\/v2\/categories?post=64692"},{"taxonomy":"post_tag","embeddable":true,"href":"https:\/\/www.infokuryr.cz\/n\/wp-json\/wp\/v2\/tags?post=64692"}],"curies":[{"name":"wp","href":"https:\/\/api.w.org\/{rel}","templated":true}]}}