{"id":64636,"date":"2024-10-21T05:55:56","date_gmt":"2024-10-21T03:55:56","guid":{"rendered":"https:\/\/www.infokuryr.cz\/n\/?p=64636"},"modified":"2024-10-21T05:55:56","modified_gmt":"2024-10-21T03:55:56","slug":"prezident-brazilie-lula-zrusil-cestu-na-summit-brics","status":"publish","type":"post","link":"https:\/\/www.infokuryr.cz\/n\/2024\/10\/21\/prezident-brazilie-lula-zrusil-cestu-na-summit-brics\/","title":{"rendered":"Prezident Braz\u00edlie Lula zru\u0161il cestu na summit BRICS"},"content":{"rendered":"<div id=\"fb-root\"><\/div>\n<p><span style=\"font-size: 18pt;\"><strong>Prezident se kv\u016fli zran\u011bn\u00ed hlavy nebude moci akce osobn\u011b z\u00fa\u010dastnit<\/strong><\/span><\/p>\n<p><span>Brazilsk\u00fd prezident Luiz Inacio Lula da Silva nebude moci odcestovat do Ruska na v\u00fdro\u010dn\u00ed zased\u00e1n\u00ed BRICS kv\u016fli zran\u011bn\u00ed, kter\u00e9 utrp\u011bl za\u010d\u00e1tkem tohoto t\u00fddne.<\/span><\/p>\n<p><span>T\u0159\u00eddenn\u00ed summit v p\u00e1t\u00e9m nejv\u011bt\u0161\u00edm rusk\u00e9m m\u011bst\u011b Kazani za\u010dne v \u00fater\u00fd. O\u010dek\u00e1valo se, \u017ee se Lula na okraj ud\u00e1losti setk\u00e1 s prezidenty Vladimirem Putinem z Ruska a Si \u0164in-pchingem z \u010c\u00edny. M\u00edsto toho se konference z\u00fa\u010dastn\u00ed brazilsk\u00fd ministr zahrani\u010d\u00ed Mauro Vieira.<\/span><\/p>\n<p><em><span>&#8222;Prezident Luiz Inacio Lula da Silva v souladu s l\u00e9ka\u0159sk\u00fdmi doporu\u010den\u00edmi nepojede na summit BRICS v Kazani kv\u016fli do\u010dasn\u00e9mu omezen\u00ed d\u00e1lkov\u00fdch let\u016f,&#8220;<\/span><\/em><span>\u00a0uvedla v ned\u011bli jeho kancel\u00e1\u0159 v kr\u00e1tk\u00e9m prohl\u00e1\u0161en\u00ed. Dodalo, \u017ee Lula se akce z\u00fa\u010dastn\u00ed prost\u0159ednictv\u00edm videokonference a pozd\u011bji v t\u00fddnu se vr\u00e1t\u00ed ke sv\u00e9mu b\u011b\u017en\u00e9mu programu.<\/span><\/p>\n<p><span>78let\u00fd politik byl hospitalizov\u00e1n pot\u00e9, co se v sobotu zranil p\u0159i bl\u00ed\u017ee nespecifikovan\u00e9m incidentu ve sv\u00e9m bydli\u0161ti. Podle prohl\u00e1\u0161en\u00ed nemocnice Sirio-Libanes v Sao Paulu utrp\u011bl prezident tup\u00e9 poran\u011bn\u00ed zadn\u00ed \u010d\u00e1sti hlavy. Podle m\u00edstn\u00edch m\u00e9di\u00ed uklouzl ve sv\u00e9 koupeln\u011b.<\/span><\/p>\n<p><em><span>&#8222;Po vy\u0161et\u0159en\u00ed l\u00e9ka\u0159sk\u00fdm t\u00fdmem mu bylo doporu\u010deno, aby se vyhnul let\u016fm na dlouh\u00e9 vzd\u00e1lenosti,&#8220;<\/span><\/em><span>\u00a0uvedla nemocnice. Prezident byl od t\u00e9 doby propu\u0161t\u011bn a vr\u00e1til se dom\u016f.<\/span><\/p>\n<p><span>BRICS byla p\u016fvodn\u011b zalo\u017eena v roce 2006 Ruskem, \u010c\u00ednou, Indi\u00ed a Braz\u00edli\u00ed, aby podpo\u0159ila vz\u00e1jemn\u00fd obchod a investice do sv\u00fdch ekonomik. Skupina se nakonec rozrostla na dev\u011bt \u010dlen\u016f a roz\u0161\u00ed\u0159ila svou agendu o bezpe\u010dnost a dal\u0161\u00ed glob\u00e1ln\u00ed probl\u00e9my.<\/span><\/p>\n<p><em><span>\u201eBRICS m\u00e1 jedine\u010dnou \u0161anci utv\u00e1\u0159et trajektorii glob\u00e1ln\u00edho rozvoje,\u201c<\/span><\/em><span>\u00a0\u0159ekl loni Lula.\u00a0<\/span><em><span>&#8222;Na\u0161e zem\u011b spole\u010dn\u011b p\u0159edstavuj\u00ed t\u0159etinu sv\u011btov\u00e9 ekonomiky.&#8220;<\/span><\/em><\/p>\n<p><img decoding=\"async\" loading=\"lazy\" class=\"alignnone size-full wp-image-1185\" src=\"http:\/\/www.infokuryr.cz\/n\/wp-content\/uploads\/2021\/04\/kuryr-podpis.png\" alt=\"\" width=\"84\" height=\"24\" \/><\/p>\n<p>&nbsp;<\/p>\n","protected":false},"excerpt":{"rendered":"<p>Prezident se kv\u016fli zran\u011bn\u00ed hlavy nebude moci akce osobn\u011b z\u00fa\u010dastnit Brazilsk\u00fd prezident Luiz Inacio Lula&#8230;<\/p>\n","protected":false},"author":2,"featured_media":22080,"comment_status":"closed","ping_status":"closed","sticky":false,"template":"","format":"standard","meta":[],"categories":[7],"tags":[1161,4201,623],"_links":{"self":[{"href":"https:\/\/www.infokuryr.cz\/n\/wp-json\/wp\/v2\/posts\/64636"}],"collection":[{"href":"https:\/\/www.infokuryr.cz\/n\/wp-json\/wp\/v2\/posts"}],"about":[{"href":"https:\/\/www.infokuryr.cz\/n\/wp-json\/wp\/v2\/types\/post"}],"author":[{"embeddable":true,"href":"https:\/\/www.infokuryr.cz\/n\/wp-json\/wp\/v2\/users\/2"}],"replies":[{"embeddable":true,"href":"https:\/\/www.infokuryr.cz\/n\/wp-json\/wp\/v2\/comments?post=64636"}],"version-history":[{"count":0,"href":"https:\/\/www.infokuryr.cz\/n\/wp-json\/wp\/v2\/posts\/64636\/revisions"}],"wp:featuredmedia":[{"embeddable":true,"href":"https:\/\/www.infokuryr.cz\/n\/wp-json\/wp\/v2\/media\/22080"}],"wp:attachment":[{"href":"https:\/\/www.infokuryr.cz\/n\/wp-json\/wp\/v2\/media?parent=64636"}],"wp:term":[{"taxonomy":"category","embeddable":true,"href":"https:\/\/www.infokuryr.cz\/n\/wp-json\/wp\/v2\/categories?post=64636"},{"taxonomy":"post_tag","embeddable":true,"href":"https:\/\/www.infokuryr.cz\/n\/wp-json\/wp\/v2\/tags?post=64636"}],"curies":[{"name":"wp","href":"https:\/\/api.w.org\/{rel}","templated":true}]}}