{"id":64618,"date":"2024-10-21T00:46:39","date_gmt":"2024-10-20T22:46:39","guid":{"rendered":"https:\/\/www.infokuryr.cz\/n\/?p=64618"},"modified":"2024-10-20T17:07:51","modified_gmt":"2024-10-20T15:07:51","slug":"miroslav-petr-vsimli-jste-si","status":"publish","type":"post","link":"https:\/\/www.infokuryr.cz\/n\/2024\/10\/21\/miroslav-petr-vsimli-jste-si\/","title":{"rendered":"Miroslav Petr: V\u0161imli jste si?"},"content":{"rendered":"<div id=\"fb-root\"><\/div>\n<p><strong>Jde o zd\u00e1nlivou mali\u010dkost, o kter\u00e9 se moc podrobn\u011b neinformovalo. Nebudu ps\u00e1t o tom, \u017ee soudruh H\u0159eb\u00edk cht\u011bl hodit bombu na budovu, kde slavil narozeniny M. Zeman. Kdyby tam slavil mafi\u00e1n nebo Nutella, spustil by se k\u0159ik ve v\u0161ech medi\u00edch.\u00a0<\/strong><\/p>\n<p>P\u0159i t\u00e9to oslav\u011b se stal jeden sv\u011btov\u00fd unik\u00e1t, kter\u00e9ho si m\u00e1lokdo v\u0161imnul. Na t\u00e9to slavnosti bylo 200 v\u00fdznamn\u00fdch host\u016f i ze zahrani\u010d\u00ed jako Fico, Orb\u00e1n, a mnoz\u00ed premi\u00e9\u0159i, tak\u017ee to n\u011bco vypov\u00edd\u00e1 o na\u0161em exprezidentovi. Z na\u0161ich politik\u016f tam byla nap\u0159\u00edklad Kate\u0159ina Kone\u010dn\u00e1. T\u0159e\u0161ni\u010dkou na dortu bylo, \u017ee ani jeden z t\u011bchto zahrani\u010dn\u00edch osobnost\u00ed, kte\u0159\u00ed p\u0159ijeli do \u010cR, neud\u011blal \u017e\u00e1dnou ofici\u00e1ln\u00ed n\u00e1v\u0161t\u011bvu s premi\u00e9rem nebo prezidentem. I to o n\u011b\u010dem sv\u011bd\u010d\u00ed. Tak jako u\u017e se nikdo nebav\u00ed se Zelen\u00e1\u010dem, tak dopadli i na\u0161e &#8222;v\u00fdznamn\u00e9 osobnosti&#8220; o kter\u00e9 u\u017e taky nikdo nem\u00e1 z\u00e1jem. Pardon, krom\u011b Lejna, USA, a NATO. Je to ostuda na\u0161\u00ed vl\u00e1dy a prezidenta. Trapas sv\u011btov\u00e9ho kalibru. Na\u0161e vl\u00e1da je ve skute\u010dnosti osamocena, a izolov\u00e1na od realit, kdy nevid\u00ed, \u017ee t\u00e9m\u011b\u0159 cel\u00fd sv\u011bt se obrac\u00ed od Z\u00e1padu sm\u011brem k BRICS.<\/p>\n<p>TOP nedopust\u00ed, aby se ANO spojilo s SPD. Jak to chce prov\u00e9st? Tato mikrostrani\u010dka mi p\u0159ipom\u00edn\u00e1 politiku pades\u00e1t\u00fdch let, proto\u017ee kop\u00edruje totalitu EU. Nejrad\u011bji by zav\u00edrala v\u0161echny, kte\u0159\u00ed nevol\u00ed jejich mikrostranu, kter\u00e1 zcela otev\u0159en\u011b odm\u00edt\u00e1 demokratick\u00fd zp\u016fsob voleb. Doufejme, \u017ee spolu s mikrostranou Starostov\u00e9 a Loupe\u017en\u00edky po volb\u00e1ch zaniknou na v\u011b\u010dn\u00e9 \u010dasy.<\/p>\n<p>Ir\u00e1\u010dan se ze \u0160v\u00e9dska vr\u00e1til dom\u016f, proto\u017ee je tam bezpe\u010dn\u011bji ne\u017e ve \u0160v\u00e9dsku.<\/p>\n<p>Na gymn\u00e1ziu v Praze 8 n\u011bkolik student\u016f hajlovalo, kreslili rasistick\u00e9 symboly, rasisticky napadali spolu\u017e\u00e1ky. Pro\u010d o tom maj\u00ed \u017e\u00e1ci zak\u00e1z\u00e1no mluvit na ve\u0159ejnosti? Ve kter\u00e9m evropsk\u00e9m st\u00e1t\u011b se b\u011b\u017en\u011b ka\u017ed\u00fd den hajluje? V kter\u00fdch \u0161kol\u00e1ch vychov\u00e1vaj\u00ed d\u011bti k propagaci fa\u0161ismu?<\/p>\n<p>Slovensk\u00e1 vl\u00e1da m\u00edsto vojensk\u00e9 pomoci Ukrajin\u011b ve v\u00fd\u0161i n\u011bkolika miliard v\u011bnuje tyto pen\u00edze na 13. d\u016fchod ve v\u00fd\u0161i 15\u00a0 150 KS, tj. m\u011bs\u00ed\u010dn\u011b 1 262 KS. Krom\u011b toho maj\u00ed sloven\u0161t\u00ed d\u016fchodci zdarma dr\u00e1hy, televizi a rozhlas. Kdy si na\u0161i voli\u010di zvol\u00ed vl\u00e1du, kter\u00e1 ud\u011bl\u00e1 maximum pro sv\u016fj n\u00e1rod?<\/p>\n<p><a href=\"https:\/\/www.czechfreepress.cz\/dalsi-blogy\/vsimli-jste-si.html\">Miroslav Petr<\/a><\/p>\n<p>&nbsp;<\/p>\n","protected":false},"excerpt":{"rendered":"<p>Jde o zd\u00e1nlivou mali\u010dkost, o kter\u00e9 se moc podrobn\u011b neinformovalo. Nebudu ps\u00e1t o tom, \u017ee&#8230;<\/p>\n","protected":false},"author":2,"featured_media":44999,"comment_status":"closed","ping_status":"closed","sticky":false,"template":"","format":"standard","meta":[],"categories":[6],"tags":[45,7558,122,203,99],"_links":{"self":[{"href":"https:\/\/www.infokuryr.cz\/n\/wp-json\/wp\/v2\/posts\/64618"}],"collection":[{"href":"https:\/\/www.infokuryr.cz\/n\/wp-json\/wp\/v2\/posts"}],"about":[{"href":"https:\/\/www.infokuryr.cz\/n\/wp-json\/wp\/v2\/types\/post"}],"author":[{"embeddable":true,"href":"https:\/\/www.infokuryr.cz\/n\/wp-json\/wp\/v2\/users\/2"}],"replies":[{"embeddable":true,"href":"https:\/\/www.infokuryr.cz\/n\/wp-json\/wp\/v2\/comments?post=64618"}],"version-history":[{"count":0,"href":"https:\/\/www.infokuryr.cz\/n\/wp-json\/wp\/v2\/posts\/64618\/revisions"}],"wp:featuredmedia":[{"embeddable":true,"href":"https:\/\/www.infokuryr.cz\/n\/wp-json\/wp\/v2\/media\/44999"}],"wp:attachment":[{"href":"https:\/\/www.infokuryr.cz\/n\/wp-json\/wp\/v2\/media?parent=64618"}],"wp:term":[{"taxonomy":"category","embeddable":true,"href":"https:\/\/www.infokuryr.cz\/n\/wp-json\/wp\/v2\/categories?post=64618"},{"taxonomy":"post_tag","embeddable":true,"href":"https:\/\/www.infokuryr.cz\/n\/wp-json\/wp\/v2\/tags?post=64618"}],"curies":[{"name":"wp","href":"https:\/\/api.w.org\/{rel}","templated":true}]}}