{"id":64602,"date":"2024-10-21T00:43:54","date_gmt":"2024-10-20T22:43:54","guid":{"rendered":"https:\/\/www.infokuryr.cz\/n\/?p=64602"},"modified":"2024-10-20T16:15:15","modified_gmt":"2024-10-20T14:15:15","slug":"starosta-soulu-jizni-korea-potrebuje-jaderne-zbrane","status":"publish","type":"post","link":"https:\/\/www.infokuryr.cz\/n\/2024\/10\/21\/starosta-soulu-jizni-korea-potrebuje-jaderne-zbrane\/","title":{"rendered":"Starosta Soulu: Ji\u017en\u00ed Korea pot\u0159ebuje jadern\u00e9 zbran\u011b"},"content":{"rendered":"<div id=\"fb-root\"><\/div>\n<p><span style=\"font-size: 18pt;\"><strong>Severn\u00ed Korea se uch\u00fdlila k \u201edrz\u00fdm provokac\u00edm\u201c, proto\u017ee jej\u00ed soused takov\u00e9 zbran\u011b postr\u00e1d\u00e1, prohl\u00e1sil Oh Se-hoon<\/strong><\/span><\/p>\n<p><span>Ji\u017en\u00ed Korea mus\u00ed m\u00edt jadern\u00fd odstra\u0161uj\u00edc\u00ed prost\u0159edek, aby udr\u017eela sv\u00e9ho severn\u00edho souseda neust\u00e1le na uzd\u011b, prohl\u00e1sil starosta Soulu Oh Se-hoon.<\/span><\/p>\n<p><span>Oh v p\u00e1te\u010dn\u00edm p\u0159\u00edsp\u011bvku na Facebooku odsoudil to, co nazval\u00a0<\/span><em><span>\u201enesnesiteln\u00fdmi hrozbami\u201c<\/span><\/em><span>\u00a0v\u016f\u010di sv\u00e9mu m\u011bstu, s odkazem na koment\u00e1\u0159e Kim \u010cong-una, kter\u00fd ned\u00e1vno ozna\u010dil Ji\u017en\u00ed Koreu za\u00a0<\/span><em><span>\u201enep\u0159\u00e1telsk\u00fd n\u00e1rod\u201c.<\/span><\/em><span>\u00a0Na fotografii zve\u0159ejn\u011bn\u00e9 severokorejskou st\u00e1tn\u00ed korejskou \u00fast\u0159edn\u00ed tiskovou agenturou je vid\u011bt, jak se nejvy\u0161\u0161\u00ed v\u016fdce KLDR rad\u00ed se sv\u00fdmi nejvy\u0161\u0161\u00edmi p\u0159edstaviteli nad mapou Soulu.<\/span><\/p>\n<p><span>Oh \u0159ekl, \u017ee c\u00edtil\u00a0<\/span><em><span>\u201ehn\u011bv\u201c<\/span><\/em><span>\u00a0a\u00a0<\/span><em><span>\u201ehlubokou frustraci\u201c,<\/span><\/em><span>\u00a0kdy\u017e byl sv\u011bdkem toho, \u017ee Pchjongjang\u00a0<\/span><em><span>\u201eopakovan\u011b vyhro\u017eoval\u201c<\/span><\/em><span>\u00a0jeho m\u011bstu, kter\u00e9 se nach\u00e1z\u00ed jen asi 50 km od hranic.\u00a0<\/span><em><span>\u201eSevern\u00ed Korea pos\u00edl\u00e1 p\u0159es hranice balony pln\u00e9 odpadk\u016f, kter\u00e9 zp\u016fsobuj\u00ed \u0161kody na majetku a po\u017e\u00e1ry na r\u016fzn\u00fdch m\u00edstech. Nen\u00ed to tak d\u00e1vno, co dokonce bombardovali oblasti p\u0159\u00edmo p\u0159ed na\u0161\u00ed demilitarizovanou z\u00f3nou a v\u00fdchodn\u00edm pob\u0159e\u017e\u00edm,\u201c<\/span><\/em><span>\u00a0\u0159ekl.<\/span><\/p>\n<p><span>Podle starosty se Severn\u00ed Korea odv\u00e1\u017eila zapojit se do t\u011bchto\u00a0<\/span><em><span>\u201edrz\u00fdch a provokativn\u00edch akc\u00ed\u201c<\/span><\/em><span>\u00a0, proto\u017ee vlastn\u00ed jadern\u00e9 zbran\u011b, zat\u00edmco Ji\u017en\u00ed Korea ne, co\u017e vytv\u00e1\u0159\u00ed situaci, kterou nazval\u00a0<\/span><em><span>\u201easymetrickou\u201c<\/span><\/em><span>\u00a0.<\/span><\/p>\n<p><em><span>&#8222;To je d\u016fvod, pro\u010d mus\u00edme urychlen\u011b zv\u00fd\u0161it na\u0161e schopnosti jadern\u00e9ho odstra\u0161en\u00ed&#8230; Neexistuje \u017e\u00e1dn\u00fd jin\u00fd zp\u016fsob, jak dos\u00e1hnout m\u00edru ne\u017e pos\u00edlen\u00edm n\u00e1rodn\u00ed obrany,&#8220;<\/span><\/em><span>\u00a0\u0159ekl, ani\u017e by up\u0159esnil, jak takov\u00e9ho \u010dinu pl\u00e1nuje dos\u00e1hnout.<\/span><\/p>\n<p><span>Oh byl jedn\u00edm z nejv\u00fdznamn\u011bj\u0161\u00edch jihokorejsk\u00fdch politik\u016f, kte\u0159\u00ed se zasazovali o to, aby Soul z\u00edskal jadern\u00fd arzen\u00e1l. Jihokorejsk\u00fd prezident Yoon Suk Yeol v\u0161ak prohl\u00e1sil, \u017ee zem\u011b neusiluje o vytvo\u0159en\u00ed vlastn\u00edch jadern\u00fdch zbran\u00ed, a zopakoval sv\u016fj z\u00e1vazek zdvojn\u00e1sobit \u00fasil\u00ed p\u0159i zdokonalov\u00e1n\u00ed strategie jadern\u00e9ho odstra\u0161en\u00ed s USA, kter\u00e1 od 50. let 20. stolet\u00ed poskytuje Soulu jadern\u00fd de\u0161tn\u00edk.<\/span><\/p>\n<p><span>Nap\u011bt\u00ed na Korejsk\u00e9m poloostrov\u011b v posledn\u00edch t\u00fddnech vzplanulo a Pchjongjang pohrozil odvetou za to, co podle n\u011bj byl jihokorejsk\u00fd vojensk\u00fd dron, kter\u00fd se z\u0159\u00edtil na jeho p\u016fdu. V r\u00e1mci\u00a0<\/span><em><span>\u201epostupn\u00e9ho \u00fapln\u00e9ho odd\u011blen\u00ed\u201c<\/span><\/em><span>\u00a0severu a jihu\u00a0tak\u00e9 vyhodila do pov\u011bt\u0159\u00ed silnice a \u017eelezni\u010dn\u00ed trat\u011b na hranici s odkazem na\u00a0<\/span><em><span>\u201ev\u00e1\u017enou bezpe\u010dnostn\u00ed situaci\u201c.<\/span><\/em><span>\u00a0Sever tak\u00e9 obvinil Jih z toho, \u017ee p\u0159es hranice pos\u00edl\u00e1 drony, aby rozh\u00e1zely let\u00e1ky pln\u00e9\u00a0<\/span><em><span>\u201epolitick\u00e9 propagandy a pomluv\u201c.<\/span><\/em><\/p>\n<p><span>Severn\u00ed Korea tak\u00e9 opakovan\u011b odsoudila spole\u010dn\u00e1 vojensk\u00e1 cvi\u010den\u00ed Ji\u017en\u00ed Koreje s USA a pova\u017eovala je za p\u0159\u00edpravu na mo\u017enou invazi.<\/span><\/p>\n<p><img decoding=\"async\" loading=\"lazy\" class=\"alignnone size-full wp-image-1185\" src=\"http:\/\/www.infokuryr.cz\/n\/wp-content\/uploads\/2021\/04\/kuryr-podpis.png\" alt=\"\" width=\"84\" height=\"24\" \/><\/p>\n<p>&nbsp;<\/p>\n","protected":false},"excerpt":{"rendered":"<p>Severn\u00ed Korea se uch\u00fdlila k \u201edrz\u00fdm provokac\u00edm\u201c, proto\u017ee jej\u00ed soused takov\u00e9 zbran\u011b postr\u00e1d\u00e1, prohl\u00e1sil Oh&#8230;<\/p>\n","protected":false},"author":2,"featured_media":64603,"comment_status":"closed","ping_status":"closed","sticky":false,"template":"","format":"standard","meta":[],"categories":[7],"tags":[1069,1189,502,8083,1614],"_links":{"self":[{"href":"https:\/\/www.infokuryr.cz\/n\/wp-json\/wp\/v2\/posts\/64602"}],"collection":[{"href":"https:\/\/www.infokuryr.cz\/n\/wp-json\/wp\/v2\/posts"}],"about":[{"href":"https:\/\/www.infokuryr.cz\/n\/wp-json\/wp\/v2\/types\/post"}],"author":[{"embeddable":true,"href":"https:\/\/www.infokuryr.cz\/n\/wp-json\/wp\/v2\/users\/2"}],"replies":[{"embeddable":true,"href":"https:\/\/www.infokuryr.cz\/n\/wp-json\/wp\/v2\/comments?post=64602"}],"version-history":[{"count":0,"href":"https:\/\/www.infokuryr.cz\/n\/wp-json\/wp\/v2\/posts\/64602\/revisions"}],"wp:featuredmedia":[{"embeddable":true,"href":"https:\/\/www.infokuryr.cz\/n\/wp-json\/wp\/v2\/media\/64603"}],"wp:attachment":[{"href":"https:\/\/www.infokuryr.cz\/n\/wp-json\/wp\/v2\/media?parent=64602"}],"wp:term":[{"taxonomy":"category","embeddable":true,"href":"https:\/\/www.infokuryr.cz\/n\/wp-json\/wp\/v2\/categories?post=64602"},{"taxonomy":"post_tag","embeddable":true,"href":"https:\/\/www.infokuryr.cz\/n\/wp-json\/wp\/v2\/tags?post=64602"}],"curies":[{"name":"wp","href":"https:\/\/api.w.org\/{rel}","templated":true}]}}