{"id":64601,"date":"2024-10-21T00:42:53","date_gmt":"2024-10-20T22:42:53","guid":{"rendered":"https:\/\/www.infokuryr.cz\/n\/?p=64601"},"modified":"2024-10-20T16:12:31","modified_gmt":"2024-10-20T14:12:31","slug":"musk-se-obava-za-harrisove-vetsi-cenzury","status":"publish","type":"post","link":"https:\/\/www.infokuryr.cz\/n\/2024\/10\/21\/musk-se-obava-za-harrisove-vetsi-cenzury\/","title":{"rendered":"Musk se ob\u00e1v\u00e1 za Harrisov\u00e9 v\u011bt\u0161\u00ed cenzury"},"content":{"rendered":"<div id=\"fb-root\"><\/div>\n<p><span style=\"font-size: 18pt;\"><strong>\u201eVelk\u00e1 vl\u00e1dn\u00ed ma\u0161in\u00e9rie\u201c potla\u010d\u00ed svobodu slova, pokud vyhraje demokratick\u00fd kandid\u00e1t, p\u0159edpov\u011bd\u011bl magn\u00e1t<\/strong><\/span><\/p>\n<p><span>V\u00edt\u011bzstv\u00ed kandid\u00e1tky Demokratick\u00e9 strany Kamaly Harrisov\u00e9 by mohlo znamenat z\u00e1tah proti svobod\u011b slova v USA, varoval technologick\u00fd miliard\u00e1\u0159 Elon Musk.<\/span><\/p>\n<p><span>B\u011bhem sobotn\u00edho projevu na shrom\u00e1\u017ed\u011bn\u00ed za republik\u00e1nsk\u00e9ho kandid\u00e1ta Donalda Trumpa v Pensylv\u00e1nii byl gener\u00e1ln\u00ed \u0159editel spole\u010dnosti Tesla a X dot\u00e1z\u00e1n, jakou administrativu by o\u010dek\u00e1val od Harrisov\u00e9, pokud vyhraje listopadov\u00e9 volby.<\/span><\/p>\n<p><em><span>&#8222;Budeme sv\u011bdky velk\u00e9 cenzury pod jak\u00fdmsi re\u017eimem Kamala.&#8220; Kamala je opravdu jen loutka, up\u0159\u00edmn\u011b. Pokud se teleprompter rozbije, nev\u00ed, co m\u00e1 \u0159\u00edct,\u201c<\/span><\/em><span>\u00a0\u0159ekl Musk a dodal, \u017ee preferuje myslet na administrativu jako na\u00a0<\/span><em><span>\u201evelk\u00fd vl\u00e1dn\u00ed stroj\u201c<\/span><\/em><span>\u00a0, kter\u00fd m\u00e1 ur\u010ditou tv\u00e1\u0159, aby oslovil voli\u010de.<\/span><\/p>\n<p><span>Naproti tomu magn\u00e1t \u0159ekl, \u017ee tvrzen\u00ed, \u017ee Trump je\u00a0<\/span><em><span>\u201enebezpe\u010d\u00ed pro demokracii\u201c,<\/span><\/em><span>\u00a0pova\u017euje za\u00a0<\/span><em><span>\u201ebizarn\u00ed a pokryteck\u00e9\u201c,<\/span><\/em><span>\u00a0vzhledem k tomu, \u017ee americk\u00fd prezident Joe Biden byl\u00a0<\/span><em><span>\u201eodstran\u011bn\u201c<\/span><\/em><span>\u00a0ze z\u00e1vodu\u00a0<\/span><em><span>\u201eneuv\u011b\u0159iteln\u011b nedemokratick\u00fdm\u201c<\/span><\/em><span>\u00a0zp\u016fsobem.<\/span><\/p>\n<p><em><span>\u201ePod rou\u0161kou boje proti dezinformac\u00edm je zjevn\u011b siln\u00fd siln\u00fd tlak na cenzuru. Ale dezinformace je ve skute\u010dnosti slovo propagandy. Kdo bude rozhodovat o tom, co jsou dezinformace? Vl\u00e1da? To je \u0161\u00edlen\u00e9,\u201c<\/span><\/em><span>\u00a0prohl\u00e1sil Musk.<\/span><\/p>\n<p><span>Miliard\u00e1\u0159 v\u0161ak \u0159ekl, \u017ee z\u016fst\u00e1v\u00e1 optimistou, pokud jde o posun v n\u00e1rodn\u00edm sm\u00fd\u0161len\u00ed \u2013 proto\u017ee st\u00e1le v\u00edce Ameri\u010dan\u016f odm\u00edt\u00e1 v\u011b\u0159it\u00a0<\/span><em><span>\u201ev\u0161emu, co v\u00e1m m\u00e9dia \u0159\u00edkaj\u00ed\u201c.<\/span><\/em><\/p>\n<p><em><span>&#8222;Ve skute\u010dnosti si lid\u00e9 v USA za\u010d\u00ednaj\u00ed uv\u011bdomovat, \u017ee star\u0161\u00ed m\u00e9dia jsou jen propagandistick\u00fd stroj,&#8220;<\/span><\/em><span>\u00a0argumentoval, zat\u00edmco evropsk\u00e9 publikum\u00a0<\/span><em><span>&#8222;st\u00e1le pova\u017euje zpr\u00e1vy za skute\u010dn\u00e9.&#8220;<\/span><\/em><\/p>\n<p><span>V \u010dervnu 2022 st\u00e1la Harrisov\u00e1 v \u010dele vytvo\u0159en\u00ed pracovn\u00ed skupiny B\u00edl\u00e9ho domu pro \u0159e\u0161en\u00ed online obt\u011b\u017eov\u00e1n\u00ed a zneu\u017e\u00edv\u00e1n\u00ed se zam\u011b\u0159en\u00edm na ochranu \u017een a LGBTQ komunity.<\/span><\/p>\n<p><span>V roce 2019 americk\u00e1 viceprezidentka ozna\u010dila platformy soci\u00e1ln\u00edch m\u00e9di\u00ed za \u0161i\u0159itele\u00a0<\/span><em><span>\u201enen\u00e1vist\u201c<\/span><\/em><span>\u00a0a\u00a0<\/span><em><span>\u201edezinformac\u00ed\u201c<\/span><\/em><span>\u00a0a \u0159ekla, \u017ee je chce pohnat k odpov\u011bdnosti za obsah, kter\u00fd \u0161\u00ed\u0159\u00ed.<\/span><\/p>\n<p><span>Musk opakovan\u011b kritizoval americkou vl\u00e1du za p\u0159eh\u00e1n\u011bn\u00ed a pokusy zav\u00e9st to, co pova\u017euje za nadm\u011brn\u00e9 moderov\u00e1n\u00ed obsahu.<\/span><\/p>\n<p><span>Zat\u00edmco se magn\u00e1t d\u0159\u00edve stav\u011bl jako politicky neutr\u00e1ln\u00ed, ve\u0159ejn\u011b podpo\u0159il Donalda Trumpa pot\u00e9, co b\u00fdval\u00fd prezident v \u010dervenci p\u0159e\u017eil pokus o atent\u00e1t a v\u011bnoval des\u00edtky milion\u016f dolar\u016f na svou kampa\u0148. Republik\u00e1n, pokud vyhraje, sl\u00edbil, \u017ee vytvo\u0159\u00ed nov\u00fd vl\u00e1dn\u00ed post nazvan\u00fd \u201esekret\u00e1\u0159 sni\u017eov\u00e1n\u00ed n\u00e1klad\u016f\u201c \u0161it\u00fd p\u0159\u00edmo na m\u00edru Muskovi.<\/span><\/p>\n<p><img decoding=\"async\" loading=\"lazy\" class=\"alignnone size-full wp-image-1185\" src=\"http:\/\/www.infokuryr.cz\/n\/wp-content\/uploads\/2021\/04\/kuryr-podpis.png\" alt=\"\" width=\"84\" height=\"24\" \/><\/p>\n<p>&nbsp;<\/p>\n","protected":false},"excerpt":{"rendered":"<p>\u201eVelk\u00e1 vl\u00e1dn\u00ed ma\u0161in\u00e9rie\u201c potla\u010d\u00ed svobodu slova, pokud vyhraje demokratick\u00fd kandid\u00e1t, p\u0159edpov\u011bd\u011bl magn\u00e1t V\u00edt\u011bzstv\u00ed kandid\u00e1tky Demokratick\u00e9&#8230;<\/p>\n","protected":false},"author":2,"featured_media":39460,"comment_status":"closed","ping_status":"closed","sticky":false,"template":"","format":"standard","meta":[],"categories":[7],"tags":[63,3209,4122,1402],"_links":{"self":[{"href":"https:\/\/www.infokuryr.cz\/n\/wp-json\/wp\/v2\/posts\/64601"}],"collection":[{"href":"https:\/\/www.infokuryr.cz\/n\/wp-json\/wp\/v2\/posts"}],"about":[{"href":"https:\/\/www.infokuryr.cz\/n\/wp-json\/wp\/v2\/types\/post"}],"author":[{"embeddable":true,"href":"https:\/\/www.infokuryr.cz\/n\/wp-json\/wp\/v2\/users\/2"}],"replies":[{"embeddable":true,"href":"https:\/\/www.infokuryr.cz\/n\/wp-json\/wp\/v2\/comments?post=64601"}],"version-history":[{"count":0,"href":"https:\/\/www.infokuryr.cz\/n\/wp-json\/wp\/v2\/posts\/64601\/revisions"}],"wp:featuredmedia":[{"embeddable":true,"href":"https:\/\/www.infokuryr.cz\/n\/wp-json\/wp\/v2\/media\/39460"}],"wp:attachment":[{"href":"https:\/\/www.infokuryr.cz\/n\/wp-json\/wp\/v2\/media?parent=64601"}],"wp:term":[{"taxonomy":"category","embeddable":true,"href":"https:\/\/www.infokuryr.cz\/n\/wp-json\/wp\/v2\/categories?post=64601"},{"taxonomy":"post_tag","embeddable":true,"href":"https:\/\/www.infokuryr.cz\/n\/wp-json\/wp\/v2\/tags?post=64601"}],"curies":[{"name":"wp","href":"https:\/\/api.w.org\/{rel}","templated":true}]}}