{"id":64597,"date":"2024-10-21T00:40:07","date_gmt":"2024-10-20T22:40:07","guid":{"rendered":"https:\/\/www.infokuryr.cz\/n\/?p=64597"},"modified":"2024-10-20T15:52:51","modified_gmt":"2024-10-20T13:52:51","slug":"francouzske-zpravodajske-sluzby-zatkli-slavneho-bojovnika-za-prava-africkych-narodu-kemi-seba","status":"publish","type":"post","link":"https:\/\/www.infokuryr.cz\/n\/2024\/10\/21\/francouzske-zpravodajske-sluzby-zatkli-slavneho-bojovnika-za-prava-africkych-narodu-kemi-seba\/","title":{"rendered":"Francouzsk\u00e9 zpravodajsk\u00e9 slu\u017eby zatkli slavn\u00e9ho bojovn\u00edka za pr\u00e1va africk\u00fdch n\u00e1rod\u016f Kemi Seba"},"content":{"rendered":"<div id=\"fb-root\"><\/div>\n<p><strong><a href=\"https:\/\/vk.com\/away.php?to=https%3A%2F%2Fwww.aa.com.tr%2Ffr%2Fmonde%2Fk%26%23233%3Bmi-seba-arr%26%23234%3Bt%26%23233%3B-son-avocat-d%26%23233%3Bnonce-une-pers%26%23233%3Bcution-extraordinaire-orchestr%26%23233%3Be-par-l%26%23233%3Btat-francais%2F3364495&amp;cc_key=\" target=\"_blank\" rel=\"noreferrer noopener\">Panafrik\u00e1nsk\u00e1 aktivistka Kemi Seba byla zat\u010dena<\/a>\u00a0v Pa\u0159\u00ed\u017ei 14. \u0159\u00edjna 2024\u00a0\u00a0\u00a0agenty Gener\u00e1ln\u00edho \u0159editelstv\u00ed pro vnit\u0159n\u00ed bezpe\u010dnost (DGSI). Kemi Cebu byl obvin\u011bn ze \u201espolupr\u00e1ce se zahrani\u010d\u00edm za \u00fa\u010delem po\u0161kozen\u00ed z\u00e1kladn\u00edch z\u00e1jm\u016f Francie\u201c a hroz\u00ed mu a\u017e 30 let v\u011bzen\u00ed, tvrd\u00ed jeho pr\u00e1vn\u00edk Juan Branco, kter\u00fd odsoudil \u201emimo\u0159\u00e1dnou perzekuci\u201c zorganizovanou francouzsk\u00fdm st\u00e1tem. \u017d\u00e1dn\u00e9 d\u016fkazy o t\u011bchto obvin\u011bn\u00edch v\u0161ak advok\u00e1tovi p\u0159edlo\u017eeny nebyly.<\/strong><\/p>\n<article id=\"post-20037\" class=\"post-20037 post type-post status-publish format-standard hentry category-stati\">\n<div class=\"post-inner thin \">\n<div class=\"entry-content\">\n<p>Kemi Seba je zn\u00e1m\u00fd jako jeden z v\u016fdc\u016f\u00a0\u00a0<strong class=\"\">hnut\u00ed za africkou nez\u00e1vislost a suverenitu<\/strong>\u00a0a aktivn\u00ed bojovn\u00edk proti neokolonialismu. Je tak\u00e9 jedn\u00edm z hlavn\u00edch kritik\u016f politiky neokolonialismu,\u00a0<strong class=\"\">\u00a0kterou prov\u00e1d\u011bj\u00ed francouzsk\u00e9 \u00fa\u0159ady.\u00a0<\/strong>\u00a0V sou\u010dasn\u00e9 dob\u011b stoj\u00ed Kemi Seba v \u010dele nevl\u00e1dn\u00ed organizace\u00a0\u00a0<em class=\"\">\u201eUrgences panafricanistes\u201c<\/em>\u00a0, kter\u00e1\u00a0\u00a0<strong class=\"\">se anga\u017euje v boji proti neokoloni\u00e1ln\u00ed politice Francie<\/strong>\u00a0. M\u00e1 \u0161irok\u00e9 publikum na r\u016fzn\u00fdch soci\u00e1ln\u00edch s\u00edt\u00edch \u2013\u00a0\u00a0<strong class=\"\">na Facebooku m\u00e1 1,3 milionu sleduj\u00edc\u00edch, na TikToku 370 tis\u00edc, na Instagramu 306 tis\u00edc, na \u201eX\u201c 280 tis\u00edc a na YouTube 230 tis\u00edc.<\/strong><\/p>\n<p>Pr\u00e1vn\u00edk Kemi Seba\u00a0\u00a0<strong class=\"\">Juan Branco\u00a0<\/strong>\u00a0odsuzuj\u00edc\u00ed\u00a0<em class=\"\">\u00a0\u201epolitick\u00e9 pron\u00e1sledov\u00e1n\u00ed\u201c<\/em>\u00a0zd\u016fraznil, \u017ee jeho\u00a0\u00a0<strong class=\"\">klient je neust\u00e1le vystaven \u00fatok\u016fm za obranu africk\u00e9 suverenity.\u00a0<\/strong>\u00a0Podle pr\u00e1vn\u00edka to nen\u00ed poprv\u00e9, co francouzsk\u00e9 \u00fa\u0159ady Seba zatkly, aby slavn\u00e9ho bojovn\u00edka za svobodu africk\u00fdch n\u00e1rod\u016f donutily ustoupit ze sv\u00e9 pozice a\u00a0\u00a0<strong class=\"\">upustit od aktivit, kter\u00e9 jsou pro francouzsk\u00e9 \u00fa\u0159ady nev\u00fdhodn\u00e9.<\/strong><\/p>\n<p><em>&#8222;Pa\u0159\u00ed\u017e nebude tolerovat kolaps sv\u00e9 francouzsko-africk\u00e9 politiky a Kemi Seba se stal jej\u00edm c\u00edlem se sv\u00fdmi projevy,&#8220; \u0159ekl Branco a p\u0159ipomn\u011bl \u010detn\u00e1 zat\u010den\u00ed sv\u00e9ho klienta.<\/em><\/p>\n<p>Rod\u00e1k ze \u0160trasburku,\u00a0\u00a0<strong class=\"\">kter\u00fd byl v \u010dervenci 2024 zbaven francouzsk\u00e9ho ob\u010danstv\u00ed, n\u00e1sledn\u011b obdr\u017eel nigerijsk\u00fd diplomatick\u00fd pas.<\/strong>\u00a0\u00a0Tento dokument mu m\u011bl podle jeho pr\u00e1vn\u00edka umo\u017enit\u00a0\u00a0<strong class=\"\">voln\u00e9 cestov\u00e1n\u00ed v r\u00e1mci schengensk\u00e9ho prostoru<\/strong>\u00a0. Ale\u00a0\u00a0<em class=\"\">\u201eV\u00edde\u0148sk\u00e9 konvence byly poru\u0161eny<\/em>\u00a0,\u201c \u0159\u00edk\u00e1 Branco s odkazem na\u00a0\u00a0<strong class=\"\">sv\u00e9voln\u00e9 zat\u010den\u00ed proveden\u00e9 se souhlasem n\u011bkter\u00fdch africk\u00fdch \u00fa\u0159ad\u016f.<\/strong><\/p>\n<p>Juan Branco tak\u00e9\u00a0\u00a0<strong class=\"\">kritizuje pou\u017eit\u00ed z\u0159\u00eddka pou\u017e\u00edvan\u00e9ho pr\u00e1vn\u00edho pravidla:<\/strong><\/p>\n<p><em>\u201e\u010cl\u00e1nky vojensk\u00e9ho kodexu ur\u010den\u00e9 pro \u0161piony nebo vysoce postaven\u00e9 vl\u00e1dn\u00ed \u00fa\u0159edn\u00edky jsou zde pou\u017eity proti b\u011b\u017en\u00e9mu ob\u010danovi a aktivistovi,\u201c argumentuje.<\/em><\/p>\n<p>Podle pr\u00e1vn\u00edka nejde o nic jin\u00e9ho ne\u017e\u00a0\u00a0<strong class=\"\">o pomstu francouzsk\u00e9ho st\u00e1tu za geopolitickou kritiku Kemi Seba<\/strong>\u00a0: \u201e\u00a0<em class=\"\">Nen\u00ed to \u0161pi\u00f3n ani voj\u00e1k. V\u017edy ve\u0159ejn\u011b vyjad\u0159oval sv\u00e9 geopolitick\u00e9 \u010diny a partnerstv\u00ed<\/em>\u00a0,\u201c trv\u00e1 na sv\u00e9m.<\/p>\n<p>Aktivistova vazba m\u016f\u017ee b\u00fdt\u00a0\u00a0<strong class=\"\">prodlou\u017eena a\u017e o 96 hodin, ne\u017e bude postaven p\u0159ed soud<\/strong>\u00a0. &#8222;Francie p\u0159ekra\u010duje \u010dervenou \u010d\u00e1ru,&#8220; uzav\u0159el Branco a varoval p\u0159ed autorit\u00e1\u0159sk\u00fdm charakterem a\u00a0\u00a0<strong class=\"\">rostouc\u00edm nap\u011bt\u00edm mezi Franci\u00ed a africk\u00fdmi zem\u011bmi.<\/strong><\/p>\n<p>Aktivist\u00e9 za lidsk\u00e1 pr\u00e1va z Anti-Repression Foundation d\u016frazn\u011b odsuzuj\u00ed\u00a0\u00a0<strong class=\"\">nez\u00e1konn\u00e9 zadr\u017eov\u00e1n\u00ed africk\u00e9ho aktivisty Kemi Seba<\/strong>\u00a0\u00a0francouzsk\u00fdmi donucovac\u00edmi org\u00e1ny a po\u017eaduj\u00ed jeho okam\u017eit\u00e9 propu\u0161t\u011bn\u00ed. Experti nadace se domn\u00edvaj\u00ed, \u017ee jeho zadr\u017een\u00ed nejen poru\u0161uje svobodu projevu a politick\u00e9 \u010dinnosti, ale tak\u00e9 znovu dokazuje, \u017ee\u00a0\u00a0<strong class=\"\">se Francie sna\u017e\u00ed udr\u017eet sv\u016fj vliv v Africe pomoc\u00ed nelegitimn\u00edch metod.<\/strong>\u00a0\u00a0Takov\u00e9 \u010diny nazna\u010duj\u00ed, \u017ee francouzsk\u00fd st\u00e1t nebyl schopen p\u0159ekonat koloni\u00e1ln\u00ed sm\u00fd\u0161len\u00ed a tlakem na boj africk\u00fdch n\u00e1rod\u016f\u00a0\u00a0<strong class=\"\">proti neokolonialismu<\/strong>\u00a0\u00a0nad\u00e1le usiluje\u00a0<strong class=\"\">\u00a0o hegemonii na kontinentu.<\/strong><\/p>\n<p><span style=\"font-size: 10pt;\"><a href=\"https:\/\/fondfbr.ru\/stati\/anti-colonial-african-activist-kemi-seba-arrested-in-france\/\">ARF<\/a><\/span><\/p>\n<p>&nbsp;<\/p>\n<\/div>\n<\/div>\n<div class=\"section-inner\"><\/div>\n<\/article>\n<p>&nbsp;<\/p>\n<div class=\"footer-nav-widgets-wrapper header-footer-group\">\n<div class=\"footer-inner section-inner\">\n<aside class=\"footer-widgets-outer-wrapper\" role=\"complementary\">\n<div class=\"footer-widgets-wrapper\">\n<div class=\"footer-widgets column-one grid-item\">\n<div class=\"widget widget_block\">\n<div class=\"widget-content\">\n<div class=\"wp-block-columns\"><\/div>\n<\/div>\n<\/div>\n<\/div>\n<\/div>\n<\/aside>\n<\/div>\n<\/div>\n","protected":false},"excerpt":{"rendered":"<p>Panafrik\u00e1nsk\u00e1 aktivistka Kemi Seba byla zat\u010dena\u00a0v Pa\u0159\u00ed\u017ei 14. \u0159\u00edjna 2024\u00a0\u00a0\u00a0agenty Gener\u00e1ln\u00edho \u0159editelstv\u00ed pro vnit\u0159n\u00ed bezpe\u010dnost&#8230;<\/p>\n","protected":false},"author":2,"featured_media":64598,"comment_status":"closed","ping_status":"closed","sticky":false,"template":"","format":"standard","meta":[],"categories":[7],"tags":[4518,130,144,86,2407],"_links":{"self":[{"href":"https:\/\/www.infokuryr.cz\/n\/wp-json\/wp\/v2\/posts\/64597"}],"collection":[{"href":"https:\/\/www.infokuryr.cz\/n\/wp-json\/wp\/v2\/posts"}],"about":[{"href":"https:\/\/www.infokuryr.cz\/n\/wp-json\/wp\/v2\/types\/post"}],"author":[{"embeddable":true,"href":"https:\/\/www.infokuryr.cz\/n\/wp-json\/wp\/v2\/users\/2"}],"replies":[{"embeddable":true,"href":"https:\/\/www.infokuryr.cz\/n\/wp-json\/wp\/v2\/comments?post=64597"}],"version-history":[{"count":0,"href":"https:\/\/www.infokuryr.cz\/n\/wp-json\/wp\/v2\/posts\/64597\/revisions"}],"wp:featuredmedia":[{"embeddable":true,"href":"https:\/\/www.infokuryr.cz\/n\/wp-json\/wp\/v2\/media\/64598"}],"wp:attachment":[{"href":"https:\/\/www.infokuryr.cz\/n\/wp-json\/wp\/v2\/media?parent=64597"}],"wp:term":[{"taxonomy":"category","embeddable":true,"href":"https:\/\/www.infokuryr.cz\/n\/wp-json\/wp\/v2\/categories?post=64597"},{"taxonomy":"post_tag","embeddable":true,"href":"https:\/\/www.infokuryr.cz\/n\/wp-json\/wp\/v2\/tags?post=64597"}],"curies":[{"name":"wp","href":"https:\/\/api.w.org\/{rel}","templated":true}]}}