{"id":64569,"date":"2024-10-20T00:37:10","date_gmt":"2024-10-19T22:37:10","guid":{"rendered":"https:\/\/www.infokuryr.cz\/n\/?p=64569"},"modified":"2024-10-19T17:31:04","modified_gmt":"2024-10-19T15:31:04","slug":"trump-tuto-valku-vyprovokoval-biden","status":"publish","type":"post","link":"https:\/\/www.infokuryr.cz\/n\/2024\/10\/20\/trump-tuto-valku-vyprovokoval-biden\/","title":{"rendered":"Trump: Tuto v\u00e1lku vyprovokoval Biden"},"content":{"rendered":"<div id=\"fb-root\"><\/div>\n<p><strong>J.V: Ti, kte\u0159\u00ed podporuj\u00ed v\u00e1lku Z\u00e1padu proti Rusku \u2013 a rozhodn\u011b jich nen\u00ed m\u00e1lo- si samoz\u0159ejm\u011b p\u0159ej\u00ed v\u00edt\u011bzstv\u00ed Kamaly Harris v nadch\u00e1zej\u00edc\u00edch americk\u00fdch prezidentsk\u00fdch volb\u00e1ch. Ti, kte\u0159\u00ed v\u00ed, \u017ee Biden a cel\u00e9 NATO nikdy nem\u011blo d\u00e1t Zelensk\u00e9mu p\u0159\u00edslib, \u017ee v ka\u017ed\u00e9m p\u0159\u00edpad\u011b bude Ukrajina do tohoto vojensk\u00e9ho uskupen\u00ed p\u0159ijata, podporuj\u00ed p\u0159irozen\u011b Trumpa. Nu\u017ee v\u00edt\u011bzstv\u00ed Trumpa by kone\u010dn\u011b vr\u00e1tilo Z\u00e1pad k realismu a mohli bychom si od Zelensk\u00e9ho, kter\u00fd na n\u00e1s vyskakuje ka\u017ed\u00fd den z obrazovek odpo\u010dinout. A nejen to. Byla by to i politick\u00e1 por\u00e1\u017eka v\u00e1lkychtiv\u00e9 vl\u00e1dy Fialy a spol. A to by bylo sladk\u00e9\u2026<\/strong><\/p>\n<p>Podle port\u00e1lu Politico Donald Trump pova\u017euje Vladimira Zelensk\u00e9ho za vinn\u00e9ho z rusko-ukrajinsk\u00e9 v\u00e1lky. &#8222;Nem\u011bl dovolit, aby tato v\u00e1lka za\u010dala. V\u00e1lka je ztracena,&#8220; \u0159ekl Trump, kdy\u017e o Zelensk\u00e9m mluvil v podcastu s konzervativn\u00edm koment\u00e1torem Patrickem Bet-Davidem.<\/p>\n<p>Prezidentsk\u00fd kandid\u00e1t dodal, \u017ee prezident Joe Biden \u201evyprovokoval tuto v\u00e1lku\u201c. O t\u00e9 opakovan\u011b prohl\u00e1sil, \u017ee by \u201enikdy nenastala\u201c, kdyby se stal prezidentem.<\/p>\n<p>Politico podot\u00fdk\u00e1, \u017ee Trump prokazuje st\u00e1le p\u0159\u00e1tel\u0161t\u011bj\u0161\u00ed vztahy se \u0161\u00e9fem Kremlu Vladimirem Putinem kv\u016fli pokra\u010duj\u00edc\u00edmu konfliktu na Ukrajin\u011b. B\u011bhem debaty s viceprezidentkou Kamalou Harrisovou minul\u00fd m\u011bs\u00edc \u0159ekl, \u017ee vojensk\u00fd konflikt mus\u00ed skon\u010dit. Dvakr\u00e1t ale nedal p\u0159\u00edmou odpov\u011b\u010f, zda v\u011b\u0159\u00ed, \u017ee by Ukrajina m\u011bla vyhr\u00e1t.<\/p>\n<p>Trump je tak\u00e9 pevn\u011b p\u0159esv\u011bd\u010den, \u017ee\u00a0Rusko, \u010c\u00edna a KLDR nebudou pro Washington nep\u0159\u00e1teli,\u00a0pokud budou m\u00edt Spojen\u00e9 st\u00e1ty \u201echytr\u00e9ho prezidenta\u201c. Vcelku logicky se za takov\u00e9ho s\u00e1m pokl\u00e1d\u00e1.<\/p>\n<p><strong><em>J.V. Volby prezidenta v\u00a0Americe jsou zcela z\u00e1sadn\u00ed pro charakter Z\u00e1padu. Ten sou\u010dasn\u00fd progresivistick\u00fd a v\u00e1le\u010dnick\u00fd se bu\u010f udr\u017e\u00ed, a nebo bude smeten. Kdyby autor t\u011bchto \u0159\u00e1dk\u016f mohl hlasovat, hlasoval by pro tu druhou variantu a t\u011b\u0161il by se na to politick\u00e9 zem\u011bt\u0159esen\u00ed, kter\u00e9 ot\u0159ese sou\u010dasn\u00fdm Z\u00e1padem, po\u010d\u00ednaje USA, p\u0159es Evropskou unii po \u010deskou vl\u00e1du. Realisticky uva\u017euj\u00edc\u00ed lid\u00e9 by si to zaslou\u017eili.<\/em><\/strong><\/p>\n<p><a href=\"https:\/\/vasevec.info\/blogy\/trump-tuto-valku-vyprovokoval-biden\">Ji\u0159\u00ed Vyvadil<\/a><\/p>\n<p><img decoding=\"async\" loading=\"lazy\" class=\"alignnone size-medium wp-image-16474\" src=\"http:\/\/www.infokuryr.cz\/n\/wp-content\/uploads\/2022\/10\/jiri-vyvadil-300x200.jpg\" alt=\"\" width=\"300\" height=\"200\" srcset=\"https:\/\/www.infokuryr.cz\/n\/wp-content\/uploads\/2022\/10\/jiri-vyvadil-300x200.jpg 300w, https:\/\/www.infokuryr.cz\/n\/wp-content\/uploads\/2022\/10\/jiri-vyvadil-768x512.jpg 768w, https:\/\/www.infokuryr.cz\/n\/wp-content\/uploads\/2022\/10\/jiri-vyvadil.jpg 800w\" sizes=\"(max-width: 300px) 100vw, 300px\" \/><\/p>\n<p>&nbsp;<\/p>\n","protected":false},"excerpt":{"rendered":"<p>J.V: Ti, kte\u0159\u00ed podporuj\u00ed v\u00e1lku Z\u00e1padu proti Rusku \u2013 a rozhodn\u011b jich nen\u00ed m\u00e1lo- si&#8230;<\/p>\n","protected":false},"author":2,"featured_media":47899,"comment_status":"closed","ping_status":"closed","sticky":false,"template":"","format":"standard","meta":[],"categories":[6],"tags":[72,1503,1226,452],"_links":{"self":[{"href":"https:\/\/www.infokuryr.cz\/n\/wp-json\/wp\/v2\/posts\/64569"}],"collection":[{"href":"https:\/\/www.infokuryr.cz\/n\/wp-json\/wp\/v2\/posts"}],"about":[{"href":"https:\/\/www.infokuryr.cz\/n\/wp-json\/wp\/v2\/types\/post"}],"author":[{"embeddable":true,"href":"https:\/\/www.infokuryr.cz\/n\/wp-json\/wp\/v2\/users\/2"}],"replies":[{"embeddable":true,"href":"https:\/\/www.infokuryr.cz\/n\/wp-json\/wp\/v2\/comments?post=64569"}],"version-history":[{"count":0,"href":"https:\/\/www.infokuryr.cz\/n\/wp-json\/wp\/v2\/posts\/64569\/revisions"}],"wp:featuredmedia":[{"embeddable":true,"href":"https:\/\/www.infokuryr.cz\/n\/wp-json\/wp\/v2\/media\/47899"}],"wp:attachment":[{"href":"https:\/\/www.infokuryr.cz\/n\/wp-json\/wp\/v2\/media?parent=64569"}],"wp:term":[{"taxonomy":"category","embeddable":true,"href":"https:\/\/www.infokuryr.cz\/n\/wp-json\/wp\/v2\/categories?post=64569"},{"taxonomy":"post_tag","embeddable":true,"href":"https:\/\/www.infokuryr.cz\/n\/wp-json\/wp\/v2\/tags?post=64569"}],"curies":[{"name":"wp","href":"https:\/\/api.w.org\/{rel}","templated":true}]}}