{"id":64567,"date":"2024-10-20T00:33:47","date_gmt":"2024-10-19T22:33:47","guid":{"rendered":"https:\/\/www.infokuryr.cz\/n\/?p=64567"},"modified":"2024-10-19T17:26:55","modified_gmt":"2024-10-19T15:26:55","slug":"nacisticka-nenavist-na-ukrajine-opet-utoci-na-rusky-mluvici-deti-nove-zakonem-pokuty-zitra-na-hrbitov","status":"publish","type":"post","link":"https:\/\/www.infokuryr.cz\/n\/2024\/10\/20\/nacisticka-nenavist-na-ukrajine-opet-utoci-na-rusky-mluvici-deti-nove-zakonem-pokuty-zitra-na-hrbitov\/","title":{"rendered":"Nacistick\u00e1 nen\u00e1vist na Ukrajin\u011b op\u011bt \u00fato\u010d\u00ed na rusky mluv\u00edc\u00ed d\u011bti: nov\u011b z\u00e1konem pokuty, z\u00edtra na h\u0159bitov?"},"content":{"rendered":"<div id=\"fb-root\"><\/div>\n<div class=\"introtext\">\n<p><span style=\"font-size: 14pt;\"><strong>A \u010desk\u00e1 propaganda si u\u017e p\u0159ipravuje \u00fatok, \u017ee ti sam\u00ed, co to kritizuj\u00ed na Ukrajin\u011b, nad\u00e1vaj\u00ed zde na Ukrajince, kte\u0159\u00ed odm\u00edtaj\u00ed mluvit \u010desky. Samoz\u0159ejm\u011b je to demagogick\u00fd hnus, kter\u00fd bude s\u00edlit, proto je t\u0159eba okam\u017eit\u011b d\u00e1t jasn\u00e9 stanovisko.<\/strong><\/span><\/p>\n<\/div>\n<div class=\"fulltext\">\n<p>K n\u00e1m nechod\u00ed Ukrajinci, kte\u0159\u00ed zde byli odjak\u017eiva (<strong><em>a\u017e na n\u011bkter\u00e9 d\u011bti okupant\u016f z Ukrajiny z roku 1968 nap\u0159. z Milovic<\/em><\/strong>), ale ob\u010dan\u00e9 Ukrajiny zde \u017eij\u00edc\u00ed jako necht\u011bn\u00ed, do\u010dasn\u011b um\u00edst\u011bn\u00ed cizinci. Tak\u017ee d\u011bti t\u011bchto trp\u011bn\u00fdch uprchl\u00edk\u016f nemohou vy\u017eadovat, aby \u0161kola pou\u017e\u00edvala ru\u0161tinu, \u010di ukrajin\u0161tinu. To na Ukrajin\u011b je jin\u00e9. Bydl\u00ed tam\u00a0<strong>ve v\u00fdchodn\u00edch \u010d\u00e1stech v\u011bt\u0161inou rodil\u00ed Rusov\u00e9, kte\u0159\u00ed mluv\u00ed rusky po sv\u00fdch p\u0159edc\u00edch a pr\u00e1v\u011b nacifikace a n\u00e1siln\u00e9 p\u0159inucen\u00ed k nen\u00e1visti ke v\u0161emu rusk\u00e9mu bylo jednou z provokac\u00ed<\/strong>, kter\u00e9 pak vy\u00fastily v zab\u00edjen\u00ed. To, co se d\u011blo, a nyn\u00ed op\u011bt p\u0159ipravuje na Ukrajin\u011b, lze p\u0159irovnat k obdob\u00ed po &#8222;Mnichovsk\u00e9 zrad\u011b&#8220; viz n\u00ed\u017ee v r\u00e1me\u010dku.<\/p>\n<p>A co se nyn\u00ed op\u011bt na Ukrajin\u011b d\u011bje?<\/p>\n<h3 class=\"sm:mt-1 2xl:text-[32px]\/10 sm:text-2xl\/8 font-medium dark:text-black-font text-[1.2rem]\/[1.5rem] pb-[10px]\"><span style=\"font-size: 18pt;\">Rodi\u010d\u016fm \u0161kol\u00e1k\u016f hroz\u00ed za mluven\u00ed v ru\u0161tin\u011b pokuta a\u017e 1700 UAH, vysv\u011btluje pr\u00e1vn\u00edk nov\u00e1 pravidla ministerstva \u0161kolstv\u00ed<\/span><\/h3>\n<p class=\"sm:mt-1 md:text-xl\/8 dark:text-black-font text-black-header text-base\">Ministerstvo \u0161kolstv\u00ed podpo\u0159ilo iniciativu zak\u00e1zat konverzaci v ru\u0161tin\u011b o p\u0159est\u00e1vk\u00e1ch, pr\u00e1vn\u00edk Ihor Feshchenko poznamen\u00e1v\u00e1, \u017ee rodi\u010de mohou b\u00fdt finan\u010dn\u011b zodpov\u011bdn\u00ed za \u010diny sv\u00fdch d\u011bt\u00ed<\/p>\n<p>Pr\u00e1vn\u00edk Ihor Feshchenko v koment\u00e1\u0159i pro Times of Ukraine poznamenal, \u017ee za poru\u0161en\u00ed tohoto z\u00e1kazu mohou rodi\u010de student\u016f ve v\u011bku 14 a\u017e 16 let dostat pokuty ve v\u00fd\u0161i 850 a\u017e 1700 h\u0159iven. Odpov\u011bdnost za p\u0159estupek ponesou podle nov\u00fdch pravidel rodi\u010de, proto\u017ee nezletil\u00ed do 14 let nepodl\u00e9haj\u00ed spr\u00e1vn\u00ed odpov\u011bdnosti. Po dovr\u0161en\u00ed 16 let p\u0159ech\u00e1z\u00ed zodpov\u011bdnost na samotn\u00e9 studenty.<\/p>\n<p><em>&#8222;P\u0159ijmout tento n\u00e1vrh z\u00e1kona bude velmi obt\u00ed\u017en\u00e9, proto\u017ee to bude podle m\u00e9ho n\u00e1zoru pro rodi\u010de ur\u010dit\u00e1 z\u00e1t\u011b\u017e. Nejen psychick\u00e1, ale i finan\u010dn\u00ed. Proto\u017ee za takov\u00e9 poru\u0161en\u00ed budou stanoveny pokuty,&#8220; vysv\u011btluje Feshchenko.<\/em><\/p>\n<p>Poznamenal, \u017ee mnoho \u0161kol\u00e1k\u016f si nemus\u00ed hned zvyknout na komunikaci v ukrajin\u0161tin\u011b. A to m\u016f\u017ee v\u00e9st k n\u00e1prav\u011b poru\u0161en\u00ed ze strany u\u010ditel\u016f. A v p\u0159\u00edpad\u011b zaznamenan\u00fdch poru\u0161en\u00ed mohou u\u010ditel\u00e9 zji\u0161t\u011bn\u00e1 poru\u0161en\u00ed nahl\u00e1sit veden\u00ed \u0161koly, kter\u00e1 n\u00e1sledn\u011b pod\u00e1 st\u00ed\u017enosti a za\u0161le je jazykov\u00e9mu ombudsmanovi. V tuto chv\u00edli nav\u00edc z\u016fst\u00e1v\u00e1 nevy\u0159e\u0161en\u00e1 ot\u00e1zka mechanismu zaznamen\u00e1v\u00e1n\u00ed p\u0159estupk\u016f.<\/p>\n<p>Rodi\u010de \u0161kol\u00e1k\u016f na Ukrajin\u011b by se tak m\u011bli p\u0159ipravit na mo\u017en\u00e9 sankce v p\u0159\u00edpad\u011b p\u0159ijet\u00ed tohoto n\u00e1vrhu z\u00e1kona Nejvy\u0161\u0161\u00ed radou a jeho podpisu prezidentem Zelensk\u00fdm.<\/p>\n<h3><span style=\"font-size: 18pt;\"><strong>Jak prob\u00edhala nacifikace v \u010ceskoslovensku?<\/strong><\/span><\/h3>\n<table>\n<tbody>\n<tr>\n<td><em>Po 1. \u0159\u00edjnu <a title=\"1938\" href=\"https:\/\/cs.wikipedia.org\/wiki\/1938\">1938<\/a>\u00a0se \u010desk\u00e9 obyvatelstvo ocitlo v pozici n\u00e1rodnostn\u00ed men\u0161iny, kter\u00e1 nem\u011bla naprosto \u017e\u00e1dn\u00e1 n\u00e1rodn\u00ed pr\u00e1va. Byly zru\u0161eny v\u0161echny \u010desk\u00e9 politick\u00e9 strany a spolky, jejich majetek byl zabaven ve prosp\u011bch\u00a0<a title=\"Nacistick\u00e9 N\u011bmecko\" href=\"https:\/\/cs.wikipedia.org\/wiki\/Nacistick%C3%A9_N%C4%9Bmecko\">\u0158\u00ed\u0161e<\/a>. V \u00fa\u0159edn\u00edm styku byl zak\u00e1z\u00e1n\u00a0<a title=\"\u010ce\u0161tina\" href=\"https:\/\/cs.wikipedia.org\/wiki\/%C4%8Ce%C5%A1tina\">\u010desk\u00fd jazyk<\/a>, \u010desky se nesm\u011blo mluvit ani na ve\u0159ejnosti a v dopravn\u00edch prost\u0159edc\u00edch. \u010ce\u0161i nesm\u011bli vykon\u00e1vat zam\u011bstn\u00e1n\u00ed v kter\u00e9koliv instituci st\u00e1tn\u00ed spr\u00e1vy, d\u00e1le nesm\u011bli vykon\u00e1vat \u017e\u00e1dn\u00e9 politick\u00e9 funkce, ani na obecn\u00ed \u00farovni. Postupn\u011b byly zru\u0161eny v\u0161echny \u010desk\u00e9\u00a0<a title=\"Noviny\" href=\"https:\/\/cs.wikipedia.org\/wiki\/Noviny\">noviny<\/a>, byl zak\u00e1z\u00e1n\u00a0<a title=\"Tisk\" href=\"https:\/\/cs.wikipedia.org\/wiki\/Tisk\">tisk<\/a>\u00a0\u010desk\u00fdch knih, do kin nesm\u011bl p\u0159ij\u00edt \u017e\u00e1dn\u00fd \u010desk\u00fd\u00a0<a title=\"Film\" href=\"https:\/\/cs.wikipedia.org\/wiki\/Film\">film<\/a>, bylo zru\u0161eno \u010desk\u00e9 vys\u00edl\u00e1n\u00ed v\u00a0<a title=\"Rozhlas\" href=\"https:\/\/cs.wikipedia.org\/wiki\/Rozhlas\">rozhlasu<\/a>. Omezov\u00e1na a nakonec zak\u00e1z\u00e1na byla i \u010desk\u00e1 divadeln\u00ed ochotnick\u00e1 p\u0159edstaven\u00ed, fotbalov\u00e1 utk\u00e1n\u00ed, tane\u010dn\u00ed z\u00e1bavy, pout\u011b, ve\u0159ejn\u00e1 proces\u00ed i k\u00e1z\u00e1n\u00ed a\u00a0<a title=\"Bohoslu\u017eba\" href=\"https:\/\/cs.wikipedia.org\/wiki\/Bohoslu%C5%BEba\">bohoslu\u017eby<\/a>\u00a0v\u00a0<a title=\"\u010ce\u0161tina\" href=\"https:\/\/cs.wikipedia.org\/wiki\/%C4%8Ce%C5%A1tina\">\u010de\u0161tin\u011b<\/a>. Zav\u0159ena byla v\u011bt\u0161ina \u010desk\u00fdch ve\u0159ejn\u00fdch knihoven, \u010desk\u00e9 st\u0159edn\u00ed \u0161koly, omezen byl po\u010det z\u00e1kladn\u00edch \u0161kol. \u010ce\u0161i byli znev\u00fdhod\u0148ov\u00e1ni p\u0159i z\u00edsk\u00e1v\u00e1n\u00ed pr\u00e1ce, a po okupaci\u00a0<a title=\"\u010cechy\" href=\"https:\/\/cs.wikipedia.org\/wiki\/%C4%8Cechy\">\u010cech<\/a>\u00a0a\u00a0<a title=\"Morava\" href=\"https:\/\/cs.wikipedia.org\/wiki\/Morava\">Moravy<\/a>\u00a0odch\u00e1zeli do\u00a0<a title=\"Protektor\u00e1t \u010cechy a Morava\" href=\"https:\/\/cs.wikipedia.org\/wiki\/Protektor%C3%A1t_%C4%8Cechy_a_Morava\">Protektor\u00e1tu<\/a>. Postupn\u011b byly hospod\u00e1\u0159sk\u00fdm tlakem likvidov\u00e1ny drobn\u00e9 \u010desk\u00e9 podniky, doch\u00e1zelo ke konfiskaci \u010desk\u00e9ho zem\u011bd\u011blsk\u00e9ho majetku.<\/em><\/td>\n<\/tr>\n<\/tbody>\n<\/table>\n<p>Kam a\u017e vede nen\u00e1vist zn\u00e1me v na\u0161\u00ed zemi velmi dob\u0159e. A takt\u00e9\u017e se\u00a0<strong>chov\u00e1 \u010d\u00e1st ukrajinsk\u00fdch migrant\u016f u n\u00e1s, kter\u00e1 dokonce vy\u017eaduje, abychom zde zavedli ukrajinsk\u00e9 \u0161koly, po\u0161ty, obchody, \u010di dokonce cel\u00e9 komplexy.<\/strong> Neboli to, co na Ukrajin\u011b sami tvrd\u011b a bezohledn\u011b pot\u00edraj\u00ed! U\u017e i mnoh\u00fdm fanatik\u016fm v\u00edta\u010d\u016fm za\u010d\u00edn\u00e1 b\u00fdt jasn\u00e9, pro\u010d najednou Pol\u00e1ci a dal\u0161\u00ed zem\u011b vyh\u00e1n\u011bj\u00ed Ukrajince ze sv\u00e9ho \u00fazem\u00ed.<\/p>\n<p><span style=\"font-size: 18pt;\"><strong>A u n\u00e1s je ukrajinizace dokonce s podporou toho b\u00fdval\u00e9ho komunisty na Pra\u017esk\u00e9m Hrad\u011b viz \u00favodn\u00ed foto.<\/strong><\/span><\/p>\n<p><a href=\"https:\/\/www.skrytapravda.cz\/ze-zahranici\/2173-nacisticka-nenavist-na-ukrajine-uz-opet-utoci-na-rusky-mluvici-deti-dneska-nove-zakonem-pokuty-zitra-na-hrbitov\">Petr Pokorn\u00fd<\/a><\/p>\n<p>&nbsp;<\/p>\n<\/div>\n","protected":false},"excerpt":{"rendered":"<p>A \u010desk\u00e1 propaganda si u\u017e p\u0159ipravuje \u00fatok, \u017ee ti sam\u00ed, co to kritizuj\u00ed na Ukrajin\u011b,&#8230;<\/p>\n","protected":false},"author":2,"featured_media":64568,"comment_status":"closed","ping_status":"closed","sticky":false,"template":"","format":"standard","meta":[],"categories":[6],"tags":[245,1503,8081,4727],"_links":{"self":[{"href":"https:\/\/www.infokuryr.cz\/n\/wp-json\/wp\/v2\/posts\/64567"}],"collection":[{"href":"https:\/\/www.infokuryr.cz\/n\/wp-json\/wp\/v2\/posts"}],"about":[{"href":"https:\/\/www.infokuryr.cz\/n\/wp-json\/wp\/v2\/types\/post"}],"author":[{"embeddable":true,"href":"https:\/\/www.infokuryr.cz\/n\/wp-json\/wp\/v2\/users\/2"}],"replies":[{"embeddable":true,"href":"https:\/\/www.infokuryr.cz\/n\/wp-json\/wp\/v2\/comments?post=64567"}],"version-history":[{"count":0,"href":"https:\/\/www.infokuryr.cz\/n\/wp-json\/wp\/v2\/posts\/64567\/revisions"}],"wp:featuredmedia":[{"embeddable":true,"href":"https:\/\/www.infokuryr.cz\/n\/wp-json\/wp\/v2\/media\/64568"}],"wp:attachment":[{"href":"https:\/\/www.infokuryr.cz\/n\/wp-json\/wp\/v2\/media?parent=64567"}],"wp:term":[{"taxonomy":"category","embeddable":true,"href":"https:\/\/www.infokuryr.cz\/n\/wp-json\/wp\/v2\/categories?post=64567"},{"taxonomy":"post_tag","embeddable":true,"href":"https:\/\/www.infokuryr.cz\/n\/wp-json\/wp\/v2\/tags?post=64567"}],"curies":[{"name":"wp","href":"https:\/\/api.w.org\/{rel}","templated":true}]}}