{"id":64565,"date":"2024-10-20T00:45:43","date_gmt":"2024-10-19T22:45:43","guid":{"rendered":"https:\/\/www.infokuryr.cz\/n\/?p=64565"},"modified":"2024-10-19T17:19:30","modified_gmt":"2024-10-19T15:19:30","slug":"pchjongjang-zobrazuje-podezrely-jihokorejsky-dron","status":"publish","type":"post","link":"https:\/\/www.infokuryr.cz\/n\/2024\/10\/20\/pchjongjang-zobrazuje-podezrely-jihokorejsky-dron\/","title":{"rendered":"Pchjongjang zobrazuje podez\u0159el\u00fd jihokorejsk\u00fd dron"},"content":{"rendered":"<div id=\"fb-root\"><\/div>\n<p><span style=\"font-size: 18pt;\"><strong>Dal\u0161\u00ed vojensk\u00e9 provokace ze strany Soulu mohou v\u00e9st k vyhl\u00e1\u0161en\u00ed v\u00e1lky, varovala severokorejsk\u00e1 arm\u00e1da<\/strong><\/span><\/p>\n<p><span>Severokorejsk\u00e9 ministerstvo obrany zve\u0159ejnilo fotografie toho, o \u010dem tvrd\u00ed, \u017ee jde o jihokorejsk\u00fd dron. Tvrd\u00ed, \u017ee to m\u016f\u017ee b\u00fdt bezpilotn\u00ed letoun, kter\u00fd pou\u017eil Soul, aby za\u010d\u00e1tkem tohoto m\u011bs\u00edce shodil propagandistick\u00e9 let\u00e1ky nad Pchjongjangem.<\/span><\/p>\n<p><span>Havarovan\u00fd UAV byl objeven na severoz\u00e1pad\u011b severokorejsk\u00e9ho hlavn\u00edho m\u011bsta 13. \u0159\u00edjna, uvedlo ministerstvo v sobotn\u00edm prohl\u00e1\u0161en\u00ed. Jeden ze sn\u00edmk\u016f, kter\u00fd zve\u0159ejnila, byl dron typu letadla uv\u00edzl\u00fd ve strom\u011b.<br \/>\n<\/span><br \/>\n<span>Sonda a technick\u00e9 zkoum\u00e1n\u00ed letadla umo\u017enily potvrdit, \u017ee pat\u0159\u00ed Ji\u017en\u00ed Koreji, stoj\u00ed v prohl\u00e1\u0161en\u00ed.<\/span><\/p>\n<p><em><span>&#8222;Vzhledem k tvaru dronu, p\u0159edpokl\u00e1dan\u00e9 dob\u011b letu, schr\u00e1nce na rozhazov\u00e1n\u00ed let\u00e1k\u016f p\u0159ipevn\u011bn\u00e9 ke spodn\u00ed \u010d\u00e1sti trupu dronu atd., je docela pravd\u011bpodobn\u00e9, \u017ee dron je t\u00edm, kdo rozhazuje let\u00e1ky nad centrem magistr\u00e1tu Pchjongjangu.&#8220; Ale z\u00e1v\u011br je\u0161t\u011b nebyl u\u010din\u011bn,\u201c<\/span><\/em><span>\u00a0uvedlo ministerstvo podle st\u00e1tn\u00ed tiskov\u00e9 agentury KCNA.<\/span><\/p>\n<div class=\"article__cover\">\n<div class=\"media\"><picture><source srcset=\"https:\/\/mf.b37mrtl.ru\/files\/2024.10\/original\/6713ac222030271dc257d132.jpg\" sizes=\"991px\" data-srcset=\"https:\/\/mf.b37mrtl.ru\/files\/2024.10\/original\/6713ac222030271dc257d132.jpg\" \/><img decoding=\"async\" loading=\"lazy\" class=\"read-more__cover lazyautosizes lazyloaded aligncenter\" src=\"https:\/\/mf.b37mrtl.ru\/files\/2024.10\/original\/6713ac222030271dc257d132.jpg\" sizes=\"991px\" alt=\"RT\" width=\"931\" height=\"524\" data-sizes=\"auto\" data-src=\"https:\/\/mf.b37mrtl.ru\/files\/2024.10\/original\/6713ac222030271dc257d132.jpg\" \/><\/picture>\n<div class=\"media__footer media__footer_bottom \">\n<div class=\"media__title media__title_footer\" style=\"text-align: center;\"><em>\u00a9 KCNA \/ Ministerstvo obrany Severn\u00ed Koreje<\/em><\/div>\n<\/div>\n<\/div>\n<\/div>\n<p><span>Pchjongjang varoval, \u017ee pokud se naru\u0161en\u00ed ze strany jihu Severn\u00ed Koreje\u00a0<\/span><em><span>\u201eteritori\u00e1ln\u00ed zem\u011b, vzduch a vody&#8230; znovu objev\u00ed a potvrd\u00ed, bude to pova\u017eov\u00e1no za v\u00e1\u017enou vojenskou provokaci&#8230; a bude zah\u00e1jeno vyhl\u00e1\u0161en\u00ed v\u00e1lky a okam\u017eit\u00fd odvetn\u00fd \u00fatok. .\u201c<\/span><\/em><\/p>\n<div class=\"article__cover\">\n<div class=\"media\"><picture><source srcset=\"https:\/\/mf.b37mrtl.ru\/files\/2024.10\/original\/6713ac0585f54049f74505a2.jpg\" sizes=\"991px\" data-srcset=\"https:\/\/mf.b37mrtl.ru\/files\/2024.10\/original\/6713ac0585f54049f74505a2.jpg\" \/><img decoding=\"async\" loading=\"lazy\" class=\"read-more__cover lazyautosizes lazyloaded aligncenter\" src=\"https:\/\/mf.b37mrtl.ru\/files\/2024.10\/original\/6713ac0585f54049f74505a2.jpg\" sizes=\"991px\" alt=\"RT\" width=\"945\" height=\"532\" data-sizes=\"auto\" data-src=\"https:\/\/mf.b37mrtl.ru\/files\/2024.10\/original\/6713ac0585f54049f74505a2.jpg\" \/><\/picture>\n<div class=\"media__footer media__footer_bottom \">\n<div class=\"media__title media__title_footer\" style=\"text-align: center;\"><em>\u00a9 KCNA \/ Ministerstvo obrany Severn\u00ed Koreje<\/em><\/div>\n<\/div>\n<\/div>\n<\/div>\n<p><span>Za\u010d\u00e1tkem tohoto t\u00fddne Severn\u00ed Korea obvinila sv\u00e9ho ji\u017en\u00edho souseda, \u017ee jen tento m\u011bs\u00edc t\u0159ikr\u00e1t poslal nad Pchjongjangem propagandistick\u00e9 let\u00e1ky. Soul lety UAV nepotvrdil ani nepop\u0159el, ale varoval, \u017ee Sever za\u017eije\u00a0<\/span><em><span>\u201ekonec sv\u00e9ho re\u017eimu\u201c,<\/span><\/em><span>\u00a0pokud za\u00fato\u010d\u00ed na Ji\u017en\u00ed Koreu.<\/span><\/p>\n<p><img decoding=\"async\" loading=\"lazy\" class=\"alignnone size-full wp-image-1185\" src=\"http:\/\/www.infokuryr.cz\/n\/wp-content\/uploads\/2021\/04\/kuryr-podpis.png\" alt=\"\" width=\"84\" height=\"24\" \/><\/p>\n<p>&nbsp;<\/p>\n","protected":false},"excerpt":{"rendered":"<p>Dal\u0161\u00ed vojensk\u00e9 provokace ze strany Soulu mohou v\u00e9st k vyhl\u00e1\u0161en\u00ed v\u00e1lky, varovala severokorejsk\u00e1 arm\u00e1da Severokorejsk\u00e9&#8230;<\/p>\n","protected":false},"author":2,"featured_media":64566,"comment_status":"closed","ping_status":"closed","sticky":false,"template":"","format":"standard","meta":[],"categories":[7],"tags":[3727,1189,502],"_links":{"self":[{"href":"https:\/\/www.infokuryr.cz\/n\/wp-json\/wp\/v2\/posts\/64565"}],"collection":[{"href":"https:\/\/www.infokuryr.cz\/n\/wp-json\/wp\/v2\/posts"}],"about":[{"href":"https:\/\/www.infokuryr.cz\/n\/wp-json\/wp\/v2\/types\/post"}],"author":[{"embeddable":true,"href":"https:\/\/www.infokuryr.cz\/n\/wp-json\/wp\/v2\/users\/2"}],"replies":[{"embeddable":true,"href":"https:\/\/www.infokuryr.cz\/n\/wp-json\/wp\/v2\/comments?post=64565"}],"version-history":[{"count":0,"href":"https:\/\/www.infokuryr.cz\/n\/wp-json\/wp\/v2\/posts\/64565\/revisions"}],"wp:featuredmedia":[{"embeddable":true,"href":"https:\/\/www.infokuryr.cz\/n\/wp-json\/wp\/v2\/media\/64566"}],"wp:attachment":[{"href":"https:\/\/www.infokuryr.cz\/n\/wp-json\/wp\/v2\/media?parent=64565"}],"wp:term":[{"taxonomy":"category","embeddable":true,"href":"https:\/\/www.infokuryr.cz\/n\/wp-json\/wp\/v2\/categories?post=64565"},{"taxonomy":"post_tag","embeddable":true,"href":"https:\/\/www.infokuryr.cz\/n\/wp-json\/wp\/v2\/tags?post=64565"}],"curies":[{"name":"wp","href":"https:\/\/api.w.org\/{rel}","templated":true}]}}