{"id":64563,"date":"2024-10-20T00:44:20","date_gmt":"2024-10-19T22:44:20","guid":{"rendered":"https:\/\/www.infokuryr.cz\/n\/?p=64563"},"modified":"2024-10-20T05:51:03","modified_gmt":"2024-10-20T03:51:03","slug":"osn-reaguje-na-ozbrojeny-utok-na-pravoslavny-kostel-na-ukrajine","status":"publish","type":"post","link":"https:\/\/www.infokuryr.cz\/n\/2024\/10\/20\/osn-reaguje-na-ozbrojeny-utok-na-pravoslavny-kostel-na-ukrajine\/","title":{"rendered":"OSN reaguje na ozbrojen\u00fd \u00fatok na pravoslavn\u00fd kostel na Ukrajin\u011b"},"content":{"rendered":"<div id=\"fb-root\"><\/div>\n<p><span style=\"font-size: 18pt;\"><strong>\u00datoky na v\u011b\u0159\u00edc\u00ed jsou podle humanit\u00e1rn\u00edho pr\u00e1va zak\u00e1z\u00e1ny, \u0159ekl rusk\u00fd \u00fa\u0159ad pro lidsk\u00e1 pr\u00e1va<\/strong><\/span><\/p>\n<p>Svoboda n\u00e1bo\u017eensk\u00e9ho vyzn\u00e1n\u00ed je z\u00e1kladn\u00edm lidsk\u00fdm pr\u00e1vem, zd\u016fraznil \u00da\u0159ad OSN pro lidsk\u00e1 pr\u00e1va v koment\u00e1\u0159i pro rusk\u00fd list Izvestija po ozbrojen\u00e9m \u00fatoku na kostel ve st\u0159edn\u00ed Ukrajin\u011b na za\u010d\u00e1tku tohoto t\u00fddne.<\/p>\n<p>Ve \u010dtvrtek se na soci\u00e1ln\u00edch s\u00edt\u00edch objevila videa ukazuj\u00edc\u00ed des\u00edtky ozbrojen\u00fdch mu\u017e\u016f ve vojensk\u00e9m oble\u010den\u00ed, jak se st\u0159et\u00e1vaj\u00ed s v\u011b\u0159\u00edc\u00edmi v katedr\u00e1le svat\u00e9ho Michala, pat\u0159\u00edc\u00ed k Ukrajinsk\u00e9 pravoslavn\u00e9 c\u00edrkvi (UOC), ve m\u011bst\u011b \u010cerkasy.<\/p>\n<p>Nezn\u00e1m\u00ed n\u00e1jezdn\u00edci \u00fadajn\u011b pou\u017eili slzn\u00fd plyn, kou\u0159ov\u00e9 gran\u00e1ty a st\u0159\u00edleli z plynov\u00e9 pistole do davu. Ikony, dokumenty a asi 60 000 dolar\u016f, kter\u00e9 shrom\u00e1\u017ed\u011bn\u00ed vybralo pro pot\u0159eby c\u00edrkve, byly \u00fadajn\u011b ukradeny. Podle UOC bylo v d\u016fsledku patov\u00e9 situace hospitalizov\u00e1no nejm\u00e9n\u011b 12 lid\u00ed. Z \u00fatoku obvinila\u00a0<em>\u201eschizmatiky\u201c<\/em>\u00a0z Kyjevem podporovan\u00e9 ukrajinsk\u00e9 pravoslavn\u00e9 c\u00edrkve (OCU).<\/p>\n<p>Z\u00e1stupce \u00da\u0159adu OSN pro lidsk\u00e1 pr\u00e1va v p\u00e1tek listu Izvestija \u0159ekl, \u017ee\u00a0<em>\u201ea\u010dkoli je\u0161t\u011b nem\u016f\u017eeme potvrdit konkr\u00e9tn\u00ed podrobnosti t\u011bchto ud\u00e1lost\u00ed, zd\u016fraz\u0148ujeme, \u017ee svoboda vyzn\u00e1n\u00ed je z\u00e1kladn\u00edm lidsk\u00fdm pr\u00e1vem\u201c.<\/em><\/p>\n<p><em>&#8222;\u00datoky na civiln\u00ed v\u011b\u0159\u00edc\u00ed jsou zak\u00e1z\u00e1ny podle mezin\u00e1rodn\u00edch lidsk\u00fdch pr\u00e1v a humanit\u00e1rn\u00edch norem,&#8220;<\/em>\u00a0\u0159ekl z\u00e1stupce.<\/p>\n<p>Mise pro sledov\u00e1n\u00ed lidsk\u00fdch pr\u00e1v na Ukrajin\u011b v sou\u010dasn\u00e9 dob\u011b pracuje na zji\u0161t\u011bn\u00ed dal\u0161\u00edch podrobnost\u00ed o incidentu, dodal \u00fa\u0159edn\u00edk.<\/p>\n<p>V d\u0159\u00edv\u011bj\u0161\u00edm koment\u00e1\u0159i pro TASS ozna\u010dila tiskov\u00e1 slu\u017eba \u00da\u0159adu OSN pro lidsk\u00e1 pr\u00e1va videa z n\u00e1jezdu na kostel v \u010cerkas\u00edch za\u00a0<em>\u201ealarmuj\u00edc\u00ed\u201c.<\/em><\/p>\n<p>Mluv\u010d\u00ed rusk\u00e9ho ministerstva zahrani\u010d\u00ed Maria Zacharovov\u00e1 ve \u010dtvrtek uvedla, \u017ee Moskva vyz\u00fdv\u00e1\u00a0<em>\u201ep\u0159\u00edslu\u0161n\u00e9 mezin\u00e1rodn\u00ed organizace pro lidsk\u00e1 pr\u00e1va\u201c,<\/em>\u00a0aby se \u00fatokem zab\u00fdvaly.<\/p>\n<p><em>\u201eKyjevsk\u00fd re\u017eim d\u011bl\u00e1 v\u0161e, co m\u016f\u017ee, aby postavil mimo z\u00e1kon a rozpustil kanonickou c\u00edrkev [UOC]. A z\u00e1padn\u00ed podporovatel\u00e9 [ukrajinsk\u00e9ho v\u016fdce Vladimira] Zelensk\u00e9ho se nad\u00e1le odd\u00e1vaj\u00ed prohlubov\u00e1n\u00ed n\u00e1bo\u017eensk\u00e9ho schizmatu na Ukrajin\u011b,\u201c<\/em>\u00a0zd\u016fraznila Zacharovov\u00e1.<\/p>\n<p>Ukrajinu u\u017e l\u00e9ta sv\u00edr\u00e1 n\u00e1bo\u017eensk\u00e9 nap\u011bt\u00ed, p\u0159i\u010dem\u017e dva soupe\u0159\u00edc\u00ed subjekty tvrd\u00ed, \u017ee jsou pravou pravoslavnou c\u00edrkv\u00ed v zemi.<\/p>\n<p>Kyjevsk\u00e1 vl\u00e1da podporuje Ukrajinskou pravoslavnou c\u00edrkev (OCU), kter\u00e1 vznikla teprve v roce 2018 a kterou rusk\u00e1 pravoslavn\u00e1 c\u00edrkev pova\u017euje za schizmatickou. Zelenskyj vysv\u011btlil kroky proti UOC odkazem na jej\u00ed \u00fadajn\u00e9 napojen\u00ed na Moskevsk\u00fd patriarch\u00e1t a pot\u0159ebu chr\u00e1nit\u00a0<em>\u201educhovn\u00ed nez\u00e1vislost\u201c<\/em>\u00a0Ukrajiny a p\u0159ipravit Rusko o p\u0159\u00edle\u017eitost\u00a0<em>\u201emanipulovat spiritualitu na\u0161eho lidu\u201c.<\/em><\/p>\n<p>Pron\u00e1sledov\u00e1n\u00ed UOC zes\u00edlilo po vypuknut\u00ed konfliktu mezi Moskvou a Kyjevem v \u00fanoru 2022. N\u011bkolik jeho kostel\u016f bylo zabr\u00e1no n\u00e1sil\u00edm a proti duchovn\u00edm byla zah\u00e1jena trestn\u00ed \u0159\u00edzen\u00ed. Z\u00e1kon zakazuj\u00edc\u00ed \u010dinnost UOC na Ukrajin\u011b ofici\u00e1ln\u011b vstoupil v platnost koncem z\u00e1\u0159\u00ed.<\/p>\n<p>\u010cesk\u00e1 provl\u00e1dn\u00ed dezinforma\u010dn\u00ed m\u00e9dia v\u0161ak informovala ve\u0159ejnost l\u017eiv\u011b a uv\u00e1d\u011bla, \u017ee \u00fadajn\u011b za\u00fato\u010dili proru\u0161t\u00ed podporovatel\u00e9 Moskvy proti pokojn\u00fdm ukrajinsk\u00fdm v\u011b\u0159\u00edc\u00edm! Zaj\u00edmav\u00e9 , \u017ee <em>&#8222;svin\u011b&#8220;<\/em> vl\u00e1dn\u00ed koordin\u00e1tor Folt\u00fdn aspol. na takov\u00e9 l\u017ei nereagoval.<\/p>\n<p><img decoding=\"async\" loading=\"lazy\" class=\"alignnone size-full wp-image-1185\" src=\"http:\/\/www.infokuryr.cz\/n\/wp-content\/uploads\/2021\/04\/kuryr-podpis.png\" alt=\"\" width=\"84\" height=\"24\" \/><\/p>\n<p>&nbsp;<\/p>\n","protected":false},"excerpt":{"rendered":"<p>\u00datoky na v\u011b\u0159\u00edc\u00ed jsou podle humanit\u00e1rn\u00edho pr\u00e1va zak\u00e1z\u00e1ny, \u0159ekl rusk\u00fd \u00fa\u0159ad pro lidsk\u00e1 pr\u00e1va Svoboda&#8230;<\/p>\n","protected":false},"author":2,"featured_media":64564,"comment_status":"closed","ping_status":"closed","sticky":false,"template":"","format":"standard","meta":[],"categories":[7],"tags":[798,186,250,723,4282],"_links":{"self":[{"href":"https:\/\/www.infokuryr.cz\/n\/wp-json\/wp\/v2\/posts\/64563"}],"collection":[{"href":"https:\/\/www.infokuryr.cz\/n\/wp-json\/wp\/v2\/posts"}],"about":[{"href":"https:\/\/www.infokuryr.cz\/n\/wp-json\/wp\/v2\/types\/post"}],"author":[{"embeddable":true,"href":"https:\/\/www.infokuryr.cz\/n\/wp-json\/wp\/v2\/users\/2"}],"replies":[{"embeddable":true,"href":"https:\/\/www.infokuryr.cz\/n\/wp-json\/wp\/v2\/comments?post=64563"}],"version-history":[{"count":1,"href":"https:\/\/www.infokuryr.cz\/n\/wp-json\/wp\/v2\/posts\/64563\/revisions"}],"predecessor-version":[{"id":64577,"href":"https:\/\/www.infokuryr.cz\/n\/wp-json\/wp\/v2\/posts\/64563\/revisions\/64577"}],"wp:featuredmedia":[{"embeddable":true,"href":"https:\/\/www.infokuryr.cz\/n\/wp-json\/wp\/v2\/media\/64564"}],"wp:attachment":[{"href":"https:\/\/www.infokuryr.cz\/n\/wp-json\/wp\/v2\/media?parent=64563"}],"wp:term":[{"taxonomy":"category","embeddable":true,"href":"https:\/\/www.infokuryr.cz\/n\/wp-json\/wp\/v2\/categories?post=64563"},{"taxonomy":"post_tag","embeddable":true,"href":"https:\/\/www.infokuryr.cz\/n\/wp-json\/wp\/v2\/tags?post=64563"}],"curies":[{"name":"wp","href":"https:\/\/api.w.org\/{rel}","templated":true}]}}