{"id":6454,"date":"2021-11-27T06:18:45","date_gmt":"2021-11-27T05:18:45","guid":{"rendered":"http:\/\/www.infokuryr.cz\/n\/?p=6454"},"modified":"2021-11-27T06:18:45","modified_gmt":"2021-11-27T05:18:45","slug":"sef-zlocinne-organizace-nato-vyzval-eu-ke-spolupraci-v-boji-proti-hybridnimu-utoku-beloruska","status":"publish","type":"post","link":"https:\/\/www.infokuryr.cz\/n\/2021\/11\/27\/sef-zlocinne-organizace-nato-vyzval-eu-ke-spolupraci-v-boji-proti-hybridnimu-utoku-beloruska\/","title":{"rendered":"\u0160\u00e9f zlo\u010dinn\u00e9 organizace NATO vyzval EU ke spolupr\u00e1ci v boji proti \u201ehybridn\u00edmu \u00fatoku\u201c B\u011bloruska"},"content":{"rendered":"<div id=\"fb-root\"><\/div>\n<p><strong>NATO a EU mus\u00ed spole\u010dn\u011b \u010delit \u201ehybridn\u00edmu \u00fatoku\u201c na hranici s B\u011bloruskem, prohl\u00e1sil gener\u00e1ln\u00ed tajemn\u00edk NATO Jens Stoltenberg na tiskov\u00e9 konferenci v Bruselu p\u0159ed setk\u00e1n\u00edm ministr\u016f zahrani\u010dn\u00edch v\u011bc\u00ed bloku v Rize 30. listopadu a 1. prosince.<\/strong><\/p>\n<p>\u0158ekl tak\u00e9, \u017ee toto t\u00e9ma je na programu zased\u00e1n\u00ed ministr\u016f.<\/p>\n<p>\u201eMinist\u0159i zahrani\u010dn\u00edch v\u011bc\u00ed \u010dlensk\u00fdch st\u00e1t\u016f NATO budou diskutovat o situaci na hranic\u00edch s B\u011bloruskem&#8230; Prob\u00edh\u00e1 hybridn\u00ed \u00fatok proti spojenc\u016fm NATO &#8211; Polsku, Loty\u0161sku a Litv\u011b, kter\u00e9mu je t\u0159eba \u010delit spole\u010dn\u011b s Evropskou uni\u00ed,\u201c \u0159ekl.<\/p>\n<p>Stoltenberg vysv\u011btlil, \u017ee \u201e\u00fazk\u00e1 spolupr\u00e1ce mezi NATO a EU je\u00a0nezbytn\u00e1\u00a0k boji proti t\u00e9to hybridn\u00ed kampani zam\u011b\u0159en\u00e9 na destabilizaci na\u0161ich zem\u00ed\u201c.<\/p>\n<p>Gener\u00e1ln\u00ed tajemn\u00edk tak\u00e9 dodal, \u017ee jedn\u00e1n\u00ed v Rize se z\u00fa\u010dastn\u00ed \u0161\u00e9f unijn\u00ed diplomacie Josep Borrell.<\/p>\n<p>V posledn\u00ed dob\u011b Litva, Loty\u0161sko a Polsko hl\u00e1s\u00ed n\u00e1r\u016fst po\u010dtu zadr\u017een\u00fdch neleg\u00e1ln\u00edch migrant\u016f z Bl\u00edzk\u00e9ho v\u00fdchodu a Afriky na hranic\u00edch s B\u011bloruskem a obvi\u0148uj\u00ed Minsk z vytvo\u0159en\u00ed migra\u010dn\u00ed krize. Minsk ve\u0161ker\u00e1 obvin\u011bn\u00ed odm\u00edt\u00e1. B\u011blorusk\u00fd prezident Alexandr Luka\u0161enko upozornil, \u017ee Minsk ji\u017e nebude omezovat tok neleg\u00e1ln\u00edch migrant\u016f do zem\u00ed EU, nebo\u0165 kv\u016fli z\u00e1padn\u00edm sankc\u00edm na to nejsou \u201eani pen\u00edze, ani s\u00edly\u201c. B\u011bloru\u0161t\u00ed pohrani\u010dn\u00edci opakovan\u011b informovali o n\u00e1siln\u00e9m vyho\u0161\u0165ov\u00e1n\u00ed migrant\u016f ze strany Litvy, Polska a Loty\u0161ska na b\u011blorusk\u00e9 \u00fazem\u00ed.<\/p>\n<p><strong>Gener\u00e1ln\u00ed tajemn\u00edk NATO pohrozil d\u016fsledky v p\u0159\u00edpad\u011b pou\u017eit\u00ed s\u00edly proti Ukrajin\u011b<\/strong><\/p>\n<p>NATO vys\u00edl\u00e1 Rusku\u00a0sign\u00e1l,\u00a0\u017ee jak\u00e9koli pou\u017eit\u00ed s\u00edly proti Ukrajin\u011b \u201ebude m\u00edt d\u016fsledky\u201c, \u0159ekl gener\u00e1ln\u00ed tajemn\u00edk NATO Jens Stoltenberg na tiskov\u00e9 konferenci v Bruselu.<\/p>\n<p>\u201eVyz\u00fdv\u00e1me Rusko v situaci s Ukrajinou, aby sn\u00ed\u017eilo nap\u011bt\u00ed a jednalo transparentn\u011b, a tak\u00e9 vys\u00edl\u00e1me jasn\u00fd sign\u00e1l, \u017ee jak\u00e9koli pou\u017eit\u00ed s\u00edly proti Ukrajin\u011b bude m\u00edt pro Rusko d\u016fsledky a cenu,\u201c prohl\u00e1sil.<\/p>\n<p>Kyjev a z\u00e1padn\u00ed st\u00e1ty v posledn\u00ed dob\u011b vyjad\u0159uj\u00ed obavy z \u00fadajn\u00e9ho zintenzivn\u011bn\u00ed \u201eagresivn\u00edch akc\u00ed\u201c Ruska v bl\u00edzkosti hranic s Ukrajinou. Tiskov\u00fd tajemn\u00edk rusk\u00e9ho prezidenta Dmitrij Peskov \u0159ekl, \u017ee Rusko p\u0159esouv\u00e1 jednotky na sv\u00e9m \u00fazem\u00ed a podle sv\u00e9ho uv\u00e1\u017een\u00ed. To podle jeho slov nikoho neohro\u017euje a nikoho to nemus\u00ed znepokojovat.<\/p>\n<p>Rusk\u00e1 federace opakovan\u011b vyvracela zpr\u00e1vy \u0159ady z\u00e1padn\u00edch m\u00e9di\u00ed, \u017ee Rusko \u00fadajn\u011b stahuje voj\u00e1ky k hranici s Ukrajinou. Rusk\u00e9 ministerstvo zahrani\u010dn\u00edch v\u011bc\u00ed ji\u017e d\u0159\u00edve upozor\u0148ovalo, \u017ee v\u00fdroky Z\u00e1padu o \u201erusk\u00e9 agresi\u201c a mo\u017enosti pomoci Kyjevu br\u00e1nit se proti n\u00ed jsou nejen sm\u011b\u0161n\u00e9, ale i nebezpe\u010dn\u00e9. Rusko tak\u00e9 opakovan\u011b odm\u00edtalo obvin\u011bn\u00ed ze strany Z\u00e1padu a Ukrajiny z \u201eagresivn\u00edch akc\u00ed\u201c s t\u00edm, \u017ee nikoho neohro\u017euje a nem\u00e1 v \u00famyslu na nikoho \u00fato\u010dit, a prohl\u00e1\u0161en\u00ed o \u201erusk\u00e9 agresi\u201c jsou pou\u017e\u00edv\u00e1na jako z\u00e1minka k nasazen\u00ed v\u00edce vojensk\u00e9 techniky NATO pobl\u00ed\u017e rusk\u00fdch hranic.<\/p>\n<p><a href=\"https:\/\/cz.sputniknews.com\/20211126\/sef-nato-vyzval-eu-ke-spolupraci-v-boji-proti-hybridnimu-utoku-beloruska-16652407.html\">ZDROJ<\/a><\/p>\n<p>&nbsp;<\/p>\n","protected":false},"excerpt":{"rendered":"<p>NATO a EU mus\u00ed spole\u010dn\u011b \u010delit \u201ehybridn\u00edmu \u00fatoku\u201c na hranici s B\u011bloruskem, prohl\u00e1sil gener\u00e1ln\u00ed tajemn\u00edk&#8230;<\/p>\n","protected":false},"author":2,"featured_media":5208,"comment_status":"closed","ping_status":"closed","sticky":false,"template":"","format":"standard","meta":[],"categories":[7],"tags":[150,41,39],"_links":{"self":[{"href":"https:\/\/www.infokuryr.cz\/n\/wp-json\/wp\/v2\/posts\/6454"}],"collection":[{"href":"https:\/\/www.infokuryr.cz\/n\/wp-json\/wp\/v2\/posts"}],"about":[{"href":"https:\/\/www.infokuryr.cz\/n\/wp-json\/wp\/v2\/types\/post"}],"author":[{"embeddable":true,"href":"https:\/\/www.infokuryr.cz\/n\/wp-json\/wp\/v2\/users\/2"}],"replies":[{"embeddable":true,"href":"https:\/\/www.infokuryr.cz\/n\/wp-json\/wp\/v2\/comments?post=6454"}],"version-history":[{"count":0,"href":"https:\/\/www.infokuryr.cz\/n\/wp-json\/wp\/v2\/posts\/6454\/revisions"}],"wp:featuredmedia":[{"embeddable":true,"href":"https:\/\/www.infokuryr.cz\/n\/wp-json\/wp\/v2\/media\/5208"}],"wp:attachment":[{"href":"https:\/\/www.infokuryr.cz\/n\/wp-json\/wp\/v2\/media?parent=6454"}],"wp:term":[{"taxonomy":"category","embeddable":true,"href":"https:\/\/www.infokuryr.cz\/n\/wp-json\/wp\/v2\/categories?post=6454"},{"taxonomy":"post_tag","embeddable":true,"href":"https:\/\/www.infokuryr.cz\/n\/wp-json\/wp\/v2\/tags?post=6454"}],"curies":[{"name":"wp","href":"https:\/\/api.w.org\/{rel}","templated":true}]}}