{"id":64530,"date":"2024-10-19T06:47:40","date_gmt":"2024-10-19T04:47:40","guid":{"rendered":"https:\/\/www.infokuryr.cz\/n\/?p=64530"},"modified":"2024-10-19T06:47:40","modified_gmt":"2024-10-19T04:47:40","slug":"polsko-pristupuje-k-legalizaci-gay-partnerstvi","status":"publish","type":"post","link":"https:\/\/www.infokuryr.cz\/n\/2024\/10\/19\/polsko-pristupuje-k-legalizaci-gay-partnerstvi\/","title":{"rendered":"Polsko p\u0159istupuje k legalizaci gay partnerstv\u00ed"},"content":{"rendered":"<div id=\"fb-root\"><\/div>\n<p><span style=\"font-size: 18pt;\"><strong>Tradi\u010dn\u011b katolick\u00e1 zem\u011b navrhla vytvo\u0159en\u00ed \u201eob\u010dansk\u00fdch partnerstv\u00ed\u201c<\/strong><\/span><\/p>\n<p><span>Polsk\u00e1 vl\u00e1da navrhla dva n\u00e1vrhy z\u00e1kon\u016f, jejich\u017e c\u00edlem je uznat ob\u010dansk\u00e1 partnerstv\u00ed, v\u010detn\u011b partnerstv\u00ed osob stejn\u00e9ho pohlav\u00ed, ozn\u00e1mila ministryn\u011b pro rovnost Katarzyna Kotula.<\/span><\/p>\n<p><span>Zu\u0159iv\u011b katolick\u00e1 zem\u011b uzn\u00e1v\u00e1 ob\u010dansk\u00e1 i n\u00e1bo\u017eensk\u00e1 man\u017eelstv\u00ed, ale navzdory letit\u00e9mu tlaku ze strany EU a USA d\u011bl\u00e1 \u010d\u00e1ru mezi svazky osob stejn\u00e9ho pohlav\u00ed.<\/span><\/p>\n<p><span>\u201eJe to ofici\u00e1ln\u00ed! N\u00e1vrhy z\u00e1kon\u016f o registrovan\u00e9m partnerstv\u00ed, kter\u00e9 byly projedn\u00e1ny s nevl\u00e1dn\u00edmi organizacemi, byly odesl\u00e1ny k ve\u0159ejn\u00e9 a meziresortn\u00ed konzultaci,\u201c uvedl v p\u00e1tek Kotula na X (d\u0159\u00edve Twitter) a p\u00f3zoval s dokumenty.<\/span><\/p>\n<p><em><span>\u201eJde o novou kapitolu dlouh\u00e9ho pochodu za rovnost, kter\u00fd n\u00e1s d\u00edky mnohalet\u00e9 pr\u00e1ci mnoha LGBT organizac\u00ed a ob\u010dansk\u00e9 spole\u010dnosti dovedl k tomuto historick\u00e9mu okam\u017eiku,\u201c<\/span><\/em><span>\u00a0dodal ministr.<\/span><\/p>\n<p><span>Vl\u00e1da premi\u00e9ra Donalda Tuska navrhla vytvo\u0159en\u00ed\u00a0<\/span><em><span>\u201eob\u010dansk\u00fdch partnerstv\u00ed\u201c<\/span><\/em><span>\u00a0mezi dosp\u011bl\u00fdmi, bez ohledu na jejich pohlav\u00ed, kter\u00e9 by byly registrov\u00e1ny u m\u00edstn\u00edch \u00fa\u0159ad\u016f stejn\u011b jako jak\u00e1koli jin\u00e1 smlouva.<\/span><\/p>\n<p><span>P\u00e1ry v takov\u00fdch partnerstv\u00edch by pak mohly zalo\u017eit spole\u010dn\u00fd majetek nebo rozd\u011blit sv\u016fj majetek prost\u0159ednictv\u00edm not\u00e1\u0159sk\u00fdch z\u00e1pis\u016f.<\/span><\/p>\n<p><span>Kotula \u0159ekl polsk\u00e9 tiskov\u00e9 agentu\u0159e PAP, \u017ee vl\u00e1da mus\u00ed\u00a0<\/span><em><span>\u201eustoupit o krok\u201c<\/span><\/em><span>\u00a0a ud\u011blat kompromis, pokud jde o p\u00e1ry stejn\u00e9ho pohlav\u00ed a adopci d\u011bt\u00ed.<\/span><\/p>\n<p><span>Podle navrhovan\u00fdch z\u00e1kon\u016f je osoba v registrovan\u00e9m partnerstv\u00ed\u00a0<\/span><em><span>\u201eopr\u00e1vn\u011bna pod\u00edlet se\u201c<\/span><\/em><span>\u00a0na p\u00e9\u010di a v\u00fdchov\u011b o d\u00edt\u011b sv\u00e9ho partnera \u017eij\u00edc\u00edho v dom\u00e1cnosti, v\u010detn\u011b ka\u017edodenn\u00edch rozhodnut\u00ed,\u00a0<\/span><em><span>\u201epokud \u017e\u00e1dn\u00fd z rodi\u010d\u016f vykon\u00e1vaj\u00edc\u00edch rodi\u010dovskou pravomoc nad d\u00edt\u011btem nenam\u00edt\u00e1. \u201c<\/span><\/em><\/p>\n<p><span>N\u00e1vrhy z\u00e1kon\u016f nyn\u00ed m\u00ed\u0159\u00ed k meziresortn\u00edm diskus\u00edm a ve\u0159ejn\u00fdm konzultac\u00edm, ne\u017e je projedn\u00e1 parlament ve Var\u0161av\u011b.<\/span><\/p>\n<p><span>Polsko je jedn\u00edm z p\u011bti \u010dlen\u016f EU, kter\u00e9 neuznaly pr\u00e1vn\u00ed uzn\u00e1n\u00ed vztah\u016f mezi osobami stejn\u00e9ho pohlav\u00ed, dal\u0161\u00edmi jsou Bulharsko, Litva, Rumunsko a Slovensko.<\/span><\/p>\n<p><img decoding=\"async\" loading=\"lazy\" class=\"alignnone size-full wp-image-1185\" src=\"http:\/\/www.infokuryr.cz\/n\/wp-content\/uploads\/2021\/04\/kuryr-podpis.png\" alt=\"\" width=\"84\" height=\"24\" \/><\/p>\n<p>&nbsp;<\/p>\n","protected":false},"excerpt":{"rendered":"<p>Tradi\u010dn\u011b katolick\u00e1 zem\u011b navrhla vytvo\u0159en\u00ed \u201eob\u010dansk\u00fdch partnerstv\u00ed\u201c Polsk\u00e1 vl\u00e1da navrhla dva n\u00e1vrhy z\u00e1kon\u016f, jejich\u017e c\u00edlem&#8230;<\/p>\n","protected":false},"author":2,"featured_media":2314,"comment_status":"closed","ping_status":"closed","sticky":false,"template":"","format":"standard","meta":[],"categories":[7],"tags":[957,71,7480,31],"_links":{"self":[{"href":"https:\/\/www.infokuryr.cz\/n\/wp-json\/wp\/v2\/posts\/64530"}],"collection":[{"href":"https:\/\/www.infokuryr.cz\/n\/wp-json\/wp\/v2\/posts"}],"about":[{"href":"https:\/\/www.infokuryr.cz\/n\/wp-json\/wp\/v2\/types\/post"}],"author":[{"embeddable":true,"href":"https:\/\/www.infokuryr.cz\/n\/wp-json\/wp\/v2\/users\/2"}],"replies":[{"embeddable":true,"href":"https:\/\/www.infokuryr.cz\/n\/wp-json\/wp\/v2\/comments?post=64530"}],"version-history":[{"count":0,"href":"https:\/\/www.infokuryr.cz\/n\/wp-json\/wp\/v2\/posts\/64530\/revisions"}],"wp:featuredmedia":[{"embeddable":true,"href":"https:\/\/www.infokuryr.cz\/n\/wp-json\/wp\/v2\/media\/2314"}],"wp:attachment":[{"href":"https:\/\/www.infokuryr.cz\/n\/wp-json\/wp\/v2\/media?parent=64530"}],"wp:term":[{"taxonomy":"category","embeddable":true,"href":"https:\/\/www.infokuryr.cz\/n\/wp-json\/wp\/v2\/categories?post=64530"},{"taxonomy":"post_tag","embeddable":true,"href":"https:\/\/www.infokuryr.cz\/n\/wp-json\/wp\/v2\/tags?post=64530"}],"curies":[{"name":"wp","href":"https:\/\/api.w.org\/{rel}","templated":true}]}}