{"id":6453,"date":"2021-11-27T06:15:58","date_gmt":"2021-11-27T05:15:58","guid":{"rendered":"http:\/\/www.infokuryr.cz\/n\/?p=6453"},"modified":"2021-11-27T06:15:58","modified_gmt":"2021-11-27T05:15:58","slug":"lukasenko-vyzval-polaky-aby-pustili-bezence-do-nemecka","status":"publish","type":"post","link":"https:\/\/www.infokuryr.cz\/n\/2021\/11\/27\/lukasenko-vyzval-polaky-aby-pustili-bezence-do-nemecka\/","title":{"rendered":"Luka\u0161enko vyzval Pol\u00e1ky, aby pustili b\u011b\u017eence do N\u011bmecka"},"content":{"rendered":"<div id=\"fb-root\"><\/div>\n<p><strong>Prezident B\u011bloruska Alexandr Luka\u0161enko p\u0159icestoval do dopravn\u00edho a logistick\u00e9ho st\u0159ediska u hrani\u010dn\u00edch p\u0159echodu Bruzgi na hranici s Polskem, kde byli rozm\u00edst\u011bni migranti z Bl\u00edzk\u00e9ho v\u00fdchodu, ozn\u00e1mil zpravodaj Sputniku.<\/strong><\/p>\n<p>Luka\u0161enko se obezn\u00e1mil s podm\u00ednkami ubytov\u00e1n\u00ed migrant\u016f v dopravn\u00edm a logistick\u00e9m st\u0159edisku, s jejich stravov\u00e1n\u00edm a se zaji\u0161t\u011bn\u00edm protipo\u017e\u00e1rn\u00ed bezpe\u010dnosti, a ptal se, jestli maj\u00ed dostatek potravin pro v\u0161echny. Migranti uv\u00edtali Luka\u0161enka potleskem. Hlava b\u011blorusk\u00e9ho st\u00e1tu projednal tak\u00e9 s p\u0159edstaviteli b\u011blorusk\u00e9ho \u010cerven\u00e9ho k\u0159\u00ed\u017ee pomoc poskytovanou b\u011b\u017eenc\u016fm.<\/p>\n<p>V pr\u016fb\u011bhu sch\u016fzky s b\u011b\u017eenci Luka\u0161enko prohl\u00e1sil, \u017ee Minsk bude d\u011blat to, co budou cht\u00edt, \u201edokonce, kdy\u017e to bude \u0161patn\u00e9 pro Pol\u00e1ky\u201c.<\/p>\n<p>\u201eMy B\u011blorusov\u00e9 a j\u00e1 osobn\u011b budeme d\u011blat v\u0161echno tak, jak si budete p\u0159\u00e1t, dokonce kdy\u017e to bude \u0161patn\u00e9 pro Pol\u00e1ky, Loty\u0161e nebo n\u011bkoho jin\u00e9ho,\u201c uv\u00e1d\u00ed v p\u00e1tek Luka\u0161enkova slova st\u00e1tn\u00ed agentura Belta.<\/p>\n<p>Podotkl, \u017ee v Minsku maj\u00ed pro b\u011b\u017eence\u00a0<strong>pochopen\u00ed<\/strong>.<\/p>\n<p>\u201eDob\u0159e v\u00e1s zn\u00e1me a ch\u00e1peme v\u00e1s, sna\u017e\u00edte se dostat do Evropy, kam v\u00e1s pozvali. Chcete znovu spojit sv\u00e9 rodiny, a takov\u00fdch lid\u00ed je v\u00edce\u2026 Leckdo z v\u00e1s uv\u011b\u0159il z\u00e1padn\u00ed propagand\u011b a hled\u00e1 tam lep\u0161\u00ed \u017eivot. Zkr\u00e1tka lid\u00e9 jsou r\u016fzn\u00ed. M\u00e1te ale jeden velk\u00fd spole\u010dn\u00fd probl\u00e9m, upadli jste prost\u011b do ne\u0161t\u011bst\u00ed. Jsem p\u0159esv\u011bd\u010den, \u017ee jen do\u010dasn\u011b,\u201c \u0159ekl b\u011blorusk\u00fd prezident.<\/p>\n<p>Luka\u0161enko b\u011b\u017eenc\u016fm sl\u00edbil, \u017ee Minsk nebude hr\u00e1t a d\u011blat politiku na jejich osudech.<\/p>\n<p>B\u011blorusk\u00fd prezident prohl\u00e1sil, \u017ee v republice se krom\u011b dvoutis\u00edcov\u00e9ho\u00a0uprchlick\u00e9ho t\u00e1bora\u00a0v obchodn\u00edm a logistick\u00e9m st\u0159edisku u hranice s Polskem m\u016f\u017ee nach\u00e1zet je\u0161t\u011b dva a\u017e t\u0159i tis\u00edce migrant\u016f z Bl\u00edzk\u00e9ho v\u00fdchodu.<\/p>\n<p>\u201ePodle na\u0161ich v\u00fdpo\u010dt\u016f je na \u00fazem\u00ed B\u011bloruska krom\u011b tohoto dvoutis\u00edcov\u00e9ho t\u00e1bora je\u0161t\u011b asi dva a\u017e t\u0159i tis\u00edce b\u011b\u017eenc\u016f z va\u0161ich zem\u00ed. Jsou to ale velmi p\u0159ibli\u017en\u00e1 \u010d\u00edsla,\u201c \u0159ekl Luka\u0161enko, kter\u00e9ho cituje agentura Belta.<\/p>\n<p>B\u011blorusk\u00fd prezident rovn\u011b\u017e ozn\u00e1mil, \u017ee v pr\u016fb\u011bhu uplynul\u00fdch 24 hodin byl podniknut pokus \u201ebrut\u00e1ln\u011b\u201c vyhodit z polsk\u00e9 strany na hranici asi 400 lid\u00ed.<\/p>\n<p>B\u011blorusk\u00fd prezident vyzval obyvatele N\u011bmecka a Polska, aby pomohli dos\u00e1hnout\u00a0p\u0159ijet\u00ed\u00a0ve sv\u00fdch zem\u00edch rozhodnut\u00ed o\u00a0<strong>vpu\u0161t\u011bn\u00ed\u00a0<\/strong>bl\u00edzkov\u00fdchodn\u00edch migrant\u016f z \u00fazem\u00ed B\u011bloruska.<\/p>\n<p>\u201eTady je v\u011bt\u0161ina lid\u00ed, kte\u0159\u00ed cht\u011bj\u00ed sjednotit sv\u00e9 rodiny, vezm\u011bte si tyto lidi. Je to mal\u00e9 zat\u00ed\u017een\u00ed pro N\u011bmecko. Ale v\u0161echno blokuj\u00ed Pol\u00e1ci,\u201c cituje Luka\u0161enka agentura Belta.<\/p>\n<p>B\u011blorusk\u00fd l\u00eddr se tak\u00e9 obr\u00e1til na obyvatele Polska. \u201ePolsk\u00e9 veden\u00ed se zbl\u00e1znilo, ztratilo realitu. V\u00e1\u017een\u00ed Pol\u00e1ci, p\u0159ive\u010fte k rozumu sv\u00e9 politiky,\u201c prohl\u00e1sil. Luka\u0161enko dodal, \u017ee polsk\u00e9 veden\u00ed uspo\u0159\u00e1dalo masakr na hranici, aby odvedlo pozornost od vnit\u0159n\u00edch probl\u00e9m\u016f.<\/p>\n<p><a href=\"https:\/\/cz.sputniknews.com\/20211126\/lukasenko-vyzval-polaky-aby-pustili-bezence-do-nemecka-16645546.html\">ZDROJ<\/a><\/p>\n<p>&nbsp;<\/p>\n","protected":false},"excerpt":{"rendered":"<p>Prezident B\u011bloruska Alexandr Luka\u0161enko p\u0159icestoval do dopravn\u00edho a logistick\u00e9ho st\u0159ediska u hrani\u010dn\u00edch p\u0159echodu Bruzgi na&#8230;<\/p>\n","protected":false},"author":2,"featured_media":1086,"comment_status":"closed","ping_status":"closed","sticky":false,"template":"","format":"standard","meta":[],"categories":[7],"tags":[150,119,149,84,31],"_links":{"self":[{"href":"https:\/\/www.infokuryr.cz\/n\/wp-json\/wp\/v2\/posts\/6453"}],"collection":[{"href":"https:\/\/www.infokuryr.cz\/n\/wp-json\/wp\/v2\/posts"}],"about":[{"href":"https:\/\/www.infokuryr.cz\/n\/wp-json\/wp\/v2\/types\/post"}],"author":[{"embeddable":true,"href":"https:\/\/www.infokuryr.cz\/n\/wp-json\/wp\/v2\/users\/2"}],"replies":[{"embeddable":true,"href":"https:\/\/www.infokuryr.cz\/n\/wp-json\/wp\/v2\/comments?post=6453"}],"version-history":[{"count":0,"href":"https:\/\/www.infokuryr.cz\/n\/wp-json\/wp\/v2\/posts\/6453\/revisions"}],"wp:featuredmedia":[{"embeddable":true,"href":"https:\/\/www.infokuryr.cz\/n\/wp-json\/wp\/v2\/media\/1086"}],"wp:attachment":[{"href":"https:\/\/www.infokuryr.cz\/n\/wp-json\/wp\/v2\/media?parent=6453"}],"wp:term":[{"taxonomy":"category","embeddable":true,"href":"https:\/\/www.infokuryr.cz\/n\/wp-json\/wp\/v2\/categories?post=6453"},{"taxonomy":"post_tag","embeddable":true,"href":"https:\/\/www.infokuryr.cz\/n\/wp-json\/wp\/v2\/tags?post=6453"}],"curies":[{"name":"wp","href":"https:\/\/api.w.org\/{rel}","templated":true}]}}