{"id":64503,"date":"2024-10-19T00:36:21","date_gmt":"2024-10-18T22:36:21","guid":{"rendered":"https:\/\/www.infokuryr.cz\/n\/?p=64503"},"modified":"2024-10-18T17:30:31","modified_gmt":"2024-10-18T15:30:31","slug":"erik-best-kdo-prijde-po-fialovi","status":"publish","type":"post","link":"https:\/\/www.infokuryr.cz\/n\/2024\/10\/19\/erik-best-kdo-prijde-po-fialovi\/","title":{"rendered":"Erik Best: Kdo p\u0159ijde po Fialovi?"},"content":{"rendered":"<div id=\"fb-root\"><\/div>\n<p>Jak se volebn\u00ed preference Spolu\u00a0<a href=\"https:\/\/www.fsfinalword.cz\/?page=archive&amp;show=1&amp;day=2024-10-16\" target=\"_blank\" rel=\"noopener\">nebezpe\u010dn\u011b bl\u00ed\u017e\u00ed k\u00a011 %<\/a>, spekuluje se o\u00a0tom, \u017ee ODS vym\u011bn\u00ed Petra Fialu na postu p\u0159edsedy strany a\u00a0premi\u00e9ra dostate\u010dn\u011b v\u010das, aby se je\u0161t\u011b mohla pokusit zvr\u00e1tit situaci p\u0159ed sn\u011bmovn\u00edmi volbami na podzim p\u0159\u00ed\u0161t\u00edho roku.<\/p>\n<p>Ministr dopravy Martin Kupka by mohl p\u0159evz\u00edt ob\u011b funkce, ale prezident Petr Pavel by musel b\u00fdt ochoten d\u00e1t ODS je\u0161t\u011b jednu \u0161anci na veden\u00ed vl\u00e1dy. Mo\u017en\u00e1 by m\u00edsto toho rad\u011bji p\u0159edal ot\u011b\u017ee p\u0159edsedovi STANu V\u00edtu Raku\u0161anovi, vzhledem k\u00a0tomu, \u017ee demokratick\u00fdm stran\u00e1m jde o\u00a0hodn\u011b. Ten minul\u00fd t\u00fdden Respektu \u0159ekl, \u017ee STAN\u00a0<a href=\"https:\/\/www.respekt.cz\/tydenik\/2024\/42\/vit-rakusan-uplne-jsme-ztratili-venkov-nase-strategie-musi-smerovat-na-nej?srsltid=AfmBOoql5IixIFPMoSxgBC3JXtZZHsaAH3Nd4kJXC1Kh-ki3QcCnn4vd\" target=\"_blank\" rel=\"noopener\">\u00fapln\u011b ztratil voli\u010de na venkov\u011b<\/a>\u00a0ve prosp\u011bch ANO, Sta\u010dilo! a\u00a0dal\u0161\u00edch populist\u016f a\u00a0\u017ee se na n\u011b chce nyn\u00ed zam\u011b\u0159it.<\/p>\n<p>Pokud by se stal premi\u00e9rem, jist\u011b by k\u00a0tomu m\u011bl mnohem v\u011bt\u0161\u00ed platformu. Byl by to tak\u00e9 odv\u00e1\u017en\u00fd experiment &#8211; nahradit premi\u00e9ra, kter\u00fd se najednou sna\u017e\u00ed chovat\u00a0<a href=\"https:\/\/www.idnes.cz\/zpravy\/domaci\/komentar-petr-fiala-problemy-evropa-bezpecnost-konkurenceschopnost.A241016_102534_domaci_tof\" target=\"_blank\" rel=\"noopener\">m\u00e9n\u011b proevropsky<\/a>, \u0161\u00e9fem strany, kter\u00e1 v\u017edy vid\u011bla ta nejv\u00edc proevropsk\u00e1 \u0159e\u0161en\u00ed jako ta spr\u00e1vn\u00e1 pro jak\u00fdkoli probl\u00e9m. Z\u00a0toho by nakonec na \u00fakor Raku\u0161ana a\u00a0Pavla mohla vyt\u011b\u017eit ODS.<\/p>\n<p><a href=\"https:\/\/www.fsfinalword.cz\/?page=archive&amp;day=2024-10-17&amp;utm_source=utm_source%3Dnewsletter&amp;utm_medium=utm_medum%3De-mail&amp;utm_campaign=utm_campaign%3Dfinal_word_17.10.2024\">Erik Best<\/a><\/p>\n<p><img decoding=\"async\" loading=\"lazy\" class=\"alignnone  wp-image-1179\" src=\"http:\/\/www.infokuryr.cz\/n\/wp-content\/uploads\/2021\/04\/erik-best.jpg\" alt=\"\" width=\"128\" height=\"144\" \/><\/p>\n<p>&nbsp;<\/p>\n","protected":false},"excerpt":{"rendered":"<p>Jak se volebn\u00ed preference Spolu\u00a0nebezpe\u010dn\u011b bl\u00ed\u017e\u00ed k\u00a011 %, spekuluje se o\u00a0tom, \u017ee ODS vym\u011bn\u00ed Petra&#8230;<\/p>\n","protected":false},"author":2,"featured_media":56651,"comment_status":"closed","ping_status":"closed","sticky":false,"template":"","format":"standard","meta":[],"categories":[6],"tags":[1503,192,535,27,2228],"_links":{"self":[{"href":"https:\/\/www.infokuryr.cz\/n\/wp-json\/wp\/v2\/posts\/64503"}],"collection":[{"href":"https:\/\/www.infokuryr.cz\/n\/wp-json\/wp\/v2\/posts"}],"about":[{"href":"https:\/\/www.infokuryr.cz\/n\/wp-json\/wp\/v2\/types\/post"}],"author":[{"embeddable":true,"href":"https:\/\/www.infokuryr.cz\/n\/wp-json\/wp\/v2\/users\/2"}],"replies":[{"embeddable":true,"href":"https:\/\/www.infokuryr.cz\/n\/wp-json\/wp\/v2\/comments?post=64503"}],"version-history":[{"count":0,"href":"https:\/\/www.infokuryr.cz\/n\/wp-json\/wp\/v2\/posts\/64503\/revisions"}],"wp:featuredmedia":[{"embeddable":true,"href":"https:\/\/www.infokuryr.cz\/n\/wp-json\/wp\/v2\/media\/56651"}],"wp:attachment":[{"href":"https:\/\/www.infokuryr.cz\/n\/wp-json\/wp\/v2\/media?parent=64503"}],"wp:term":[{"taxonomy":"category","embeddable":true,"href":"https:\/\/www.infokuryr.cz\/n\/wp-json\/wp\/v2\/categories?post=64503"},{"taxonomy":"post_tag","embeddable":true,"href":"https:\/\/www.infokuryr.cz\/n\/wp-json\/wp\/v2\/tags?post=64503"}],"curies":[{"name":"wp","href":"https:\/\/api.w.org\/{rel}","templated":true}]}}