{"id":64467,"date":"2024-10-18T05:19:24","date_gmt":"2024-10-18T03:19:24","guid":{"rendered":"https:\/\/www.infokuryr.cz\/n\/?p=64467"},"modified":"2024-10-18T05:19:24","modified_gmt":"2024-10-18T03:19:24","slug":"michael-svatos-plan-rozpoutani-iii-svetove-valky-biden-uz-v-berline-desive-ztraty-izraele-v-libanonu-biden-uz-vyhrozoval-iranu-valkou-analyza-nebezpeci-konce-sveta","status":"publish","type":"post","link":"https:\/\/www.infokuryr.cz\/n\/2024\/10\/18\/michael-svatos-plan-rozpoutani-iii-svetove-valky-biden-uz-v-berline-desive-ztraty-izraele-v-libanonu-biden-uz-vyhrozoval-iranu-valkou-analyza-nebezpeci-konce-sveta\/","title":{"rendered":"Michael Svato\u0161: Pl\u00e1n rozpout\u00e1n\u00ed III. sv\u011btov\u00e9 v\u00e1lky! Biden u\u017e v Berl\u00edn\u011b! D\u011bsiv\u00e9 ztr\u00e1ty Izraele v Libanonu! Biden u\u017e vyhro\u017eoval Ir\u00e1nu v\u00e1lkou! Anal\u00fdza nebezpe\u010d\u00ed konce sv\u011bta."},"content":{"rendered":"<div id=\"fb-root\"><\/div>\n<p>Zelenskyj v\u010dera v Bruselu p\u0159ednesl sv\u016fj \u201cgeni\u00e1ln\u00ed\u201d pl\u00e1n, jak rozpoutat III. sv\u011btovou v\u00e1lku, a v Rusku se okam\u017eit\u011b za\u010daly d\u00edt v\u011bci,<em>\u00a0nad kter\u00fdmi laik \u017easne, a odborn\u00edk se div\u00ed<\/em>.<\/p>\n<h3>(1) Sledovanost projev\u016f Rutte-Zelenskyj mus\u00ed stra\u0161it fialov\u00e9 propagandisty ve snech. Aneb \u2013 Ztraceno v p\u0159ekladu.<\/h3>\n<p>T\u00f3n rusk\u00e9 rozl\u00edcenosti nad Zelensk\u00e9ho \u201cgenialitou\u201d v\u010dera ud\u00e1vali i takov\u00e9 osobnosti rusk\u00e9 \u017eurnalistiky jako\u00a0<a href=\"https:\/\/www.facebook.com\/onlinekpru\/posts\/%D0%BA%D0%BE%D0%BB%D1%83%D0%BC%D0%BD%D0%B8%D1%81%D1%82-%D0%BA%D0%BF-%D0%B0%D0%BB%D0%B5%D0%BA%D1%81%D0%B0%D0%BD%D0%B4%D1%80-%D0%B3%D1%80%D0%B8%D1%88%D0%B8%D0%BD-%D0%BC%D0%B0%D1%88%D0%B0-%D1%82%D0%B5%D0%BF%D0%B5%D1%80%D1%8C-%D0%B1%D1%83%D0%B4%D0%B5%D1%82-%D0%BD%D0%B0%D0%BF%D1%80%D1%8F%D0%BC%D1%83%D1%8E-%D0%BF%D0%BE%D0%BB%D1%83%D1%87%D0%B0%D1%82%D1%8C-%D0%B7%D0%B0%D1%80%D0%BF%D0%BB%D0%B0%D1%82%D1%83-%D0%B8%D0%B7-%D0%B3%D0%BE\/10153497686468470\/\">letit\u00fd koment\u00e1tor<\/a>\u00a0den\u00edku\u00a0<span class=\"mw-page-title-main\">\u041a\u043e\u043c\u0441\u043e\u043c\u043e\u043b\u044c\u0441\u043a\u0430\u044f \u043f\u0440\u0430\u0432\u0434\u0430,\u00a0<\/span><a href=\"https:\/\/www.kp.ru\/daily\/author\/3617\/\">\u0410\u043b\u0435\u043a\u0441\u0430\u043d\u0434\u0440 \u0413\u0420\u0418\u0428\u0418\u041d<\/a>. Ten v\u010dera v \u010dl\u00e1nku nazvan\u00e9m: \u201c<a href=\"https:\/\/www.kp.ru\/daily\/27648\/4999246\/\">Zelenskyj po\u017eadoval, aby byli voj\u00e1ci NATO p\u0159ipraveni k vysl\u00e1n\u00ed na Ukrajinu: Z\u00e1padn\u00ed voj\u00e1ci mus\u00ed nahradit ukrajinsk\u00e9 ozbrojen\u00e9 s\u00edly na boji\u0161ti<\/a>.\u201d,\u00a0stejn\u011b jako dal\u0161\u00ed novin\u00e1\u0159i Rusy stra\u0161il, \u017ee Zelenskyj na briefingu se \u0161\u00e9fem NATO ozn\u00e1mil \u010dlensk\u00fdm st\u00e1t\u016fm NATO: \u201c<em>Na\u0161e poselstv\u00ed v\u0161em zem\u00edm: p\u0159ipravte brig\u00e1dy, mohou b\u00fdt z\u00e1lohou,\u00a0 a mohou nahradit na\u0161e chlapy, kte\u0159\u00ed jsou unaven\u00ed, mohou je nahradit na boji\u0161ti.<\/em>\u201c. (<em>\u041d\u0430\u0448 \u043f\u043e\u0441\u044b\u043b \u0432\u0441\u0435\u043c \u0441\u0442\u0440\u0430\u043d\u0430\u043c: \u0433\u043e\u0442\u043e\u0432\u044c\u0442\u0435 \u0431\u0440\u0438\u0433\u0430\u0434\u044b, \u043e\u043d\u0438 \u043c\u043e\u0433\u0443\u0442 \u0431\u044b\u0442\u044c \u0440\u0435\u0437\u0435\u0440\u0432\u043e\u043c \u0438 \u043c\u043e\u0433\u0443\u0442 \u0437\u0430\u043c\u0435\u043d\u0438\u0442\u044c \u043d\u0430\u0448\u0438\u0445 \u0440\u0435\u0431\u044f\u0442, \u043a\u043e\u0442\u043e\u0440\u044b\u0435 \u0443\u0441\u0442\u0430\u043b\u0438, \u043e\u043d\u0438 \u043c\u043e\u0433\u0443\u0442 \u0437\u0430\u043c\u0435\u043d\u0438\u0442\u044c \u0438\u0445 \u043d\u0430 \u043f\u043e\u043b\u0435 \u0431\u043e\u044f.<\/em>)<\/p>\n<p>Rusov\u00e9 byli v\u010dera ze v\u0161ech Zelensk\u00e9ho po\u017eadavk\u016f v\u016f\u010di zem\u00edm NATO, z nich\u017e jedin\u00fd by dozajista rozpoutal III. sv\u011btovou v\u00e1lku, natolik rozl\u00edceni, \u017ee ztratili ve\u0161kerou soudnost, a jeden ze Zelensk\u00e9ho cit\u00e1t\u016f dokonale popletli. Zelenskyj toti\u017e p\u0159i briefingu s novou hlavou NATO, teflonov\u00fdm Markem Rutte, velmi \u0161patnou angli\u010dtinou pronesl: \u201c<em>To equip brigades this is the best plan what we can have really. So our messages to all the countries: Just equip brigades they can be reserved and they can change our guys who are tired some of them are tired. We need to to change them on the battlefield. That\u2019s why we need this resource well equipped. And this is the signal how to have real plan then. Uh.<\/em>\u201c.<\/p>\n<p>A to v \u010de\u0161tin\u011b stejn\u011b jako v ka\u017ed\u00e9m dal\u0161\u00ed jazyku znamen\u00e1:\u00a0 \u201cAby zem\u011b (NATO) vyzbrojili z\u00e1lo\u017en\u00ed brig\u00e1dy (Ukrajiny), aby ty mohly po vyzbrojen\u00ed vym\u011bnit ukrajinsk\u00e9 frontov\u00e9 brig\u00e1dy, kter\u00e9 jsou u\u017e vy\u010derp\u00e1ny. (Na\u0161e) Frontov\u00e9 brig\u00e1dy mus\u00edme vym\u011bnit, a proto pot\u0159ebujeme spoustu zbran\u00ed a vybaven\u00ed. A to je podstata, jak (m\u016fj v\u00edt\u011bzn\u00fd) pl\u00e1n bude fungovat. Uff.\u201d, \u0159ekl v\u010dera l\u00e1manou angli\u010dtinou na briefingu po jedn\u00e1n\u00ed evidentn\u011b vy\u010derpan\u00fd Zelenskyj.<\/p>\n<p>M\u016f\u017eeme tedy konstatovat, \u017ee aspo\u0148 v tomto p\u0159\u00edpad\u011b Zelenskyj nehodl\u00e1 rozpoutat III. sv\u011btovou v\u00e1lku t\u00edm, \u017ee by n\u011bjak\u00e9 vojensk\u00e9 brig\u00e1dy zem\u00ed NATO byly vypraveny na v\u00fdchodn\u00ed frontu, aby tam nahradily vy\u010derpan\u00e1 ukrajinsk\u00e1 vojska, a bojovaly tam proti Rus\u016fm. (<a class=\"mfp-iframe lightbox-added\" href=\"https:\/\/www.youtube.com\/watch?v=SNfNeThMO1U\">Zelensk\u00e9ho projev najdete zde<\/a>. Zelenskyj mluv\u00ed od 42:13. O \u201cbrig\u00e1d\u00e1ch\u201d od 1:05:40. Velmi zaj\u00edmav\u00e9 je \u010d\u00edslo osob, kter\u00e9 ofici\u00e1ln\u00ed p\u0159enos a z\u00e1znam briefingu Rutte-Zelenskyj sledovali. Dnes k 01.07 hodin, v\u010detn\u011b m\u00e9 mali\u010dkosti : 2 232 na cel\u00e9m sv\u011bt\u011b. Nediv\u00edm se potom, \u017ee Folt\u00fdna a spol. \u010de\u0161t\u00ed \u201cdezol\u00e1ti\u201d tak d\u011bs\u00ed svoj\u00ed sledovanost\u00ed. M\u011bli by si v\u0161ak ud\u011blat p\u0159edev\u0161\u00edm po\u0159\u00e1dek ve vlastn\u00edch \u0159ad\u00e1ch, a v\u00edce honit fialov\u00e1 individua, aby sv\u00e9 hlavn\u00ed idoly v\u00edce sledovali.)<\/p>\n<h3>(2) Nejv\u00edce o budoucnosti Ukrajiny a Izraele vypov\u00ed dne\u0161n\u00ed sch\u016fzka Biden \u2013 Scholz \u2013 Macron \u2013 Starmer.<\/h3>\n<p><a href=\"https:\/\/www.zdf.de\/nachrichten\/politik\/ausland\/biden-deutschland-besuch-berlin-100.html\">Joe Biden u\u017e v noci p\u0159ist\u00e1l v Berl\u00edn\u011b<\/a>,\u00a0 a po dne\u0161n\u00ed dopoledn\u00ed form\u00e1ln\u00ed n\u00e1v\u0161t\u011bv\u011b u n\u011bmeck\u00e9ho prezidenta Franka-Waltra Steinmeiera, kde bude dekorov\u00e1n velkok\u0159\u00ed\u017eem \u201cSonderstufe des Gro\u00dfkreuzes des Verdienstordens der Bundesrepublik\u201d, kter\u00fd za existenci sou\u010dasn\u00e9ho pov\u00e1le\u010dn\u00e9ho N\u011bmecka obdr\u017eel ze 14 US prezident\u016f jen Bush star\u0161\u00ed, se sejde na kl\u00ed\u010dov\u00e9m jedn\u00e1n\u00ed s Olafem Scholzem, Emanuelem Macronem, a Keirem Starmerem.<\/p>\n<p>Podle zpr\u00e1v z tiskov\u00e9 konference z paluby Air Force One p\u0159i jeho letu do Berl\u00edna, se \u00fa\u010dast Zelensk\u00e9ho na jedn\u00e1n\u00edch v\u016fdc\u016f Z\u00e1padu ofici\u00e1ln\u011b neo\u010dek\u00e1v\u00e1. Proto\u017ee se neo\u010dek\u00e1v\u00e1 ani \u00fa\u010dast Italky Meloniov\u00e9, ani Pol\u00e1ka Tuska, \u00fa\u010dast Zelensk\u00e9ho by byla v\u016f\u010di posledn\u00edm dv\u011bma jmenovan\u00fdm mimo\u0159\u00e1dnou diplomatickou potupou. Ta u\u017e je i tak zna\u010dn\u00e1, proto\u017ee Biden\u016fv bezpe\u010dnostn\u00ed poradce Jack Sullivan v\u010dera v noci hrd\u011b ozn\u00e1mil, \u017ee \u201c\u010dty\u0159i l\u00edd\u0159i \u2013 N\u011bmecko, Francie, Velk\u00e1 Brit\u00e1nie a USA \u2013 si spole\u010dn\u011b sednou, aby se soust\u0159edily, (naschv\u00e1l p\u00ed\u0161i tvrd\u00e9 y), na dv\u011b ot\u00e1zky, na v\u00e1lku na Ukrajin\u011b a na v\u00e1lku Izraele proti Arab\u016fm\u201d. Sullivan doslova mluvil o nutnosti 4 \u201cl\u00eddr\u016f\/zem\u00ed\u201d\u00a0 Z\u00e1padu se soukrom\u011b poradit o Zelensk\u00e9ho pl\u00e1nech, o kter\u00fdch \u201cn\u011bco od n\u011bj sly\u0161eli\u201d, ale mus\u00ed se o tom poradit mezi \u010dty\u0159ma o\u010dima. It\u00e1lie nebyla jako jedin\u00fd evropsk\u00fd \u010dlen skupiny G-7 ofici\u00e1ln\u011b pozv\u00e1na na jedn\u00e1n\u00ed 4 v\u016fdc\u016f mocnost\u00ed Z\u00e1padu, kter\u00e9 se kon\u00e1 v Evrop\u011b v Berl\u00edn\u011b, a v\u016fdkyn\u011b EU Ursula rovn\u011b\u017e ne. Z\u00edtra odpoledne se dozv\u00edme, zda tato diplomatick\u00e1 ur\u00e1\u017eka It\u00e1lie, a bruselsk\u00e9 komise, a kyjevsk\u00e9ho v\u016fdce, bude i ofici\u00e1ln\u011b napln\u011bna. Nebo n\u011bkdo na posledn\u00ed chv\u00edli zm\u011bn\u00ed ofici\u00e1ln\u00ed pl\u00e1n jedn\u00e1n\u00ed.<\/p>\n<p>Jestli ofici\u00e1ln\u00ed nepozv\u00e1n\u00ed Meloniov\u00e9 a Zelensk\u00e9ho na poradu v\u016fdc\u016f o budouc\u00edm osudu Ukrajiny je zaj\u00edmavou indici\u00ed, jak bude nalo\u017eeno se Zelensk\u00e9ho pl\u00e1nem V\u00edt\u011bzstv\u00ed, kter\u00fd v\u010dera v Bruselu vytroubil,\u00a0<a href=\"https:\/\/www.whitehouse.gov\/briefing-room\/press-briefings\/2024\/10\/17\/press-gaggle-by-press-secretary-karine-jean-pierre-and-national-security-advisor-jake-sullivan-en-route-berlin-germany\/\">je rozs\u00e1hl\u00e1 medi\u00e1ln\u00ed komunikace z Air Force One p\u0159i jeho v\u010derej\u0161\u00edm no\u010dn\u00edm letu nad Atlantikem je\u0161t\u011b v\u00edce odhaluj\u00edc\u00ed<\/a>.\u00a0Naprost\u00e1 v\u011bt\u0161ina komunikace z paluby se soust\u0159edila na ot\u00e1zky spojen\u00e9 se v\u010derej\u0161\u00ed rann\u00ed likvidac\u00ed ukrutn\u00e9ho \u201c\u017eidobijce\u201d\u00a0<a href=\"https:\/\/cs.wikipedia.org\/wiki\/Jahj%C3%A1_Sinv%C3%A1r\">Jahj\u00e1 Sinv\u00e1ra<\/a>,\u00a0v\u016fdce Ham\u00e1s, a na ot\u00e1zky spojen\u00e9 s n\u00f3tou Bidena Ir\u00e1nu, podle n\u00ed\u017e by po vra\u017ed\u011b Trumpa nastal mezi USA a Ir\u00e1nem v\u00e1le\u010dn\u00fd stav. Zelensk\u00e9ho v\u010derej\u0161\u00ed snaha, z\u00edskat sv\u00fdm v\u00e1le\u010dn\u00fdm pl\u00e1nem pozornost 4 v\u016fdc\u016f Z\u00e1padu, se v komunikaci z letadla naprosto ztratila v z\u00e1plav\u011b d\u016fle\u017eit\u00fdch sd\u011blen\u00ed o podpo\u0159e Izraele ze strany USA, v\u010detn\u011b potvrzen\u00ed o \u201cnasazen\u00ed specialist\u016f rozv\u011bdky USA na pomoc Izraelsk\u00fdm specialist\u016fm\u201d. Porada 4 v\u016fdc\u016f tak prim\u00e1rn\u011b nebude o Ukrajin\u011b, a Zelensk\u00e9ho v\u00edt\u011bzn\u00fdch pl\u00e1nech, ale o nutnosti pomoci Izraeli, aby neprohr\u00e1l v\u00e1lku se sv\u00fdmi nep\u0159\u00e1telsk\u00fdmi sousedy, jejich\u017e \u00fazem\u00ed \u010dasto nez\u00e1konn\u011b l\u00e9ta okupuje.<\/p>\n<p>Pro\u010d se 4 v\u016fdci Z\u00e1padu soust\u0159edn\u00ed hlavn\u011b na dal\u0161\u00ed postup p\u0159i podpo\u0159e Izraele je z\u0159ejm\u00e9. V roce 2006 vpadnul Izrael do Libanonu se 30 000 voj\u00e1ky,\u00a0<a href=\"https:\/\/en.wikipedia.org\/wiki\/2006_Lebanon_War\">a za 33 dn\u00ed boj\u016f padlo 121 voj\u00e1k\u016f a 20 tank\u016f bylo neopraviteln\u011b po\u0161kozeno<\/a>.\u00a0Letos vpadlo do Libanonu 70 000 voj\u00e1k\u016f, a za 17 dn\u00ed boj\u016f<a href=\"https:\/\/www.aljazeera.com\/news\/liveblog\/2024\/10\/17\/live-food-running-out-dozens-buried-in-gazas-jabalia-amid-israeli-siege\">\u00a0bylo u\u017e zabito 55 izraelsk\u00fdch voj\u00e1k\u016f a zni\u010deno 20 tank\u016f<\/a>.\u00a0Izraelc\u016fm v Libanonu dnes \u010del\u00ed mnohem siln\u011bj\u0161\u00ed nep\u0159\u00edtel, ne\u017e v roce 2006. Zat\u00edm izraelsk\u00e9 arm\u00e1d\u011b \u010del\u00ed pouh\u00e9 stovky bojovn\u00edk\u016f Hizball\u00e1hu, kter\u00e9 vedou \u00fasp\u011b\u0161n\u011b modern\u00ed gerilov\u00fd boj na zdr\u017eenou v nep\u0159ehledn\u00e9m kopcovit\u00e9m ter\u00e9nu, a hlavn\u00ed s\u00edly Hizball\u00e1hu se teprve chystaj\u00ed Izraelce vy\u0159\u00eddit, a\u017e postoup\u00ed hloub\u011bji do \u00fazem\u00ed Libanonu a S\u00fdrie. Nebo\u0165 v\u00fdzbroj Hizball\u00e1hu je srovnateln\u00e1 s v\u00fdzbroj\u00ed Ukrajiny p\u0159i odra\u017een\u00ed rusk\u00e9ho n\u00e1poru na ja\u0159e 2022, je v\u0161em analytik\u016fm jasn\u00e9, \u017ee tentokr\u00e1te budou izraelsk\u00e9 ztr\u00e1ty na obrn\u011bn\u00e9 technice zna\u010dn\u00e9, a spot\u0159eba munice a protiletadlov\u00fdch raket extr\u00e9mn\u00ed.<\/p>\n<p>Podle arabsk\u00fdch analytik\u016f nav\u00edc v\u010derej\u0161\u00ed likvidace \u201c\u017eidobijce\u201d J\u00e1hj\u00e1 Sinv\u00e1ra jen dosad\u00ed do veden\u00ed Ham\u00e1s mlad\u0161\u00ed, a je\u0161t\u011b extr\u00e9misti\u010dt\u011bj\u0161\u00ed v\u016fdce z vojensk\u00e9ho k\u0159\u00eddla Ham\u00e1s. USA p\u0159esunuly do Izraele jednu ze 7 bateri\u00ed<a href=\"https:\/\/cs.wikipedia.org\/wiki\/THAAD\">\u00a0raket THAAD<\/a>,\u00a0kter\u00e9 jsou zna\u010dn\u011b v\u00fdkonn\u011bj\u0161\u00ed, ne\u017e rakety Patriot. Podle zpr\u00e1v proti p\u0159esunu brojil Pentagon, proto\u017ee obrana USA tak bude p\u0159ed potenci\u00e1ln\u00edm rusk\u00fdm \u00faderem, vyvolan\u00fdm n\u011bjak\u00fdm nep\u0159edlo\u017een\u00fdm ukrajinsk\u00fdm \u0161\u00edlenstv\u00edm, zna\u010dn\u011b oslabena. Rakety THAAD jsou extr\u00e9mn\u011b drah\u00e9, a jejich v\u00fdroba velmi mal\u00e1. Pentagon se v souvislosti s p\u0159esunem dom\u00e1hal zna\u010dn\u00e9ho zv\u00fd\u0161en\u00ed rozpo\u010dtu na jejich n\u00e1hradu. Z\u0159ejm\u00fdm c\u00edlem p\u0159esunu baterie THAAD do Izraele bylo z\u00edskat \u010das, respektive p\u0159esv\u011bd\u010dit Izrael, aby s odvetou za posledn\u00ed ir\u00e1nsk\u00fd \u00fasp\u011b\u0161n\u00fd odvetn\u00fd raketov\u00fd \u00fatok neposp\u00edchal. V\u010derej\u0161\u00ed\u00a0<a href=\"https:\/\/www.whitehouse.gov\/briefing-room\/speeches-remarks\/2024\/10\/17\/remarks-by-president-biden-after-air-force-one-arrival-schonefeld-germany\/\">oslava smrti Sinv\u00e1ra na palub\u011b Air Force One<\/a>\u00a0ze v\u0161eho nejv\u00edc p\u0159ipom\u00ednala oslavu smrti prezidenta Roosevelta (12. dubna 1944) v berl\u00ednsk\u00e9m doup\u011bti. Washingtonsk\u00e1 vl\u00e1dnouc\u00ed elita se dnes stejn\u011b jako Hitler up\u00edn\u00e1 k po\u0161etil\u00e9 p\u0159edstav\u011b, \u017ee smrt jednoho z v\u016fdc\u016f \u00fahlavn\u00edch nep\u0159\u00e1tel Izraele, dok\u00e1\u017ee na Bl\u00edzk\u00e9m a St\u0159edn\u00edm v\u00fdchod\u011b navodit m\u00edr, nebo aspo\u0148 k\u00fd\u017een\u00e9 p\u0159\u00edm\u011b\u0159\u00ed.<\/p>\n<p>Padaj\u00edc\u00ed izraelsk\u00e1 a evropsk\u00e9 ekonomiky, r\u016fst odporu obyvatel Z\u00e1padu k dal\u0161\u00edmu financov\u00e1n\u00ed v\u00e1lky na Ukrajin\u011b,<a href=\"https:\/\/www.kyivpost.com\/post\/40692\">\u00a0strach z pomaten\u00fdch slov Zelensk\u00e9ho o jak\u00e9msi budouc\u00edm jadern\u00e9m vyd\u00edr\u00e1n\u00ed nebo dokonce o nukle\u00e1rn\u00edm p\u0159epadu Ruska<\/a>,\u00a0ve sv\u00fdch d\u016fsledc\u00edch u\u017e zcela zm\u011bnily logiku titulk\u016f v n\u011bmeck\u00fdch m\u00e9di\u00edch.\u00a0<a href=\"https:\/\/www.eurointegration.com.ua\/news\/2024\/10\/17\/7196475\/\">Jestli se n\u011bmeck\u00fd Bulv\u00e1r Bild<\/a>\u00a0u\u017e hroz\u00ed dopad\u016f \u00fadajn\u00fdch pl\u00e1n\u016f Ukrajiny sestrojit v posledn\u00edm z\u00e1chv\u011bvu re\u017eimu tamn\u00ed Soldatesky jadernou bombu, pak n\u011bmeck\u00e1 tradi\u010dn\u00ed m\u00e9dia u\u017e \u0161\u00ed\u0159\u00ed titulky:\u00a0<a href=\"https:\/\/www.merkur.de\/politik\/eu-gipfel-migration-asyl-verfahren-abschiebungen-regeln-grenzkontrollen-drittstaaten-reform-zr-93360202.html\">Frieden durch Drohungen<\/a>\u00a0\u2013\u00a0M\u00edr skrze hrozby, a v textech se podivuj\u00ed, \u017ee Zelenskyj vyd\u00edr\u00e1 Z\u00e1pad, aby mu dal rakety, kter\u00fdmi by mohl ost\u0159elovat Rusko, a p\u0159ijal Ukrajinu okam\u017eit\u011b do NATO, jinak sestroj\u00ed jadernou bombu, a bude j\u00ed vyhro\u017eovat Rusku, nebo ji dokonce pou\u017eije. Velk\u00e1 \u010d\u00e1st obyvatel Z\u00e1padu je u\u017e Ukrajinou unavena, a v\u016f\u010di Izraeli nechov\u00e1 o nic lep\u0161\u00ed sympatie.<\/p>\n<p>N\u00e1klady na vyzbrojen\u00ed Zelensk\u00e9ho n\u00e1hradn\u00edch brig\u00e1d p\u0159edstavuj\u00ed pot\u0159ebu 1000 tank\u016f, 4000 obrn\u011bn\u00fdch vozidel a dal\u0161\u00ed techniku za des\u00edtky miliard dolar\u016f. V\u00e1lka s Ruskem m\u00e1 ro\u010dn\u00ed spot\u0159ebu 2000 tank\u016f, 10 000 obrn\u011bn\u00fdch vozidel a tis\u00edce d\u011bl, raket a miliony kus\u016f velkor\u00e1\u017en\u00ed munice. V\u00e1lka Izraele s Araby m\u016f\u017ee b\u00fdt rychle stejn\u011b n\u00e1kladn\u00e1. USA si mohou dovolit podporovat jen jednoho spojence, a nemus\u00edte h\u00e1dat, kter\u00fd to bude. Zelensk\u00e9ho pl\u00e1n bude odm\u00edtnut, je jasn\u00e9. Zelenskyj pouze dostane\u00a0 p\u00e1r tan\u010d\u00edk\u016f, letad\u00fdlek, a postar\u0161\u00edch raketek, a s t\u00edm v\u0161ak moskevsk\u00e9ho Gosudara nezastav\u00ed. Proto\u017ee Z\u00e1pad nechce ztratit posledn\u00ed zbytek sv\u00e9 pov\u011bsti, nebude podeps\u00e1n \u017e\u00e1dn\u00fd dal\u0161\u00ed Mnichov, ale Zelenskyj bude ponech\u00e1n Putinovi na pospas, aby ho donutil podepsat kapitulaci, a umo\u017enil tak Z\u00e1padu h\u00fdkat, \u017ee \u017e\u00e1dn\u00e1 nov\u00e1 Mnichovsk\u00e1 konference nebyla, ale Ukrajina sama p\u0159ijala rusk\u00e9 m\u00edrov\u00e9 podm\u00ednky. To je v\u0161e, co bude z\u00edtra v Berl\u00edn\u011b domluveno.<\/p>\n<p>V anal\u00fdze\u00a0<a href=\"https:\/\/www.michalapetr.com\/map-1950-velka-porada-v-pekingu-putin-na-koni-zapad-na-dne-cesti-politici-uplne-mimo\/\">MAP 1950<\/a>\u00a0\u00a0jsme podrobn\u011b vysv\u011btlili, \u017ee teflonov\u00fd Mark Rutte je politikem, kter\u00fd m\u00e1 zvl\u00e1\u0161tn\u00ed schopnost lehce a prudce zm\u011bnit kormidla politiky do opa\u010dn\u00e9ho sm\u011bru. V dal\u0161\u00edch anal\u00fdz\u00e1ch jsme vysv\u011btlili, \u017ee pr\u00e1v\u011b \u201cteflonov\u00e9 schopnosti\u201d Marka Rutteho zp\u016fsobily, \u017ee ho B\u00edl\u00fd d\u016fm navzdory evropsk\u00fdm politik\u016fm letos prosadil m\u00edsto Estonky Kaje Kallasov\u00e9 a Brita Borise Johsona do \u010dela NATO. A jak jsme p\u0159edpokl\u00e1dali,\u00a0<a href=\"https:\/\/www.novinky.cz\/clanek\/zahranicni-evropa-sef-nato-nemuzu-rict-ze-podporuji-cely-plan-ukrajiny-na-vitezstvi-40493390\">v\u010dera u\u017e Mark Rutte diplomaticky poh\u0159bil Zelensk\u00e9ho pl\u00e1n na V\u00edt\u011bzstv\u00ed Ukrajiny nad Ruskem<\/a>.\u00a0A to je teprve za\u010d\u00e1tek neslavn\u00e9ho konce Ukrajiny.<\/p>\n<p>Proto\u017ee tuto sobotu budu diskutovat\u00a0<a href=\"https:\/\/www.youtube.com\/c\/PetrBure%C5%A1TV\/streams\">v po\u0159adu na TV Bure\u0161 s Josefem Sk\u00e1lou<\/a>, a ve st\u0159edu\u00a0<a href=\"https:\/\/www.youtube.com\/@protiproudtv8090\">na Protiproudu s Petrem H\u00e1jkem<\/a>, pot\u0159ebuji se d\u00e1t zdravotn\u011b \u00fapln\u011b do po\u0159\u00e1dku. V pond\u011bl\u00ed 14. 10. jsem se sice byl Klatovech, proto\u017ee to bylo dlouho pl\u00e1novan\u00e9,\u00a0<a class=\"mfp-iframe lightbox-added\" href=\"https:\/\/www.youtube.com\/watch?v=Zzf1HKocP3c\">po\u0159ad najdete zde<\/a>, ale tro\u0161ku jsem se p\u0159ecenil, a hore\u010dka se mi vr\u00e1tila. Proto m\u00e1m st\u00e1le zpo\u017ed\u011bn\u00ed s odpov\u011b\u010fmi na Va\u0161e maily, a anal\u00fdzu zat\u00edm nezvl\u00e1d\u00e1m ka\u017ed\u00fd den. Do \u010dtvrtka 24. 10. se to asi nezlep\u0161\u00ed. D\u011bkuji za pochopen\u00ed. Maily klidn\u011b pi\u0161t\u011b, \u010dtu je v posteli.<\/p>\n<p><a href=\"https:\/\/www.michalapetr.com\/map-2117-plan-rozpoutani-iii-svetove-valky-biden-uz-v-berline-desive-ztraty-izraele-v-libanonu-biden-uz-vyhrozoval-iranu-valkou-analyza-nebezpeci-konce-sveta\/\">Michael Svato\u0161<\/a><\/p>\n<p><img decoding=\"async\" loading=\"lazy\" class=\"alignnone size-full wp-image-27204\" src=\"http:\/\/www.infokuryr.cz\/n\/wp-content\/uploads\/2023\/05\/Michael_Svatos.png\" alt=\"\" width=\"180\" height=\"180\" srcset=\"https:\/\/www.infokuryr.cz\/n\/wp-content\/uploads\/2023\/05\/Michael_Svatos.png 180w, https:\/\/www.infokuryr.cz\/n\/wp-content\/uploads\/2023\/05\/Michael_Svatos-150x150.png 150w\" sizes=\"(max-width: 180px) 100vw, 180px\" \/><\/p>\n","protected":false},"excerpt":{"rendered":"<p>Zelenskyj v\u010dera v Bruselu p\u0159ednesl sv\u016fj \u201cgeni\u00e1ln\u00ed\u201d pl\u00e1n, jak rozpoutat III. sv\u011btovou v\u00e1lku, a v&#8230;<\/p>\n","protected":false},"author":2,"featured_media":46924,"comment_status":"closed","ping_status":"closed","sticky":false,"template":"","format":"standard","meta":[],"categories":[6],"tags":[1042,72,107,26,40],"_links":{"self":[{"href":"https:\/\/www.infokuryr.cz\/n\/wp-json\/wp\/v2\/posts\/64467"}],"collection":[{"href":"https:\/\/www.infokuryr.cz\/n\/wp-json\/wp\/v2\/posts"}],"about":[{"href":"https:\/\/www.infokuryr.cz\/n\/wp-json\/wp\/v2\/types\/post"}],"author":[{"embeddable":true,"href":"https:\/\/www.infokuryr.cz\/n\/wp-json\/wp\/v2\/users\/2"}],"replies":[{"embeddable":true,"href":"https:\/\/www.infokuryr.cz\/n\/wp-json\/wp\/v2\/comments?post=64467"}],"version-history":[{"count":0,"href":"https:\/\/www.infokuryr.cz\/n\/wp-json\/wp\/v2\/posts\/64467\/revisions"}],"wp:featuredmedia":[{"embeddable":true,"href":"https:\/\/www.infokuryr.cz\/n\/wp-json\/wp\/v2\/media\/46924"}],"wp:attachment":[{"href":"https:\/\/www.infokuryr.cz\/n\/wp-json\/wp\/v2\/media?parent=64467"}],"wp:term":[{"taxonomy":"category","embeddable":true,"href":"https:\/\/www.infokuryr.cz\/n\/wp-json\/wp\/v2\/categories?post=64467"},{"taxonomy":"post_tag","embeddable":true,"href":"https:\/\/www.infokuryr.cz\/n\/wp-json\/wp\/v2\/tags?post=64467"}],"curies":[{"name":"wp","href":"https:\/\/api.w.org\/{rel}","templated":true}]}}