{"id":64401,"date":"2024-10-18T00:37:11","date_gmt":"2024-10-17T22:37:11","guid":{"rendered":"https:\/\/www.infokuryr.cz\/n\/?p=64401"},"modified":"2024-10-17T17:06:58","modified_gmt":"2024-10-17T15:06:58","slug":"problemem-nejsou-dezinformace-problemem-je-vladni-zastirani-a-cenzura","status":"publish","type":"post","link":"https:\/\/www.infokuryr.cz\/n\/2024\/10\/18\/problemem-nejsou-dezinformace-problemem-je-vladni-zastirani-a-cenzura\/","title":{"rendered":"Probl\u00e9mem nejsou dezinformace. Probl\u00e9mem je vl\u00e1dn\u00ed zast\u00edr\u00e1n\u00ed a cenzura"},"content":{"rendered":"<div id=\"fb-root\"><\/div>\n<div class=\"elementor-element elementor-element-1fb4c2c elementor-widget elementor-widget-theme-post-content\" data-id=\"1fb4c2c\" data-element_type=\"widget\" data-widget_type=\"theme-post-content.default\">\n<div class=\"elementor-widget-container\">\n<p class=\"has-text-align-center\"><em><span>\u201eTo, co umo\u017e\u0148uje vl\u00e1dnout totalitn\u00ed nebo jak\u00e9koli jin\u00e9 diktatu\u0159e, je to, \u017ee lid\u00e9 jsou neinformovan\u00ed; Jak m\u016f\u017eete m\u00edt n\u00e1zor, kdy\u017e nejste informov\u00e1ni? Pokud v\u00e1m v\u0161ichni neust\u00e1le l\u017eou, pak nev\u011b\u0159\u00edte l\u017e\u00edm, nikdo u\u017e nev\u011b\u0159\u00ed ni\u010demu. A lid\u00e9, kte\u0159\u00ed ji\u017e nemohou ni\u010demu v\u011b\u0159it, se ji\u017e nemohou rozhodnout. Je zbavena nejen schopnosti jednat, ale i schopnosti myslet a soudit. A s takov\u00fdmi lidmi si m\u016f\u017eete d\u011blat, co chcete.\u201c<\/span><\/em><br \/>\n<em><span><br \/>\nHannah Arendtov\u00e1<\/span><\/em><\/p>\n<p>________________<\/p>\n<p><span>Dokonal\u00fd p\u0159\u00edklad mentality Nanny State v pr\u00e1ci: Hillary Clintonov\u00e1 trv\u00e1 na tom, \u017ee ti, kte\u0159\u00ed jsou u moci, pot\u0159ebuj\u00ed \u201e\u00faplnou kontrolu\u201c, aby se internet stal bezpe\u010dn\u011bj\u0161\u00edm m\u00edstem pro u\u017eivatele a abychom byli v bezpe\u010d\u00ed p\u0159ed nebezpe\u010d\u00edm.<\/span><\/p>\n<p><span>Clintonov\u00e1 nen\u00ed jedin\u00e1, kdo se stav\u00ed proti neregulovan\u00e9 svobod\u011b projevu online.<\/span><\/p>\n<p><span>Oboustrann\u00fd sbor, kter\u00fd zahrnuje prezidentsk\u00e9 kandid\u00e1ty Kamalu Harrisovou a Donalda Trumpa, ji\u017e dlouho po\u017eaduje, aby byl paragraf 230 z\u00e1kona o slu\u0161nosti komunikace, kter\u00fd v podstat\u011b funguje jako hr\u00e1z proti online cenzu\u0159e, oslaben nebo zcela odstran\u011bn.<\/span><\/p>\n<p><span>Je to slo\u017eit\u00e1 pr\u00e1vn\u00ed ot\u00e1zka, kter\u00e1 zahrnuje debaty o imunit\u011b, odpov\u011bdnosti, s\u00ed\u0165ov\u00e9 neutralit\u011b a o tom, zda jsou webov\u00e9 str\u00e1nky vydavateli s redak\u010dn\u00ed odpov\u011bdnost\u00ed za obsah publikovan\u00fd na jejich str\u00e1nk\u00e1ch. Nakonec je to v\u0161ak o p\u0159etahov\u00e1n\u00ed o to, kde za\u010d\u00edn\u00e1 cenzura (korporac\u00ed a vl\u00e1dy) a kde kon\u010d\u00ed svoboda slova.<\/span><\/p>\n<p><span>Jak Elizabeth Nolan Brown\u00a0p\u00ed\u0161e pro\u00a0<\/span><em><span>Reason ,<\/span><\/em><\/p>\n<p><em><span>\u201eTo, co maj\u00ed pravicov\u00e9 i levicov\u00e9 \u00fatoky na toto ustanoven\u00ed spole\u010dn\u00e9, je ochota pou\u017e\u00edt v\u0161echny mo\u017en\u00e9 z\u00e1minky \u2013 zachra\u0148ovat d\u011bti, ukon\u010dit p\u0159edsudky, p\u0159edch\u00e1zet terorismu, misogynii a n\u00e1bo\u017eensk\u00e9 nesn\u00e1\u0161enlivosti \u2013 k dosa\u017een\u00ed centralizovan\u011bj\u0161\u00ed kontroly on-line \u0159e\u010di. Mohou to vyj\u00e1d\u0159it stranick\u00fdmi v\u00fdrazy, kter\u00e9 rezonuj\u00ed s jejich p\u0159\u00edznivci, ale jejich c\u00edl je v podstat\u011b stejn\u00fd.&#8220;<\/span><\/em><\/p>\n<p><span>Jin\u00fdmi slovy, vl\u00e1da vyu\u017eije jakoukoli z\u00e1minku k potla\u010den\u00ed nesouhlasu a ke kontrole zpravodajstv\u00ed.<\/span><\/p>\n<p><span>Internet m\u016f\u017ee b\u00fdt kone\u010dnou hranic\u00ed, kde svoboda slova st\u00e1le vzkv\u00e9t\u00e1, zejm\u00e9na pro politicky nekorektn\u00ed projevy a dezinformace, kter\u00e9 testuj\u00ed hranice na\u0161eho takzvan\u00e9ho rovnost\u00e1\u0159sk\u00e9ho z\u00e1vazku v\u016f\u010di otev\u0159en\u00fdm z\u00e1sad\u00e1m prvn\u00edho dodatku.<\/span><\/p>\n<p><span>Na internetu se to hem\u017e\u00ed nepravdami a l\u017eemi, p\u0159evl\u00e1daj\u00ed dezinformace a dezinformace a konspira\u010dn\u00ed teorie se \u0161\u00ed\u0159\u00ed rychlost\u00ed blesku.<\/span><\/p>\n<p><span>To se d\u00e1 o\u010dek\u00e1vat a odpov\u011bd\u00ed by m\u011blo b\u00fdt v\u00edce \u0159e\u010di, ne m\u00e9n\u011b.<\/span><\/p>\n<p><span>Jak p\u0159ed t\u00e9m\u011b\u0159 stolet\u00edm napsal soudce Brandeis:<\/span><\/p>\n<p><em><span>&#8222;Pokud je \u010das odhalit nepravdy a omyly prost\u0159ednictv\u00edm diskuse, aby se prost\u0159ednictv\u00edm vzd\u011bl\u00e1vac\u00edch proces\u016f odvr\u00e1tilo zlo, pak je t\u0159eba pou\u017e\u00edt v\u00edce \u0159e\u010di, ne vynucen\u00e9 ml\u010den\u00ed.&#8220;<\/span><\/em><\/p>\n<p><span>Pro vl\u00e1du jsou v\u0161ak tyto formy \u201edezinformac\u00ed\u201c na stejn\u00e9 \u00farovni jako terorismus, drogy, n\u00e1sil\u00ed a nemoci: spole\u010densk\u00e9 neduhy tak hroziv\u00e9, \u017ee \u201emy lid\u00e9\u201c bychom m\u011bli b\u00fdt ochotni vzd\u00e1t se \u010d\u00e1sti sv\u00fdch svobod kv\u016fli opou\u0161t\u011bj\u00ed n\u00e1rodn\u00ed bezpe\u010dnost.<\/span><\/p>\n<p><span>Takhle to samoz\u0159ejm\u011b nikdy nefunguje.<\/span><\/p>\n<p><span>V\u00e1lka proti terorismu, v\u00e1lka proti drog\u00e1m, v\u00e1lka proti neleg\u00e1ln\u00edmu p\u0159ist\u011bhovalectv\u00ed, v\u00e1lka proti COVID-19: v\u0161echny tyto programy za\u010daly jako legitimn\u00ed reakce na nal\u00e9hav\u00e9 obavy, ale pot\u00e9 se staly zbran\u011bmi vl\u00e1dn\u00ed poslu\u0161nosti a kontroly.<\/span><\/p>\n<p><span>Vzhledem k autorit\u00e1\u0159sk\u00fdm p\u0159evrat\u016fm, vl\u00e1dn\u00edm zast\u00edr\u00e1n\u00edm a konspirac\u00edm m\u016f\u017ee b\u00fdt relativn\u011b neomezen\u00fd internet na\u0161\u00ed jedinou nad\u011bj\u00ed, jak mluvit pravdu k moci.<\/span><\/p>\n<p><span>Podstatou svobody je pr\u00e1vo kritizovat vl\u00e1du a vystupovat proti vl\u00e1dn\u00edmu provin\u011bn\u00ed.<\/span><\/p>\n<p><span>Vid\u00edte, dezinformace nejsou probl\u00e9m. Probl\u00e9mem je vl\u00e1dn\u00ed zast\u00edr\u00e1n\u00ed a cenzura.<\/span><\/p>\n<p><span>Bohu\u017eel, vl\u00e1da st\u00e1le v\u00edce netoleruje prohl\u00e1\u0161en\u00ed, kter\u00e1 zpochyb\u0148uj\u00ed jej\u00ed moc, odhaluj\u00ed jej\u00ed korupci, odhaluj\u00ed jej\u00ed l\u017ei a povzbuzuj\u00ed ob\u010dany, aby vystoupili proti mnoha nespravedlnostem vl\u00e1dy. Ka\u017ed\u00fd den v t\u00e9to zemi jsou ti, kte\u0159\u00ed se odv\u00e1\u017e\u00ed mluvit pravdu k moci, cenzurov\u00e1ni, uml\u010dov\u00e1ni nebo propou\u0161t\u011bni.<\/span><\/p>\n<p><span>I kdy\u017e se dnes pro takzvan\u00e1 \u201enep\u0159ijateln\u00e1\u201c prohl\u00e1\u0161en\u00ed pou\u017e\u00edvaj\u00ed nejr\u016fzn\u011bj\u0161\u00ed n\u00e1lepky, skute\u010dn\u00fdm poselstv\u00edm t\u011bch, kte\u0159\u00ed jsou u moci, je, \u017ee Ameri\u010dan\u00e9 nemaj\u00ed pr\u00e1vo mluvit, pokud je to, co \u0159\u00edkaj\u00ed, nepopul\u00e1rn\u00ed, kontroverzn\u00ed nebo v rozporu s t\u00edm, co vl\u00e1da pova\u017euje. p\u0159ijateln\u00fd.<\/span><\/p>\n<p><span>Probl\u00e9m nast\u00e1v\u00e1, kdy\u017e pravomoc ur\u010dit, kdo p\u0159edstavuje potenci\u00e1ln\u00ed hrozbu, sv\u011b\u0159\u00edte do rukou vl\u00e1dn\u00edch agentur, soud\u016f a policie.<\/span><\/p>\n<p><span>Pamatujte, \u017ee jde o stejnou vl\u00e1du, kter\u00e1 pou\u017e\u00edv\u00e1 slova \u201eprotivl\u00e1dn\u00ed\u201c, \u201eextremistick\u00fd\u201c a \u201eteroristick\u00fd\u201c zam\u011bniteln\u011b.<\/span><\/p>\n<p><span>Toto je stejn\u00e1 vl\u00e1da, jej\u00ed\u017e agenti sp\u0159\u00e1daj\u00ed lepivou pavu\u010dinu hodnocen\u00ed hrozeb, senzorick\u00fdch upozorn\u011bn\u00ed na chov\u00e1n\u00ed, ozna\u010den\u00fdch \u201eslov\u201c a zpr\u00e1v o \u201epodez\u0159el\u00e9\u201c aktivit\u011b, pomoc\u00ed automatizovan\u00fdch o\u010d\u00ed a u\u0161\u00ed, soci\u00e1ln\u00edch m\u00e9di\u00ed, senzorick\u00e9ho softwaru a ob\u010dan\u016f jako \u0161pion\u016f k identifikaci. identifikovat potenci\u00e1ln\u00ed hrozby.<\/span><\/p>\n<p><span>Jedn\u00e1 se o stejnou spr\u00e1vu, kter\u00e1 neust\u00e1le roz\u0161i\u0159uje z\u00e1kon o povolen\u00ed k n\u00e1rodn\u00ed obran\u011b (NDAA), kter\u00fd arm\u00e1d\u011b umo\u017e\u0148uje zadr\u017eovat americk\u00e9 ob\u010dany bez p\u0159\u00edstupu k p\u0159\u00e1tel\u016fm, rodin\u011b nebo soud\u016fm, pokud je vl\u00e1da pova\u017euje za hrozbu.<\/span><\/p>\n<p><span>Jedn\u00e1 se o stejnou vl\u00e1du, kter\u00e1 m\u00e1 rostouc\u00ed seznam ideologi\u00ed, chov\u00e1n\u00ed, p\u0159idru\u017een\u00ed a dal\u0161\u00edch charakteristik \u2013 sd\u00edlen\u00fdch s Fusion Centers a org\u00e1ny \u010dinn\u00fdmi v trestn\u00edm \u0159\u00edzen\u00ed \u2013 kter\u00e9 by mohly n\u011bkoho ozna\u010dit za podez\u0159el\u00e9ho a v\u00e9st k tomu, \u017ee bude ozna\u010den za potenci\u00e1ln\u00edho nep\u0159\u00edtele st\u00e1tu.<\/span><\/p>\n<p><span>Nap\u0159\u00edklad, pokud v\u011b\u0159\u00edte a uplat\u0148ujete sv\u00e1 \u00fastavn\u00ed pr\u00e1va (tj. va\u0161e pr\u00e1vo svobodn\u011b mluvit, svobodn\u011b se modlit, st\u00fdkat se s podobn\u011b sm\u00fd\u0161lej\u00edc\u00edmi lidmi, kte\u0159\u00ed sd\u00edlej\u00ed va\u0161e politick\u00e9 n\u00e1zory, kritizovat vl\u00e1du, vlastnit zbra\u0148, z\u00edskat p\u0159\u00edkaz k prohl\u00eddce p\u0159ed v\u00fdslechem nebo prohl\u00eddkou nebo jak\u00e1koli jin\u00e1 \u010dinnost pova\u017eovan\u00e1 za potenci\u00e1ln\u011b protivl\u00e1dn\u00ed, rasistickou, bigotn\u00ed, anarchickou nebo suver\u00e9nn\u00ed) v\u00e1s m\u016f\u017ee dostat na prvn\u00ed m\u00edsto vl\u00e1dn\u00edho seznamu sledovan\u00fdch terorismu.<\/span><\/p>\n<p><span>Ve spr\u00e1vn\u00fdch (nebo nespr\u00e1vn\u00fdch) rukou se tedy benevolentn\u00ed pl\u00e1ny daj\u00ed snadno zneu\u017e\u00edt ke zlomysln\u00fdm \u00fa\u010del\u016fm, bez ohledu na to, jak dob\u0159e m\u00edn\u011bn\u00e9 tyto z\u00e1sahy do na\u0161ich pr\u00e1v politici vykresluj\u00ed.<\/span><\/p>\n<p><span>I ten nejdob\u0159e m\u00edn\u011bn\u00fd vl\u00e1dn\u00ed z\u00e1kon nebo program m\u016f\u017ee b\u00fdt \u2013 a byl \u2013 zvr\u00e1cen, zkorumpov\u00e1n a pou\u017eit k dal\u0161\u00edm nelegitimn\u00edm \u00fa\u010del\u016fm, kdykoli do hry vstoup\u00ed zisk a moc. Nap\u0159\u00edklad stejn\u00e9 technologie hromadn\u00e9ho sledov\u00e1n\u00ed, kter\u00e9 byly \u00fadajn\u011b tak nezbytn\u00e9 v boji proti \u0161\u00ed\u0159en\u00ed COVID-19, se nyn\u00ed pou\u017e\u00edvaj\u00ed k potla\u010dov\u00e1n\u00ed nesouhlasu, pron\u00e1sledov\u00e1n\u00ed aktivist\u016f, obt\u011b\u017eov\u00e1n\u00ed marginalizovan\u00fdch komunit a p\u0159\u00edstupu ke zdravotn\u00edm informac\u00edm lid\u00ed s dal\u0161\u00edmi n\u00e1stroji sledov\u00e1n\u00ed a vym\u00e1h\u00e1n\u00ed pr\u00e1va.<\/span><\/p>\n<p><span>Rychle se posouv\u00e1me dol\u016f po tomto kluzk\u00e9m svahu sm\u011brem k autorit\u00e1\u0159sk\u00e9 spole\u010dnosti, ve kter\u00e9 je dovoleno vyjad\u0159ovat pouze n\u00e1zory, my\u0161lenky a projevy povolen\u00e9 vl\u00e1dou a jej\u00edmi obchodn\u00edmi spojenci.<\/span><\/p>\n<p><span>Dal\u0161\u00ed f\u00e1z\u00ed v\u00e1lky administrativy s protivl\u00e1dn\u00edmi projevy a takzvan\u00fdmi my\u0161lenkov\u00fdmi zlo\u010diny mohou klidn\u011b b\u00fdt tvrd\u00e9 z\u00e1sahy proti du\u0161evn\u00edmu zdrav\u00ed a nedobrovoln\u00e9 zadr\u017eov\u00e1n\u00ed.<\/span><\/p>\n<p><span>Pod rou\u0161kou ve\u0159ejn\u00e9ho zdrav\u00ed a bezpe\u010dnosti by vl\u00e1da mohla pou\u017e\u00edt p\u00e9\u010di o du\u0161evn\u00ed zdrav\u00ed jako z\u00e1minku k tomu, aby se zam\u011b\u0159ila a uv\u011bznila disidenty, aktivisty a kohokoli, kdo by byl ne\u0161\u0165astn\u00fd, aby byl za\u0159azen na vl\u00e1dn\u00ed seznam sledovan\u00fdch osob.<\/span><\/p>\n<p><span>Takhle to za\u010d\u00edn\u00e1.<\/span><\/p>\n<p><span>V komunit\u00e1ch po cel\u00e9 zemi m\u00e1 policie ji\u017e pravomoc n\u00e1siln\u011b zat\u00fdkat lidi, o nich\u017e se domn\u00edvaj\u00ed, \u017ee mohou b\u00fdt du\u0161evn\u011b nemocn\u00ed, pouze na z\u00e1klad\u011b vlastn\u00edho \u00fasudku, i kdy\u017e tito lid\u00e9 nep\u0159edstavuj\u00ed \u017e\u00e1dn\u00e9 nebezpe\u010d\u00ed pro ostatn\u00ed.<\/span><\/p>\n<p><span>Nap\u0159\u00edklad v New Yorku byste mohli b\u00fdt n\u00e1siln\u011b hospitalizov\u00e1ni pro podez\u0159en\u00ed na du\u0161evn\u00ed chorobu, pokud \u201esiln\u011b zast\u00e1v\u00e1te p\u0159esv\u011bd\u010den\u00ed, kter\u00e1 jsou v rozporu s kulturn\u00edmi p\u0159edstavami\u201c, prokazujete \u201eochotu zapojit se do smyslupln\u00e9 diskuse\u201c, projevujete \u201enadm\u011brn\u00e9 obavy z ur\u010dit\u00fdch &#8230; \u201epodr\u00e1\u017ed\u011bn\u00ed\u201c nebo odm\u00edt\u00e1n\u00ed \u201edobrovoln\u00fdch doporu\u010den\u00ed l\u00e9\u010dby\u201c.<\/span><\/p>\n<p><span>Zat\u00edmco tyto programy jsou zd\u00e1nliv\u011b zam\u011b\u0159eny na to, aby dostali bezdomovce z ulic, v kombinaci s pokrokem v technologii hromadn\u00e9ho sledov\u00e1n\u00ed, programy zalo\u017een\u00e9 na um\u011bl\u00e9 inteligenci, kter\u00e9 mohou sledovat lidi na z\u00e1klad\u011b jejich biometrick\u00fdch \u00fadaj\u016f a chov\u00e1n\u00ed, dat senzor\u016f du\u0161evn\u00edho zdrav\u00ed (&#8230; za\u0159\u00edzen\u00ed a monitorovan\u00e9 vl\u00e1dn\u00edmi agenturami, jako je HARPA), hodnocen\u00ed hrozeb, upozorn\u011bn\u00ed na zji\u0161t\u011bn\u00ed chov\u00e1n\u00ed, iniciativy prevence kriminality, z\u00e1kony o zbran\u00edch s varov\u00e1n\u00edm a programy prvn\u00ed pomoci v oblasti du\u0161evn\u00edho zdrav\u00ed zam\u011b\u0159en\u00e9 na \u0161kolen\u00ed vr\u00e1tn\u00fdch, aby identifikovali jednotlivce, kte\u0159\u00ed p\u0159edstavuj\u00ed hrozbu pro ve\u0159ejnou bezpe\u010dnost, p\u0159edstavuj\u00ed zlomov\u00fd bod ve snaze vl\u00e1dy potrestat vin\u00edky takzvan\u00fdch \u201emy\u0161lenkov\u00fdch zlo\u010din\u016f\u201c.<\/span><\/p>\n<p><span>Jak uv\u00e1d\u00ed Associated Press, feder\u00e1ln\u00ed \u00fa\u0159edn\u00edci ji\u017e zkoumaj\u00ed, jak zahrnout \u201eidentifikovateln\u00e9 \u00fadaje o pacientech, jako je du\u0161evn\u00ed zdrav\u00ed, u\u017e\u00edv\u00e1n\u00ed l\u00e1tek a informace o chov\u00e1n\u00ed ve skupinov\u00fdch domovech, \u00fatulc\u00edch, v\u011bznic\u00edch, rehabilita\u010dn\u00edch za\u0159\u00edzen\u00edch a \u0161kol\u00e1ch\u201c do sv\u00e9 sady n\u00e1stroj\u016f pro dohled.<\/span><\/p>\n<p><span>Nenechte se m\u00fdlit: Toto jsou stavebn\u00ed kameny americk\u00e9ho gulagu, kter\u00fd nen\u00ed o nic m\u00e9n\u011b zlov\u011bstn\u00fd ne\u017e gulagy Sov\u011btsk\u00e9ho svazu z dob studen\u00e9 v\u00e1lky.<\/span><\/p>\n<p><span>Slovo \u201egulag\u201c ozna\u010duje pracovn\u00ed nebo koncentra\u010dn\u00ed t\u00e1bor, kde byli v\u011bzni (\u010dasto politi\u010dt\u00ed v\u011bzni nebo takzvan\u00ed \u201enep\u0159\u00e1tel\u00e9 st\u00e1tu\u201c, skute\u010dn\u00ed nebo domn\u011bl\u00ed) v\u011bzn\u011bni jako trest za sv\u00e9 zlo\u010diny proti st\u00e1tu.<\/span><\/p>\n<p><span>Podle histori\u010dky Anne Applebaumov\u00e9 byl Gulag vyu\u017e\u00edv\u00e1n jako forma \u201espr\u00e1vn\u00edho exilu \u2013 nevy\u017eaduj\u00edc\u00edho \u017e\u00e1dn\u00fd soud ani odsouzen\u00ed \u2013 jako ide\u00e1ln\u00ed trest nejen pro samotn\u00e9 pot\u00ed\u017eisty, ale i pro politick\u00e9 odp\u016frce re\u017eimu\u201c.<\/span><\/p>\n<p><span>Tato prastar\u00e1 praxe, kdy despotick\u00e9 re\u017eimy likviduj\u00ed sv\u00e9 kritiky nebo potenci\u00e1ln\u00ed oponenty t\u00edm, \u017ee je nech\u00e1vaj\u00ed zmizet \u2013 nebo je donut\u00ed uprchnout \u2013 nebo je doslova, obrazn\u011b \u010di prakticky vy\u017eenou od sv\u00fdch spoluob\u010dan\u016f, je v Americe st\u00e1le b\u011b\u017en\u011bj\u0161\u00ed.<\/span><\/p>\n<p><span>Prost\u0159ednictv\u00edm pou\u017eit\u00ed z\u00e1kon\u016f ke sledov\u00e1n\u00ed t\u011bch, kte\u0159\u00ed jsou pova\u017eov\u00e1ni za hrozbu, hodnocen\u00ed hrozeb z chov\u00e1n\u00ed a preventivn\u00edch program\u016f policie p\u0159ed trestn\u00fdm \u010dinem, je nyn\u00ed polo\u017een z\u00e1klad pro vl\u00e1du, aby pou\u017eila n\u00e1lepku du\u0161evn\u00ed choroby jako zbra\u0148 proti t\u011bmto oznamovatel\u016fm, disident\u016fm a Pos\u00edlat do exilu bojovn\u00edky za svobodu, kte\u0159\u00ed odm\u00edtaj\u00ed pochodovat v souladu se sv\u00fdm dikt\u00e1tem.<\/span><\/p>\n<p><span>Ka\u017ed\u00fd st\u00e1t m\u00e1 sv\u00e9 vlastn\u00ed z\u00e1kony t\u00fdkaj\u00edc\u00ed se ob\u010dansk\u00fdch nebo nedobrovoln\u00fdch z\u00e1vazk\u016f. Tyto z\u00e1kony jsou roz\u0161\u00ed\u0159en\u00edm dvou pr\u00e1vn\u00edch princip\u016f: parens patriae (latinsky \u201erodi\u010de zem\u011b\u201c), kter\u00fd umo\u017e\u0148uje vl\u00e1d\u011b zasahovat ve prosp\u011bch ob\u010dan\u016f, kte\u0159\u00ed nemohou jednat ve sv\u00e9m vlastn\u00edm z\u00e1jmu, a policejn\u00ed moci, kter\u00e1 zavazuje st\u00e1t, aby tak chr\u00e1nit z\u00e1jmy sv\u00fdch ob\u010dan\u016f.<\/span><\/p>\n<p><span>F\u00faze t\u011bchto dvou princip\u016f spolu s posunem sm\u011brem ke standardu nebezpe\u010dnosti vy\u00fastila v mentalitu ch\u016fvy vynucenou militantn\u00edm n\u00e1sil\u00edm policejn\u00edho st\u00e1tu.<\/span><\/p>\n<p><span>Probl\u00e9m je samoz\u0159ejm\u011b v tom, \u017ee diagnostika du\u0161evn\u00ed choroby, i kdy\u017e je pro n\u011bkter\u00e9 Ameri\u010dany opr\u00e1vn\u011bn\u00e1, se postupem \u010dasu stala vhodn\u00fdm prost\u0159edkem, kter\u00fdm vl\u00e1da a jej\u00ed p\u0159idru\u017een\u00e9 spole\u010dnosti mohou trestat ur\u010dit\u00e9 \u201enep\u0159ijateln\u00e9\u201c spole\u010densk\u00e9 chov\u00e1n\u00ed.<\/span><\/p>\n<p><span>Ve skute\u010dnosti jsme v posledn\u00edch letech vid\u011bli, \u017ee lid\u00e9, kte\u0159\u00ed se br\u00e1n\u00ed autorit\u011b, byli patologizov\u00e1ni jako trp\u00edc\u00ed poruchou opozi\u010dn\u00edho vzdoru (ODD), definovanou jako \u201evzor neposlu\u0161n\u00e9ho, \u200b\u200bnep\u0159\u00e1telsk\u00e9ho a vzdorovit\u00e9ho chov\u00e1n\u00ed v\u016f\u010di autorit\u00e1m\u201c.<\/span><\/p>\n<p><span>Podle t\u00e9to definice by ka\u017ed\u00fd v\u00fdznamn\u00fd aktivista v na\u0161\u00ed historii \u2013 od Mah\u00e1tmy G\u00e1ndh\u00edho p\u0159es Martina Luthera Kinga Jr. a\u017e po Johna Lennona \u2013 mohl b\u00fdt klasifikov\u00e1n jako trp\u00edc\u00ed du\u0161evn\u00ed poruchou ODD.<\/span><\/p>\n<p><span>To v\u0161e je samoz\u0159ejm\u011b sou\u010d\u00e1st\u00ed \u0161ir\u0161\u00edho trendu v americk\u00e9m vl\u00e1dnut\u00ed, v n\u011bm\u017e je disent kriminalizov\u00e1n a patologizov\u00e1n a disidenti jsou cenzurov\u00e1ni, uml\u010dov\u00e1ni, prohl\u00e1\u0161eni za spole\u010densky nevhodn\u00e9, ozna\u010dovan\u00ed za nebezpe\u010dn\u00e9 nebo extremistick\u00e9 nebo z nich d\u011blaj\u00ed vyvr\u017eenci a exulanti.<\/span><\/p>\n<p><span>Jak objas\u0148uji ve sv\u00e9 knize \u201e\u00a0<\/span><em><span>Battlefield America: The War on the American People<\/span><\/em><span>\u00a0\u201c a v jej\u00edm fiktivn\u00edm prot\u011bj\u0161ku \u201e\u00a0<\/span><em><span>The Erik Blair Diaries<\/span><\/em><span>\u00a0\u201c, toto je zp\u016fsob, jak si podmanit populaci.<\/span><\/p>\n<p><span>N\u00e1sledn\u00e9 ticho tv\u00e1\u0159\u00ed v tv\u00e1\u0159 vl\u00e1dou podporovan\u00e9 tyranii, teroru, brutalit\u011b a nespravedlnosti je ohlu\u0161uj\u00edc\u00ed.<\/span><\/p>\n<p><em>Autor: John &amp; Nisha Whitehead<\/em><\/p>\n<\/div>\n<\/div>\n<div class=\"elementor-element elementor-element-8c57238 quelle dc-has-condition dc-condition-empty elementor-widget elementor-widget-heading\" data-id=\"8c57238\" data-element_type=\"widget\" data-widget_type=\"heading.default\">\n<div class=\"elementor-widget-container\">\n<h3 class=\"elementor-heading-title elementor-size-default\"><span style=\"font-size: 10pt;\"><a href=\"https:\/\/off-guardian.org\/2024\/10\/14\/disinformation-isnt-the-problem-government-coverups-and-censorship-are-the-problem\/\" target=\"_blank\" rel=\"nofollow noopener\">Zdroj<\/a><\/span><\/h3>\n<p>&nbsp;<\/p>\n<\/div>\n<\/div>\n","protected":false},"excerpt":{"rendered":"<p>\u201eTo, co umo\u017e\u0148uje vl\u00e1dnout totalitn\u00ed nebo jak\u00e9koli jin\u00e9 diktatu\u0159e, je to, \u017ee lid\u00e9 jsou neinformovan\u00ed;&#8230;<\/p>\n","protected":false},"author":2,"featured_media":1636,"comment_status":"closed","ping_status":"closed","sticky":false,"template":"","format":"standard","meta":[],"categories":[7],"tags":[63,1697,48,2452],"_links":{"self":[{"href":"https:\/\/www.infokuryr.cz\/n\/wp-json\/wp\/v2\/posts\/64401"}],"collection":[{"href":"https:\/\/www.infokuryr.cz\/n\/wp-json\/wp\/v2\/posts"}],"about":[{"href":"https:\/\/www.infokuryr.cz\/n\/wp-json\/wp\/v2\/types\/post"}],"author":[{"embeddable":true,"href":"https:\/\/www.infokuryr.cz\/n\/wp-json\/wp\/v2\/users\/2"}],"replies":[{"embeddable":true,"href":"https:\/\/www.infokuryr.cz\/n\/wp-json\/wp\/v2\/comments?post=64401"}],"version-history":[{"count":0,"href":"https:\/\/www.infokuryr.cz\/n\/wp-json\/wp\/v2\/posts\/64401\/revisions"}],"wp:featuredmedia":[{"embeddable":true,"href":"https:\/\/www.infokuryr.cz\/n\/wp-json\/wp\/v2\/media\/1636"}],"wp:attachment":[{"href":"https:\/\/www.infokuryr.cz\/n\/wp-json\/wp\/v2\/media?parent=64401"}],"wp:term":[{"taxonomy":"category","embeddable":true,"href":"https:\/\/www.infokuryr.cz\/n\/wp-json\/wp\/v2\/categories?post=64401"},{"taxonomy":"post_tag","embeddable":true,"href":"https:\/\/www.infokuryr.cz\/n\/wp-json\/wp\/v2\/tags?post=64401"}],"curies":[{"name":"wp","href":"https:\/\/api.w.org\/{rel}","templated":true}]}}