{"id":64368,"date":"2024-10-17T06:47:29","date_gmt":"2024-10-17T04:47:29","guid":{"rendered":"https:\/\/www.infokuryr.cz\/n\/?p=64368"},"modified":"2024-10-17T06:47:29","modified_gmt":"2024-10-17T04:47:29","slug":"harrisova-hajila-bidenovu-dusevni-zdatnost","status":"publish","type":"post","link":"https:\/\/www.infokuryr.cz\/n\/2024\/10\/17\/harrisova-hajila-bidenovu-dusevni-zdatnost\/","title":{"rendered":"Harrisov\u00e1 h\u00e1jila Bidenovu du\u0161evn\u00ed zdatnost"},"content":{"rendered":"<div id=\"fb-root\"><\/div>\n<p><span style=\"font-size: 18pt;\"><strong>Demokratick\u00e1 prezidentsk\u00e1 kandid\u00e1tka USA \u0159ekla, \u017ee Biden m\u00e1 st\u00e1le nezbytn\u00fd \u201e\u00fasudek\u201c, aby mohl vykon\u00e1vat sv\u00e9 povinnosti<\/strong><\/span><\/p>\n<p><span>Viceprezidentka Kamala Harrisov\u00e1 obhajovala du\u0161evn\u00ed zdatnost americk\u00e9ho prezidenta Joea Bidena b\u011bhem sporn\u00e9ho rozhovoru pro Fox News.<\/span><\/p>\n<p><span>Biden pozastavil svou kampa\u0148 za znovuzvolen\u00ed v \u010dervenci uprost\u0159ed rostouc\u00edch obav o jeho v\u011bk a ment\u00e1ln\u00ed \u00fapadek a jmenoval Harrisovou sv\u00fdm n\u00e1stupcem.\u00a0<\/span><\/p>\n<p><span>Moder\u00e1tor Bret Baier se ve st\u0159edu Harrisov\u00e9 zeptal, kdy si\u00a0<\/span><em><span>\u201epoprv\u00e9 v\u0161imla, \u017ee se zd\u00e1, \u017ee du\u0161evn\u00ed schopnosti prezidenta Bidena jsou oslaben\u00e9\u201c.<\/span><\/em><\/p>\n<p><span>Viceprezidentka odpov\u011bd\u011bla, \u017ee sledovala Bidenovy akce\u00a0<\/span><em><span>\u201eod Ov\u00e1ln\u00e9 pracovny po situa\u010dn\u00ed m\u00edstnost\u201c.<\/span><\/em><\/p>\n<p><em><span>&#8222;M\u00e1 \u00fasudek a zku\u0161enosti, aby ud\u011blal p\u0159esn\u011b to, co ud\u011blal p\u0159i p\u0159ij\u00edm\u00e1n\u00ed velmi d\u016fle\u017eit\u00fdch rozhodnut\u00ed jm\u00e9nem americk\u00e9ho lidu,&#8220;<\/span><\/em><span> trvala na sv\u00e9m viceprezidentka.\u00a0<\/span><\/p>\n<p><span>Kdy\u017e se Baier pokusil polo\u017eit dopl\u0148uj\u00edc\u00ed ot\u00e1zku, Harrisov\u00e1 ho p\u0159eru\u0161ila a obr\u00e1tila se k \u00fatoku na sv\u00e9ho republik\u00e1nsk\u00e9ho rivala, b\u00fdval\u00e9ho prezidenta Donalda Trumpa, kter\u00e9ho opakovan\u011b naz\u00fdvala <\/span><em><span>\u201enestabiln\u00edm\u201c.\u00a0<\/span><\/em><\/p>\n<p><em><span>\u201eJoe Biden nen\u00ed na kandid\u00e1tce a Donald Trump ano,\u201c<\/span><\/em><span>\u00a0\u0159ekla a dodala, \u017ee americk\u00fd lid\u00a0<\/span><em><span>\u201em\u00e1 obavy\u201c<\/span><\/em><span>\u00a0z Trumpovy schopnosti znovu v\u00e9st zemi.<\/span><\/p>\n<div class=\"rtcode\">\n<div class=\"twitter-tweet twitter-tweet-rendered\"><iframe id=\"twitter-widget-0\" class=\"\" title=\"X Post\" src=\"https:\/\/platform.twitter.com\/embed\/Tweet.html?creatorScreenName=RT_com&amp;dnt=false&amp;embedId=twitter-widget-0&amp;features=eyJ0ZndfdGltZWxpbmVfbGlzdCI6eyJidWNrZXQiOltdLCJ2ZXJzaW9uIjpudWxsfSwidGZ3X2ZvbGxvd2VyX2NvdW50X3N1bnNldCI6eyJidWNrZXQiOnRydWUsInZlcnNpb24iOm51bGx9LCJ0ZndfdHdlZXRfZWRpdF9iYWNrZW5kIjp7ImJ1Y2tldCI6Im9uIiwidmVyc2lvbiI6bnVsbH0sInRmd19yZWZzcmNfc2Vzc2lvbiI6eyJidWNrZXQiOiJvbiIsInZlcnNpb24iOm51bGx9LCJ0ZndfZm9zbnJfc29mdF9pbnRlcnZlbnRpb25zX2VuYWJsZWQiOnsiYnVja2V0Ijoib24iLCJ2ZXJzaW9uIjpudWxsfSwidGZ3X21peGVkX21lZGlhXzE1ODk3Ijp7ImJ1Y2tldCI6InRyZWF0bWVudCIsInZlcnNpb24iOm51bGx9LCJ0ZndfZXhwZXJpbWVudHNfY29va2llX2V4cGlyYXRpb24iOnsiYnVja2V0IjoxMjA5NjAwLCJ2ZXJzaW9uIjpudWxsfSwidGZ3X3Nob3dfYmlyZHdhdGNoX3Bpdm90c19lbmFibGVkIjp7ImJ1Y2tldCI6Im9uIiwidmVyc2lvbiI6bnVsbH0sInRmd19kdXBsaWNhdGVfc2NyaWJlc190b19zZXR0aW5ncyI6eyJidWNrZXQiOiJvbiIsInZlcnNpb24iOm51bGx9LCJ0ZndfdXNlX3Byb2ZpbGVfaW1hZ2Vfc2hhcGVfZW5hYmxlZCI6eyJidWNrZXQiOiJvbiIsInZlcnNpb24iOm51bGx9LCJ0ZndfdmlkZW9faGxzX2R5bmFtaWNfbWFuaWZlc3RzXzE1MDgyIjp7ImJ1Y2tldCI6InRydWVfYml0cmF0ZSIsInZlcnNpb24iOm51bGx9LCJ0ZndfbGVnYWN5X3RpbWVsaW5lX3N1bnNldCI6eyJidWNrZXQiOnRydWUsInZlcnNpb24iOm51bGx9LCJ0ZndfdHdlZXRfZWRpdF9mcm9udGVuZCI6eyJidWNrZXQiOiJvbiIsInZlcnNpb24iOm51bGx9fQ%3D%3D&amp;frame=false&amp;hideCard=false&amp;hideThread=false&amp;id=1846682179901731112&amp;lang=cs&amp;maxWidth=560px&amp;origin=https%3A%2F%2Fswentr.site%2Fnews%2F605829-harris-defends-biden-mental-state%2F&amp;sessionId=44d73d34cffba87d4f870c5a301ed0ba09c39687&amp;siteScreenName=RT_com&amp;theme=light&amp;widgetsVersion=2615f7e52b7e0%3A1702314776716&amp;width=550px\" frameborder=\"0\" scrolling=\"no\" allowfullscreen=\"allowfullscreen\" data-tweet-id=\"1846682179901731112\" data-mce-fragment=\"1\"><\/iframe><\/div>\n<\/div>\n<p><span>I kdy\u017e se Biden zpo\u010d\u00e1tku zdr\u00e1hal odstoupit, nakonec svou kandidaturu st\u00e1hl po katastrof\u00e1ln\u00ed televizn\u00ed debat\u011b s Trumpem, kde vypadal zmaten\u011b a \u010dasto se sna\u017eil t\u011b\u017eko dokon\u010dit v\u011bty. Harrisov\u00e1 od t\u00e9 doby chv\u00e1lil Bidena a jeho rozhodnut\u00ed opustit volebn\u00ed z\u00e1vod a ozna\u010dila to za <\/span><em><span>\u201ejedno z nejodv\u00e1\u017en\u011bj\u0161\u00edch\u201c,<\/span><\/em><span> rozhodnut\u00edch jak\u00e9 mohl prezident ud\u011blat.<\/span><\/p>\n<p><img decoding=\"async\" loading=\"lazy\" class=\"alignnone size-full wp-image-1185\" src=\"http:\/\/www.infokuryr.cz\/n\/wp-content\/uploads\/2021\/04\/kuryr-podpis.png\" alt=\"\" width=\"84\" height=\"24\" \/><\/p>\n<p>&nbsp;<\/p>\n","protected":false},"excerpt":{"rendered":"<p>Demokratick\u00e1 prezidentsk\u00e1 kandid\u00e1tka USA \u0159ekla, \u017ee Biden m\u00e1 st\u00e1le nezbytn\u00fd \u201e\u00fasudek\u201c, aby mohl vykon\u00e1vat sv\u00e9&#8230;<\/p>\n","protected":false},"author":2,"featured_media":64369,"comment_status":"closed","ping_status":"closed","sticky":false,"template":"","format":"standard","meta":[],"categories":[7],"tags":[72,4122,21],"_links":{"self":[{"href":"https:\/\/www.infokuryr.cz\/n\/wp-json\/wp\/v2\/posts\/64368"}],"collection":[{"href":"https:\/\/www.infokuryr.cz\/n\/wp-json\/wp\/v2\/posts"}],"about":[{"href":"https:\/\/www.infokuryr.cz\/n\/wp-json\/wp\/v2\/types\/post"}],"author":[{"embeddable":true,"href":"https:\/\/www.infokuryr.cz\/n\/wp-json\/wp\/v2\/users\/2"}],"replies":[{"embeddable":true,"href":"https:\/\/www.infokuryr.cz\/n\/wp-json\/wp\/v2\/comments?post=64368"}],"version-history":[{"count":0,"href":"https:\/\/www.infokuryr.cz\/n\/wp-json\/wp\/v2\/posts\/64368\/revisions"}],"wp:featuredmedia":[{"embeddable":true,"href":"https:\/\/www.infokuryr.cz\/n\/wp-json\/wp\/v2\/media\/64369"}],"wp:attachment":[{"href":"https:\/\/www.infokuryr.cz\/n\/wp-json\/wp\/v2\/media?parent=64368"}],"wp:term":[{"taxonomy":"category","embeddable":true,"href":"https:\/\/www.infokuryr.cz\/n\/wp-json\/wp\/v2\/categories?post=64368"},{"taxonomy":"post_tag","embeddable":true,"href":"https:\/\/www.infokuryr.cz\/n\/wp-json\/wp\/v2\/tags?post=64368"}],"curies":[{"name":"wp","href":"https:\/\/api.w.org\/{rel}","templated":true}]}}