{"id":6433,"date":"2021-11-26T05:44:18","date_gmt":"2021-11-26T04:44:18","guid":{"rendered":"http:\/\/www.infokuryr.cz\/n\/?p=6433"},"modified":"2021-11-26T05:44:18","modified_gmt":"2021-11-26T04:44:18","slug":"v-imigracnim-centru-v-polsku-vzpoura-imigrantu","status":"publish","type":"post","link":"https:\/\/www.infokuryr.cz\/n\/2021\/11\/26\/v-imigracnim-centru-v-polsku-vzpoura-imigrantu\/","title":{"rendered":"V imigra\u010dn\u00edm centru v Polsku vzpoura imigrant\u016f!"},"content":{"rendered":"<div id=\"fb-root\"><\/div>\n<p><strong>V imigra\u010dn\u00edm centru v kas\u00e1rn\u00e1ch pozemn\u00edch vojsk v polsk\u00e9 Wiendrzyni propukla vzpoura imigrant\u016f! N\u011bkolik set imigrant\u016f rozb\u00edj\u00ed okna, ni\u010d\u00ed za\u0159\u00edzen\u00ed, a za pok\u0159iku svoboda, svoboda, se sna\u017e\u00ed pok\u00e1cet bari\u00e9ry a ploty a ze st\u0159e\u017een\u00e9ho deten\u010dn\u00edho st\u0159ediska ut\u00e9ct.<\/strong><\/p>\n<p><span>Ve st\u0159e\u017een\u00e9m st\u0159edisku pro cizince ve W\u0119drzyn\u011b v Lubuskie vypuklo povst\u00e1n\u00ed, uv\u00e1d\u00ed RMF FM.\u00a0<\/span><span>Podle webu rozhlasov\u00e9 stanice se skupina mu\u017e\u016f pokusila prorazit plot.<\/span><\/p>\n<p data-block-type=\"text\" data-ad-possible=\"true\"><span>Podle RMF FM v centru ve W\u0119drzyn\u011b skupina mu\u017e\u016f rozbila okna a n\u011bkter\u00e9 za\u0159\u00edzen\u00ed bylo zdemolov\u00e1no.\u00a0Cizinci mezit\u00edm k\u0159i\u010deli \u201esvoboda\u201c.\u00a0M\u011bli tak\u00e9 upozornit na to, \u017ee jejich c\u00edlem nebylo Polsko.\u00a0Zd\u016fraznili, \u017ee cht\u011bj\u00ed do N\u011bmecka.\u00a0Migranti se tak\u00e9 pokusili prolomit plot.<\/span><\/p>\n<p data-block-type=\"text\" data-ad-possible=\"true\"><span>Na m\u00edsto byla p\u0159ivol\u00e1no 90 policist\u016f, kte\u0159\u00ed\u00a0 byli p\u0159ipraveni zas\u00e1hnout. V sou\u010dasn\u00e9 dob\u011b je v centru ve W\u0119drzyn\u011b p\u0159es 600 cizinc\u016f.<\/span><\/p>\n<h2 data-block-type=\"head\" data-ad-possible=\"false\"><span>Krize na polsko-b\u011blorusk\u00fdch hranic\u00edch<\/span><\/h2>\n<p data-block-type=\"text\" data-ad-possible=\"true\"><span>P\u0159ipome\u0148me, \u017ee\u00a0<\/span><span>krize na polsko-b\u011blorusk\u00fdch hranic\u00edch<\/span><span>\u00a0trv\u00e1 ji\u017e \u0159adu t\u00fddn\u016f\u00a0.\u00a0Situace se vyhrotila 8. listopadu, kdy se dav migrant\u016f, kter\u00e9 do B\u011bloruska p\u0159ivedl re\u017eim Aljaksandra Luka\u0161enka, za\u010dal p\u0159esouvat k hranic\u00edm s Polskem.\u00a0C\u00edlem re\u017eimu bylo vyv\u00edjet migra\u010dn\u00ed tlak na EU.<\/span><\/p>\n<p data-block-type=\"text\" data-ad-possible=\"false\"><span>Migranti se opakovan\u011b pokou\u0161eli plot vybudovan\u00fd na hranici prorazit a Pohrani\u010dn\u00ed str\u00e1\u017e ka\u017ed\u00fd den informuje o dal\u0161\u00edch p\u0159\u00edpadech tohoto typu.\u00a0Podle Stanis\u0142awa \u017baryna se \u201eb\u011blorusk\u00e1 strana\u00a0<\/span><span>p\u0159ipravuje dlouhodob\u011b dr\u017eet cizince na hranici s Polskem<\/span><span>\u00a0, aby pokra\u010dovala v operac\u00edch proti Polsku a EU\u201c.<\/span><\/p>\n<p data-block-type=\"text\" data-ad-possible=\"false\"><a href=\"https:\/\/www.wprost.pl\/kraj\/10553149\/bunt-w-osrodku-dla-migrantow-w-wedrzynie-powybijane-szyby-i-proba-sforsowania-ogrodzenia.html\">ZDROJ<\/a><\/p>\n<p data-block-type=\"text\" data-ad-possible=\"false\">\n","protected":false},"excerpt":{"rendered":"<p>V imigra\u010dn\u00edm centru v kas\u00e1rn\u00e1ch pozemn\u00edch vojsk v polsk\u00e9 Wiendrzyni propukla vzpoura imigrant\u016f! N\u011bkolik set&#8230;<\/p>\n","protected":false},"author":2,"featured_media":3803,"comment_status":"closed","ping_status":"closed","sticky":false,"template":"","format":"standard","meta":[],"categories":[7],"tags":[119,31,939],"_links":{"self":[{"href":"https:\/\/www.infokuryr.cz\/n\/wp-json\/wp\/v2\/posts\/6433"}],"collection":[{"href":"https:\/\/www.infokuryr.cz\/n\/wp-json\/wp\/v2\/posts"}],"about":[{"href":"https:\/\/www.infokuryr.cz\/n\/wp-json\/wp\/v2\/types\/post"}],"author":[{"embeddable":true,"href":"https:\/\/www.infokuryr.cz\/n\/wp-json\/wp\/v2\/users\/2"}],"replies":[{"embeddable":true,"href":"https:\/\/www.infokuryr.cz\/n\/wp-json\/wp\/v2\/comments?post=6433"}],"version-history":[{"count":0,"href":"https:\/\/www.infokuryr.cz\/n\/wp-json\/wp\/v2\/posts\/6433\/revisions"}],"wp:featuredmedia":[{"embeddable":true,"href":"https:\/\/www.infokuryr.cz\/n\/wp-json\/wp\/v2\/media\/3803"}],"wp:attachment":[{"href":"https:\/\/www.infokuryr.cz\/n\/wp-json\/wp\/v2\/media?parent=6433"}],"wp:term":[{"taxonomy":"category","embeddable":true,"href":"https:\/\/www.infokuryr.cz\/n\/wp-json\/wp\/v2\/categories?post=6433"},{"taxonomy":"post_tag","embeddable":true,"href":"https:\/\/www.infokuryr.cz\/n\/wp-json\/wp\/v2\/tags?post=6433"}],"curies":[{"name":"wp","href":"https:\/\/api.w.org\/{rel}","templated":true}]}}