{"id":64325,"date":"2024-10-17T00:31:27","date_gmt":"2024-10-16T22:31:27","guid":{"rendered":"https:\/\/www.infokuryr.cz\/n\/?p=64325"},"modified":"2024-10-16T18:35:48","modified_gmt":"2024-10-16T16:35:48","slug":"zelenskeho-poradce-odhalil-plan-vitezstvi-a-ukazalo-se-ze-jde-o-plan-silenstvi","status":"publish","type":"post","link":"https:\/\/www.infokuryr.cz\/n\/2024\/10\/17\/zelenskeho-poradce-odhalil-plan-vitezstvi-a-ukazalo-se-ze-jde-o-plan-silenstvi\/","title":{"rendered":"Zelensk\u00e9ho poradce odhalil Pl\u00e1n v\u00edt\u011bzstv\u00ed a uk\u00e1zalo se, \u017ee jde o \u201cPl\u00e1n \u0161\u00edlenstv\u00ed\u201d &#8230;"},"content":{"rendered":"<div id=\"fb-root\"><\/div>\n<h4>Zelensk\u00e9ho poradce odhalil Pl\u00e1n v\u00edt\u011bzstv\u00ed a uk\u00e1zalo se, \u017ee jde o \u201cPl\u00e1n \u0161\u00edlenstv\u00ed\u201d na st\u0159\u00edlen\u00ed z\u00e1padn\u00edch raket na Moskvu, Leningrad a zaset\u00ed teroru, kdy rusk\u00e1 ulice donut\u00ed Putina p\u0159ijmout Kyjevsk\u00fd m\u00edr! Rusko m\u00e1 hodn\u011b zbran\u00ed a hodn\u011b lid\u00ed, oboj\u00ed pr\u00fd mus\u00ed b\u00fdt zni\u010deno! A \u017ee ten pl\u00e1n mysl\u00ed v\u00e1\u017en\u011b, to potvrdil velitel 13. brig\u00e1dy, kdy\u017e vyzval ke sn\u00ed\u017een\u00ed mobiliza\u010dn\u00edho v\u011bku na 20 a\u017e 21 let!<\/h4>\n<p>Poradce Volodymyra Zelensk\u00e9ho pro ot\u00e1zky vojensk\u00fdch operac\u00ed Mychajlo Podoljak poskytl n\u011bmeck\u00e9mu listu\u00a0<em>Welt am Sonntag<\/em>\u00a0rozhovor\u00a0<strong>[<a href=\"https:\/\/href.li\/?https:\/\/archive.ph\/Jjo83\" target=\"_blank\" rel=\"nofollow noopener\">1<\/a>]<\/strong>, ve kter\u00e9m v podstat\u011b poprv\u00e9 do\u0161lo k podrobn\u011bj\u0161\u00edmu odkryt\u00ed a odhalen\u00ed onoho slavn\u00e9ho Pl\u00e1nu v\u00edt\u011bzstv\u00ed, se kter\u00fdm ale Zelensk\u00fd neusp\u011bl p\u0159i n\u00e1v\u0161t\u011bv\u011b B\u00edl\u00e9ho domu v USA, p\u0159i\u010dem\u017e zdroje bl\u00edzk\u00e9 americk\u00e9 vl\u00e1d\u011b uvedly, \u017ee pr\u00fd nejde o pl\u00e1n, ale o seznam p\u0159\u00e1n\u00ed Kyjeva, co v\u0161echno by cht\u011bli Ukrajinci dostat ve v\u00e1lce proti Rusku. Podoljak v\u0161ak v naprosto d\u011bsiv\u00e9m rozhovoru odhalil, \u017ee Kyjev chce dos\u00e1hnout sv\u00e9ho v\u00edt\u011bzstv\u00ed pomoc\u00ed mezin\u00e1rodn\u00edho terorismu, a to u\u017e zcela nepokryt\u011b!<\/p>\n<figure id=\"attachment_61307\" class=\"wp-caption aligncenter\" style=\"width: 693px;\"><a href=\"https:\/\/aeronet.news\/wp-content\/uploads\/Mykhailo-Podolyak2.jpg\"><img decoding=\"async\" loading=\"lazy\" class=\"wp-image-61307 \" src=\"https:\/\/aeronet.news\/wp-content\/uploads\/Mykhailo-Podolyak2-1024x575.jpg\" sizes=\"(max-width: 700px) 100vw, 700px\" srcset=\"https:\/\/aeronet.news\/wp-content\/uploads\/Mykhailo-Podolyak2-1024x575.jpg 1024w, https:\/\/aeronet.news\/wp-content\/uploads\/Mykhailo-Podolyak2-300x169.jpg 300w, https:\/\/aeronet.news\/wp-content\/uploads\/Mykhailo-Podolyak2-768x431.jpg 768w, https:\/\/aeronet.news\/wp-content\/uploads\/Mykhailo-Podolyak2-700x393.jpg 700w, https:\/\/aeronet.news\/wp-content\/uploads\/Mykhailo-Podolyak2-636x357.jpg 636w, https:\/\/aeronet.news\/wp-content\/uploads\/Mykhailo-Podolyak2-860x483.jpg 860w, https:\/\/aeronet.news\/wp-content\/uploads\/Mykhailo-Podolyak2.jpg 1280w\" alt=\"\" width=\"693\" height=\"389\" \/><\/a><figcaption class=\"wp-caption-text\">Mychajlo Podoljak, poradce Zelsnk\u00e9ho<\/figcaption><\/figure>\n<p>V \u010dl\u00e1nku vysv\u011btlil redaktorovi listu, \u017ee\u00a0<strong>pl\u00e1n po\u010d\u00edt\u00e1 se st\u0159\u00edlen\u00edm z\u00e1padn\u00edch raket dlouh\u00e9ho doletu na Moskvu a Leningrad, p\u0159i\u010dem\u017e c\u00edlem bude p\u0159ipomenout rusk\u00e9mu civiln\u00edmu obyvatelstvu, co je to v\u00e1lka.<\/strong>\u00a0A jakmile za\u010dnou padat rakety na ob\u011b m\u011bsta, ot\u0159ese to pr\u00fd ruskou ve\u0159ejnost\u00ed, kter\u00e1 za\u010dne b\u00fdt nespokojena s Vladimirem Putinem, a to pr\u00fd donut\u00ed Kreml sednout k jednac\u00edmu stolu a p\u0159ijmout kyjevsk\u00e9 podm\u00ednky. Takhle si to p\u0159edstavuje poradce Zelensk\u00e9ho.<\/p>\n<p>T\u011bmi podm\u00ednkami jsou pln\u00e9 sta\u017een\u00ed rusk\u00fdch vojsk ze v\u0161ech ukrajinsk\u00fdch oblast\u00ed, a to v\u010detn\u011b Krymu a d\u00e1le zaplacen\u00ed reparac\u00ed Ukrajin\u011b. U\u017e samotn\u00fd styl veden\u00ed rozhovoru uk\u00e1zal, \u017ee n\u011bmeck\u00fd redaktor m\u00e1 o tomto pl\u00e1nu velk\u00e9 pochybnosti, a to je opravdu velmi diplomaticky \u0159e\u010deno, proto\u017ee redaktor v podstat\u011b p\u0159edkl\u00e1dal Podoljakovi fakta, \u017ee Ukrajina v\u00e1lku fakticky prohr\u00e1v\u00e1, tak\u017ee se ho ptal, co na to \u0159\u00edk\u00e1.<\/p>\n<h6><span style=\"font-size: 18pt;\">Smrt n\u00e1roda nehroz\u00ed, n\u011bkdo na Ukrajin\u011b p\u0159e\u017eije, ujistil sarkasticky Ukrajince velitel 13. brig\u00e1dy<\/span><\/h6>\n<p>Podoljak si ale jel v rozhovoru st\u00e1le svoje a dokonce zazn\u011blo n\u011bco, co asi ot\u0159\u00e1slo i n\u011bmeck\u00fdmi \u010dten\u00e1\u0159i. Redaktor nam\u00edtl, \u017ee Rusko m\u00e1 kvantitativn\u00ed p\u0159evahu ve zbran\u00edch i v po\u010dtech lid\u00ed, kter\u00e9 m\u016f\u017ee vrhnout na frontu. Jen\u017ee Podoljak na to reagoval slovy:\u00a0<strong>\u201c<\/strong><em><strong>Rusko bojuje s kvantitativn\u00edmi parametry. M\u00e1 velk\u00e9 mno\u017estv\u00ed star\u00fdch sov\u011btsk\u00fdch zbran\u00ed a velk\u00fd po\u010det lid\u00ed. To v\u0161e v\u0161ak m\u016f\u017ee b\u00fdt zni\u010deno a mus\u00ed b\u00fdt zni\u010deno.<\/strong>\u00a0V\u00fdpo\u010dty k tomu najdete v matematick\u00fdch p\u0159\u00edloh\u00e1ch Pl\u00e1nu v\u00edt\u011bzstv\u00ed.<\/em>\u201c<\/p>\n<p>Podoljak prost\u011b vyzval ke zni\u010den\u00ed v\u0161ech rusk\u00fdch zbran\u00ed a v\u0161ech rusk\u00fdch lid\u00ed. A zjevn\u011b chce Kyjev zni\u010dit i v\u0161echny sv\u00e9 vlastn\u00ed lidi. O tom, \u017ee Kyjev je p\u0159ipraven ob\u011btovat cel\u00fd n\u00e1rod do posledn\u00edho Ukrajince, mluvil v rozhovoru pro Ukrajinskou pravdu velitel 13. brig\u00e1dy N\u00e1rodn\u00ed gardy, plk. Igor Obolensk\u00fd. Vyzval ke sn\u00ed\u017een\u00ed mobiliza\u010dn\u00edho v\u011bku na Ukrajin\u011b ze 25 na 20 a\u017e 21 let.<\/p>\n<p>&nbsp;<\/p>\n<div id=\"rumble_v5gjp1h\">\n<div id=\"vid_v5gjp1h\" class=\"rumble_v5gjp1h-Rumble-cls\" tabindex=\"-1\">\n<div class=\"bigPlayUI ctp\"><div class='videoWrapper'>\r\n\t            <iframe src='https:\/\/rumble.com\/embed\/pj.v5gjp1h\/' frameborder='0' allowfullscreen><\/iframe>\r\n\t        <\/div><\/p>\n<div class=\"bigPlayUIInner ctp\"><\/div>\n<\/div>\n<\/div>\n<\/div>\n<p>&nbsp;<\/p>\n<p>A kdy\u017e mu moder\u00e1tor oponoval, \u017ee kdo potom z\u016fstane na Ukrajin\u011b na\u017eivu, tak mu odpov\u011bd\u011bl, \u017ee smrt n\u00e1roda nen\u00ed ve v\u00e1lce \u00fapln\u00e1, n\u011bkdo pr\u00fd p\u0159e\u017eije. Podoljak je samoz\u0159ejm\u011b ukron\u00e1cek nejvy\u0161\u0161\u00ed ligy a takov\u00e9 jeho n\u00e1zory vlastn\u011b ani nikoho nep\u0159ekvap\u00ed, ale velitel 13. brig\u00e1dy mu zdatn\u011b sekunduje. Tady jde ale o n\u011bco \u00fapln\u011b jin\u00e9ho. Kyjev nerozhoduje suver\u00e9nn\u011b. V\u0161echny jeho kroky mus\u00ed b\u00fdt odsouhlaseny Lond\u00fdnem a Washingtonem.<\/p>\n<p>A v\u0161echno to, co se te\u010f d\u011bje okolo toho Pl\u00e1nu v\u00edt\u011bzstv\u00ed, je rozpor mezi Lond\u00fdnem a Washingtonem o st\u0159elb\u011b raket na Moskvu a Leningrad. Podle toho, jak mluvil Podoljak v rozhovoru pro Welt, to opravdu vypad\u00e1, \u017ee Kyjev ji\u017e dostal povolen\u00ed ke st\u0159elb\u011b britsk\u00fdch raket na Moskvu a Leningrad, ale nedostal povolen\u00ed od Washingtonu, kter\u00fd do britsk\u00fdch raket dod\u00e1v\u00e1 naviga\u010dn\u00ed syst\u00e9my a rakety pou\u017e\u00edvaj\u00ed rovn\u011b\u017e americk\u00e9 naviga\u010dn\u00ed dru\u017eice. Podoljak uvedl m.j. v rozhovoru toto:<\/p>\n<h5><span style=\"font-size: 18pt;\">Uk\u00e1zky Podoljakov\u00fdch v\u00fdrok\u016f z \u010dl\u00e1nku Welt<\/span><\/h5>\n<p>\u2022 N\u00e1\u0161 model\u00a0<em>Pl\u00e1nu v\u00edt\u011bzstv\u00ed<\/em>\u00a0zahrnuje \u010dty\u0159i v\u011bci. Zaprv\u00e9 jde o politick\u00fd n\u00e1tlak, z n\u011bho\u017e by m\u011blo b\u00fdt jasn\u00e9, \u017ee ka\u017ed\u00e1 zem\u011b m\u00e1 pr\u00e1vo b\u00fdt v alianci, kterou chce.\u00a0<strong>Za druh\u00e9, vojensk\u00fd n\u00e1tlak je nezbytn\u00fd. Nap\u0159\u00edklad p\u0159enesen\u00edm v\u00e1lky na \u00fazem\u00ed Rusk\u00e9 federace.<\/strong>\u00a0Za t\u0159et\u00ed, k oslaben\u00ed rusk\u00fdch hospod\u00e1\u0159sk\u00fdch trh\u016f je zapot\u0159eb\u00ed ekonomick\u00e9ho n\u00e1tlaku. A za \u010dtvrt\u00e9 je zde diplomatick\u00fd n\u00e1tlak. V\u0161echno m\u00e1 svou logiku a my ji mus\u00edme na\u0161im partner\u016fm vysv\u011btlit. Ustoupit rusk\u00fdm po\u017eadavk\u016fm znamen\u00e1 pouze pokra\u010dovat ve v\u00e1lce v jin\u00e9 podob\u011b \u2013 z\u00edtra nebo poz\u00edt\u0159\u00ed.<\/p>\n<p>\u2022 Nem\u016f\u017eeme se vyj\u00e1d\u0159it k tomu, zda jsme u\u017e obdr\u017eeli zbran\u011b dlouh\u00e9ho doletu, nebo ne. To uvid\u00edme v pr\u016fb\u011bhu v\u00e1lky. Za druh\u00e9, nejde o povolen\u00ed. Podle mezin\u00e1rodn\u00edho pr\u00e1va vedeme obrannou v\u00e1lku a m\u00e1me pr\u00e1vo za\u00fato\u010dit na zemi agresora jakoukoli zbran\u00ed.\u00a0<strong>Nepochybuji o tom, \u017ee n\u00e1m z\u00e1padn\u00ed zem\u011b tato opr\u00e1vn\u011bn\u00ed ud\u011bl\u00ed.<\/strong>\u00a0Proto\u017ee rizika t\u00e9to v\u00e1lky nejsou jen pro Ukrajinu, ale pro celou Evropu. Jde o\u00a0dominanci Ruska v Evrop\u011b, a ne jen o zabr\u00e1n\u00ed n\u011bkolika ukrajinsk\u00fdch \u00fazem\u00ed.<\/p>\n<p>\u2022 Kdy\u017e za\u00fato\u010d\u00edte ve velk\u00e9m m\u011b\u0159\u00edtku, a to nejen v Kursku a dal\u0161\u00edch pohrani\u010dn\u00edch oblastech, ale i v hloubi Ruska, v Saratov\u011b, Oriolu, Leningrad\u011b a Moskevsk\u00e9 oblasti, pak je spole\u010densk\u00e1 n\u00e1lada \u00fapln\u011b jin\u00e1. Lid\u00e9 si uv\u011bdomuj\u00ed, \u017ee v\u00e1lka prob\u00edh\u00e1 i v Rusku. Dva roky neza\u017eili v\u00e1lku a mysleli si, \u017ee je v pohod\u011b, \u017ee se na Ukrajin\u011b zab\u00edjej\u00ed lid\u00e9. Ale najednou tu v\u00e1lku za\u017e\u00edvaj\u00ed na vlastn\u00ed k\u016f\u017ei a uv\u011bdomuj\u00ed si, jak je d\u011bsiv\u00e1. To je pro Kreml nebezpe\u010dn\u00e9, proto\u017ee by to mohlo v\u00e9st ke zm\u011bn\u011b n\u00e1lad v Rusku a protest\u016fm proti Putinovi.<\/p>\n<p>Z t\u011bchto vyj\u00e1d\u0159en\u00ed lze odvodit, \u017ee na Ukrajin\u011b ji\u017e rakety mohou b\u00fdt fyzicky naskladn\u011bny, ale st\u00e1le chyb\u00ed americk\u00fd souhlas s jejich pou\u017eit\u00edm. Podoljak toti\u017e v citaci jasn\u011b uvedl, \u017ee nejde jen o zabr\u00e1n\u00ed ukrajinsk\u00e9ho \u00fazem\u00ed Rusy, ale o dominanci Ruska po skon\u010den\u00ed v\u00e1lky, pokud by Ukrajina kapitulovala nebo p\u0159istoupila na rusk\u00e9 podm\u00ednky. Prost\u011b Podoljak jasn\u011b t\u00edmto koment\u00e1\u0159em potvrdil, \u017ee st\u0159\u00edlen\u00ed britsk\u00fdch a obecn\u011b z\u00e1padn\u00edch raket dlouh\u00e9ho doletu na Moskvu, Leningrad, Saratovskou a Orlovskou oblast je v podstat\u011b hlavn\u00edm pl\u00e1nem Lond\u00fdna na pokus o destabilizaci tzv. rusk\u00e9 ulice, tedy ve\u0159ejn\u00e9ho m\u00edn\u011bn\u00ed a podpory Vladimiru Putinovi.<\/p>\n<h6><span style=\"font-size: 18pt;\">Podoljak nep\u0159\u00edmo potvrdil, \u017ee Ukrajina u\u017e nepo\u010d\u00edt\u00e1 s jin\u00fdm zp\u016fsobem v\u00e1lky s Ruskem ne\u017e je st\u0159\u00edlen\u00ed z\u00e1padn\u00edch raket do rusk\u00e9ho vnitrozem\u00ed<\/span><\/h6>\n<p>Ten pl\u00e1n prost\u011b m\u00e1 za \u00fakol zas\u00edt teror v hloubi Ruska, kdy nikoliv \u00fadery na Ruskou arm\u00e1du, ale naopak \u00fatoky na civiln\u00ed objekty maj\u00ed vyvolat nepokoje mezi rusk\u00fdm obyvatelstvem.\u00a0<strong>A tento pl\u00e1n je podle v\u0161eho ji\u017e schv\u00e1len v Lond\u00fdn\u011b, ale v USA kv\u016fli volb\u00e1m se do toho nikomu nechce, proto\u017ee by to znamenalo zata\u017een\u00ed USA do v\u00e1lky s Ruskem.<\/strong><\/p>\n<p>O tom prost\u011b nelze pochybovat, a nepochybuje o tom ani B\u00edl\u00fd d\u016fm, tedy vzhledem k chladn\u00e9 reakci Bidena na p\u0159edlo\u017een\u00fd Pl\u00e1n v\u00edt\u011bzstv\u00ed. V z\u00e1v\u011bru rozhovoru Podoljak uvedl, \u017ee nev\u011b\u0159\u00ed, \u017ee se po volb\u00e1ch v USA bude politika ve vztahu k Ukrajin\u011b li\u0161it, \u017ee bez ohledu na to, kdo bude prezident, tak nebude cht\u00edt, aby Rusko na Ukrajin\u011b zv\u00edt\u011bzilo.<\/p>\n<figure id=\"attachment_59659\" class=\"wp-caption aligncenter\" style=\"width: 691px;\"><a href=\"https:\/\/aeronet.news\/wp-content\/uploads\/AvdejevkaZelenskySelfie.jpg\"><img decoding=\"async\" loading=\"lazy\" class=\"wp-image-59659 \" src=\"https:\/\/aeronet.news\/wp-content\/uploads\/AvdejevkaZelenskySelfie-1024x689.jpg\" sizes=\"(max-width: 700px) 100vw, 700px\" srcset=\"https:\/\/aeronet.news\/wp-content\/uploads\/AvdejevkaZelenskySelfie-1024x689.jpg 1024w, https:\/\/aeronet.news\/wp-content\/uploads\/AvdejevkaZelenskySelfie-300x202.jpg 300w, https:\/\/aeronet.news\/wp-content\/uploads\/AvdejevkaZelenskySelfie-768x517.jpg 768w, https:\/\/aeronet.news\/wp-content\/uploads\/AvdejevkaZelenskySelfie-700x471.jpg 700w, https:\/\/aeronet.news\/wp-content\/uploads\/AvdejevkaZelenskySelfie-531x357.jpg 531w, https:\/\/aeronet.news\/wp-content\/uploads\/AvdejevkaZelenskySelfie-718x483.jpg 718w, https:\/\/aeronet.news\/wp-content\/uploads\/AvdejevkaZelenskySelfie.jpg 1280w\" alt=\"\" width=\"691\" height=\"465\" \/><\/a><figcaption class=\"wp-caption-text\">Takhle si Zelensk\u00fd fotil self\u00ed\u010dko dva t\u00fddny p\u0159ed p\u00e1dem Avd\u011bjevky. Asi na pam\u00e1tku\u2026 \ud83d\ude42<\/figcaption><\/figure>\n<p>V t\u00e9to v\u011bci m\u00e1 Podoljak pravdu, ale jinak, ne\u017e si mysl\u00ed. USA necht\u011bj\u00ed j\u00edt do p\u0159\u00edm\u00e9 v\u00e1lky s Ruskou arm\u00e1dou, a pokud to bude hrozit, z v\u00e1lky na Ukrajin\u011b prost\u011b vycouvaj\u00ed a pokus\u00ed se do t\u00e9 v\u00e1lky m\u00edsto sebe postavit \u010ceskou republiku, m\u00edsto americk\u00fdch voj\u00e1k\u016f tam p\u0159ijdou \u010de\u0161t\u00ed voj\u00e1ci.<\/p>\n<p>Ale rovn\u011b\u017e i pol\u0161t\u00ed, eston\u0161t\u00ed, litev\u0161t\u00ed, loty\u0161\u0161t\u00ed, prost\u011b voj\u00e1ci zem\u00ed b\u00fdval\u00e9ho V\u00fdchodn\u00edho bloku. Pokud dojde k rozhodnut\u00ed st\u00e1hnout americkou podporu z Ukrajiny, bude to kompenzov\u00e1no p\u0159enesen\u00edm n\u00e1klad\u016f na v\u00e1lku na Evropskou unii. \u0160\u00e9fka EU komise Ursula von der Leyen u\u017e koncem \u010dervna uvedla n\u00e1st\u0159el\u00a0<strong>[<a href=\"https:\/\/href.li\/?https:\/\/www.kyivpost.com\/post\/34986\" target=\"_blank\" rel=\"nofollow noopener\">2<\/a>]<\/strong>, \u017ee by to vy\u0161lo na zhruba 500 miliard EUR.<\/p>\n<h6><span style=\"font-size: 18pt;\">Ameri\u010dan\u00e9 se po volb\u00e1ch v USA pokus\u00ed p\u0159en\u00e9st pokra\u010dov\u00e1n\u00ed v\u00e1lky na Ukrajin\u011b na 27 zem\u00ed EU a evropsk\u00e9 \u010dleny NATO<\/span><\/h6>\n<p>Koncem \u010dervna uvedla, \u017ee by \u0161lo o pen\u00edze, kter\u00e9 je nutn\u00e9 investovat do evropsk\u00e9 obrany b\u011bhem p\u0159\u00ed\u0161t\u00ed dek\u00e1dy, jen\u017ee, je v tom mal\u00e1 detail a skryt\u00fd h\u00e1\u010dek. Jedn\u00e1 se o unijn\u00ed bal\u00edk, nikoliv o sou\u010dasn\u00e9 vojensk\u00e9 rozpo\u010dty 27 zem\u00ed EU.\u00a0<strong>Je to extra bal\u00edk, kter\u00fd podle pozorovatel\u016f je tak nep\u0159edstaviteln\u00fd a tak obrovsk\u00fd, \u017ee se za nim nem\u016f\u017ee ani omylem a ani n\u00e1hodou skr\u00fdvat nic jin\u00e9ho, ne\u017e je\u00a0vytvo\u0159en\u00ed tzv. Evropsk\u00e9 arm\u00e1dy.<\/strong>\u00a0A tato arm\u00e1da by m\u011bla p\u0159evz\u00edt roli NATO, jeho\u017e role se za\u010dne umen\u0161ovat, a to vzhledem k dom\u00e1c\u00edmu v\u00fdvoji ekonomiky a situace v USA. Ameri\u010dan\u00e9 prost\u011b maj\u00ed v pl\u00e1nu p\u0159esunout p\u0159\u00edpadnou v\u00e1lku s Ruskem na evropsk\u00e9 zem\u011b.<\/p>\n<figure id=\"attachment_42935\" class=\"wp-caption aligncenter\" style=\"width: 691px;\"><a href=\"https:\/\/aeronet.news\/wp-content\/uploads\/UrsulaVonDerLeyenEUspeech.jpg\"><img decoding=\"async\" loading=\"lazy\" class=\"wp-image-42935 \" src=\"https:\/\/aeronet.news\/wp-content\/uploads\/UrsulaVonDerLeyenEUspeech-1024x576.jpg\" sizes=\"(max-width: 700px) 100vw, 700px\" srcset=\"https:\/\/aeronet.news\/wp-content\/uploads\/UrsulaVonDerLeyenEUspeech-1024x576.jpg 1024w, https:\/\/aeronet.news\/wp-content\/uploads\/UrsulaVonDerLeyenEUspeech-300x169.jpg 300w, https:\/\/aeronet.news\/wp-content\/uploads\/UrsulaVonDerLeyenEUspeech-768x432.jpg 768w, https:\/\/aeronet.news\/wp-content\/uploads\/UrsulaVonDerLeyenEUspeech-700x394.jpg 700w, https:\/\/aeronet.news\/wp-content\/uploads\/UrsulaVonDerLeyenEUspeech-635x357.jpg 635w, https:\/\/aeronet.news\/wp-content\/uploads\/UrsulaVonDerLeyenEUspeech-859x483.jpg 859w, https:\/\/aeronet.news\/wp-content\/uploads\/UrsulaVonDerLeyenEUspeech.jpg 1440w\" alt=\"\" width=\"691\" height=\"389\" \/><\/a><figcaption class=\"wp-caption-text\">\u201cTakhle velk\u00fd bal\u00edk je to\u2026 t\u011bch 500 miliard EUR, d\u00e1my a p\u00e1nov\u00e9.\u201d Ursula von der Leyen<\/figcaption><\/figure>\n<p>Jen\u017ee, k vybudov\u00e1n\u00ed Evropsk\u00e9 arm\u00e1dy je pot\u0159eba \u010das, zhruba asi tak 10 let. A pr\u00e1v\u011b proto z\u00e1padn\u00ed elity pot\u0159ebuj\u00ed p\u0159est\u00e1vku ve v\u00e1lce na Ukrajin\u011b, prosto cht\u011bj\u00ed p\u0159\u00edm\u011b\u0159\u00ed. Ne kv\u016fli p\u0159ezbrojen\u00ed Ukrajiny, tedy k tomu tak\u00e9, ale hlavn\u011b k vybudov\u00e1n\u00ed Evropsk\u00e9 arm\u00e1dy. Potvrzuj\u00ed to v\u00fdroky odtud z N\u011bmecka.<\/p>\n<p>Skupina p\u0159edstavitel\u016f n\u011bmeck\u00fdch zpravodajsk\u00fdch slu\u017eeb toti\u017e varovala\u00a0<strong>[<a href=\"https:\/\/href.li\/?https:\/\/www.euronews.com\/my-europe\/2024\/10\/15\/russia-could-attack-nato-by-end-of-decade-german-intelligence-chief-warns\" target=\"_blank\" rel=\"nofollow noopener\">3<\/a>]<\/strong>\u00a0Bundestag p\u0159ed \u201c<em>agresivn\u00edmi akcemi<\/em>\u201d Ruska, p\u0159i\u010dem\u017e konflikt se pr\u00fd m\u016f\u017ee roz\u0161\u00ed\u0159it i do zem\u00ed NATO.\u00a0<strong>Rusko by mohlo \u201c<em>prov\u00e9st \u00fatok<\/em>\u201d proti NATO do konce desetilet\u00ed, uvedl prezident n\u011bmeck\u00e9 Spolkov\u00e9 zpravodajsk\u00e9 slu\u017eby Bruno Kahl.\u00a0<\/strong>Kahl tuto pozn\u00e1mku pronesl v pond\u011bl\u00ed na v\u00fdro\u010dn\u00edm sly\u0161en\u00ed kontroln\u00edho v\u00fdboru Spolkov\u00e9ho sn\u011bmu v Berl\u00edn\u011b a uvedl, \u017ee \u201c<em>a\u0165 se n\u00e1m to l\u00edb\u00ed nebo ne, jsme v p\u0159\u00edm\u00e9m konfliktu s Ruskem<\/em>\u201c.<\/p>\n<h6><span style=\"font-size: 18pt;\">N\u011bmeck\u00e1 rozv\u011bdka pr\u00fd m\u00e1 informace, \u017ee Rusko nejpozd\u011bji do roku 2030 bude moci prov\u00e9st \u00fatok na zem\u011b NATO<\/span><\/h6>\n<p>Uvedl, \u017ee rusk\u00fd prezident Vladimir Putin \u201c<em>se ji\u017e d\u00e1vno prohl\u00e1sil za nep\u0159\u00edtele<\/em>\u201d a \u017ee \u201c<em>p\u0159\u00edm\u00fd vojensk\u00fd konflikt s NATO (se) pro Rusko st\u00e1v\u00e1 mo\u017enost\u00ed<\/em>\u201c. Jedn\u00e1n\u00ed se z\u00fa\u010dastnili tak\u00e9 \u0161\u00e9f Spolkov\u00e9ho \u00fa\u0159adu pro ochranu \u00fastavy Thomas Haldenwang a \u0161\u00e9fka vojensk\u00e9 kontrarozv\u011bdky (MAD) Martina Rosenbergov\u00e1. V\u0161ichni t\u0159i p\u0159edstavitel\u00e9 hovo\u0159ili o potenci\u00e1ln\u00edm nebezpe\u010d\u00ed pro NATO a budoucnost N\u011bmecka, p\u0159i\u010dem\u017e Haldenwang uvedl, \u017ee rusk\u00e9 aktivity \u201c<em>v posledn\u00edch m\u011bs\u00edc\u00edch dos\u00e1hly \u00farovn\u011b, kter\u00e1 by m\u011bla b\u00fdt pro v\u0161echny bud\u00ed\u010dkem<\/em>\u201c.<\/p>\n<figure id=\"attachment_61308\" class=\"wp-caption aligncenter\" style=\"width: 691px;\"><a href=\"https:\/\/aeronet.news\/wp-content\/uploads\/Thomas-Haldenwang.jpg\"><img decoding=\"async\" loading=\"lazy\" class=\"wp-image-61308 \" src=\"https:\/\/aeronet.news\/wp-content\/uploads\/Thomas-Haldenwang-1024x767.jpg\" sizes=\"(max-width: 700px) 100vw, 700px\" srcset=\"https:\/\/aeronet.news\/wp-content\/uploads\/Thomas-Haldenwang-1024x767.jpg 1024w, https:\/\/aeronet.news\/wp-content\/uploads\/Thomas-Haldenwang-300x225.jpg 300w, https:\/\/aeronet.news\/wp-content\/uploads\/Thomas-Haldenwang-768x575.jpg 768w, https:\/\/aeronet.news\/wp-content\/uploads\/Thomas-Haldenwang-700x524.jpg 700w, https:\/\/aeronet.news\/wp-content\/uploads\/Thomas-Haldenwang-476x357.jpg 476w, https:\/\/aeronet.news\/wp-content\/uploads\/Thomas-Haldenwang-645x483.jpg 645w, https:\/\/aeronet.news\/wp-content\/uploads\/Thomas-Haldenwang.jpg 1280w\" alt=\"\" width=\"691\" height=\"517\" \/><\/a><figcaption class=\"wp-caption-text\">Thomoas Haldenwang,\u00a0\u0161\u00e9f Spolkov\u00e9ho \u00fa\u0159adu pro ochranu \u00fastavy<\/figcaption><\/figure>\n<p>Tyto v\u00fdroky n\u011bmeck\u00e9 rozv\u011bdky prost\u011b nejsou nic jin\u00e9ho ne\u017e tzv. ve\u0159ejnou objedn\u00e1vkou na vytvo\u0159en\u00ed Evropsk\u00e9 arm\u00e1dy a na alokaci t\u011bch 500 miliard EUR, o kter\u00fdch mluvila koncem \u010dervna Leyenov\u00e1 v Bruselu. V sou\u010dasn\u00e9 dob\u011b nem\u00e1 NATO s\u00edlu a kapacity v\u00e9st v\u00e1lku s Ruskem bez \u00fa\u010dasti USA.\u00a0<strong>Jedinou mo\u017enost\u00ed, jak se pokusit o p\u00e1d Putinovy vl\u00e1dy v Moskv\u011b, je zaset\u00ed teroru v rusk\u00fdch metropol\u00edch z\u00e1padn\u00edmi raketami.<\/strong>\u00a0Prost\u011b Pl\u00e1n \u0161\u00edlenstv\u00ed!<\/p>\n<p>A proto\u017ee Rusko na to reagovalo p\u0159ed 2 t\u00fddny zm\u011bnou sv\u00e9 jadern\u00e9 doktr\u00edny\u00a0<strong>[<a href=\"https:\/\/aeronet.news\/kreml-zmenil-jadernou-doktrinu-ruske-federace-v-posledni-snaze-na-zabraneni-utoku-raketami-nato-na-rusko-moskva-si-nove-vyhrazuje-prava-odpovedet-jadernymi-zbranemi-na-konvencni-vzdusny-utok\/\">4<\/a>]<\/strong>, \u017ee si nov\u011b vyhrazuje pr\u00e1vo ude\u0159it na zem\u011b, kter\u00e9 po\u0161lou nebo naviguj\u00ed do rusk\u00e9ho vnitrozem\u00ed sv\u00e9 rakety, tak do\u0161lo ke zd\u011b\u0161en\u00ed ve Washingtonu a k dupnut\u00ed na brzdu tak siln\u011b, a\u017e kyjevsk\u00fd re\u017eim spolu s nosat\u00fdmi v Lond\u00fdn\u011b vylet\u011bli ze seda\u010dek v\u00e1le\u010dn\u00e9 ma\u0161iny a skon\u010dili na p\u0159edn\u00edm skle st\u0159etu s realitou a te\u010f se d\u00e1vaj\u00ed dohromady a vym\u00fd\u0161l\u00ed, co d\u00e1l.<\/p>\n<h6><span style=\"font-size: 18pt;\">Kamala rozjede III. sv. v\u00e1lku na Ukrajin\u011b, Trump na Bl\u00edzk\u00e9m v\u00fdchod\u011b<\/span><\/h6>\n<p>\u010cek\u00e1 se prost\u011b na to, jak skon\u010d\u00ed v USA volby. Pokud vyhraje Kamala, za\u010dnou l\u00e9tat okam\u017eit\u011b americk\u00e9 a britsk\u00e9 rakety na rusk\u00e1 m\u011bsta a budeme ve III. sv. v\u00e1lce v Evrop\u011b. Pokud vyhraje Trump, za\u010dnou l\u00e9tat rakety na Teher\u00e1n v \u00cdr\u00e1nu v prvn\u00ed f\u00e1zi a budeme ve III. sv. v\u00e1lce na Bl\u00edzk\u00e9m v\u00fdchod\u011b. O t\u011bch dal\u0161\u00edch f\u00e1z\u00edch m\u016f\u017eeme spekulovat, proto\u017ee rakety mohou potom za\u010d\u00edt l\u00e9tat v\u0161emi sm\u011bry. Na Rusko, na \u010c\u00ednu, na Izrael, na Egypt, na EU a v neposledn\u00ed \u0159ad\u011b na Turecko, kde je kritick\u00e1 ekonomick\u00e1 situace, obrovsk\u00e1 inflace a Erdogan by moc a moc pot\u0159eboval te\u010f velkou v\u00e1lku na konsolidaci sv\u00e9 politick\u00e9 pozice a na odveden\u00ed pozornosti od dom\u00e1c\u00edch probl\u00e9m\u016f.<\/p>\n<figure id=\"attachment_61211\" class=\"wp-caption aligncenter\" style=\"width: 650px;\"><a href=\"https:\/\/aeronet.news\/wp-content\/uploads\/IsraelUkraineStar.jpg\"><img decoding=\"async\" loading=\"lazy\" class=\"wp-image-61211 \" src=\"https:\/\/aeronet.news\/wp-content\/uploads\/IsraelUkraineStar-1024x1014.jpg\" sizes=\"(max-width: 700px) 100vw, 700px\" srcset=\"https:\/\/aeronet.news\/wp-content\/uploads\/IsraelUkraineStar-1024x1014.jpg 1024w, https:\/\/aeronet.news\/wp-content\/uploads\/IsraelUkraineStar-150x150.jpg 150w, https:\/\/aeronet.news\/wp-content\/uploads\/IsraelUkraineStar-300x297.jpg 300w, https:\/\/aeronet.news\/wp-content\/uploads\/IsraelUkraineStar-768x761.jpg 768w, https:\/\/aeronet.news\/wp-content\/uploads\/IsraelUkraineStar-700x693.jpg 700w, https:\/\/aeronet.news\/wp-content\/uploads\/IsraelUkraineStar-360x357.jpg 360w, https:\/\/aeronet.news\/wp-content\/uploads\/IsraelUkraineStar-488x483.jpg 488w, https:\/\/aeronet.news\/wp-content\/uploads\/IsraelUkraineStar.jpg 1284w\" alt=\"\" width=\"650\" height=\"644\" \/><\/a><figcaption class=\"wp-caption-text\">Symbol tandemov\u00e9ho b\u011bhu proces\u016f \u0159\u00edzen\u00ed ke III. sv. v\u00e1lce<\/figcaption><\/figure>\n<p>A jeho posledn\u00ed v\u00fdrok\u00a0<strong>[<a href=\"https:\/\/href.li\/?https:\/\/www.fdd.org\/analysis\/2024\/10\/07\/erdogan-accuses-israel-of-intending-to-invade-turkey\/\" target=\"_blank\" rel=\"nofollow noopener\">5<\/a>]<\/strong>, \u017ee za \u00fatokem Izraele na Libanon je pr\u00fd ve skute\u010dnosti tajn\u00fd pl\u00e1n na p\u0159\u00edpravu k invazi do Turecka, je pouze potvrzen\u00edm, \u017ee\u00a0<strong>pokud Erdogan uvid\u00ed, \u017ee je \u0161ance na v\u011bt\u0161\u00ed konflikt, vstoup\u00ed do v\u00e1lky na Bl\u00edzk\u00e9m v\u00fdchod\u011b proti Izraeli, jako \u010dlensk\u00e1 zem\u011b NATO.<\/strong>\u00a0Prezident Recep Tayyip Erdogan toti\u017e prohl\u00e1sil\u00a0<strong>[<a href=\"https:\/\/href.li\/?https:\/\/yetkinreport.com\/en\/2024\/10\/01\/erdogan-warns-israels-next-target-is-turkiye\/\" target=\"_blank\" rel=\"nofollow noopener\">6<\/a>]<\/strong>, \u017ee izraelsk\u00e1 vl\u00e1da premi\u00e9ra Benjamina Netanjahua chov\u00e1 ambice, kter\u00e9 zahrnuj\u00ed zabr\u00e1n\u00ed Anatolie jako sou\u010d\u00e1sti tzv.\u00a0<em><strong>\u201cVelk\u00e9ho Izraele\u201d<\/strong><\/em>, a varoval p\u0159ed v\u00e1lkou mezi ob\u011bma st\u00e1ty.<\/p>\n<p>To n\u00e1sledn\u011b povede ke krizi uvnit\u0159 NATO, dost mo\u017en\u00e1 k vylou\u010den\u00ed Turecka z aliance, proto\u017ee v\u00e1lka proti sionistick\u00e9mu st\u00e1tu nebude \u010dlensk\u00e9 zemi NATO tolerov\u00e1na. Bude to ale rozkl\u00ed\u017een\u00ed NATO zevnit\u0159, proto\u017ee s v\u00e1lkou Izraele nebude souhlasit v\u00edce zem\u00ed NATO a nebudou se cht\u00edt na operaci pod\u00edlet. Zkr\u00e1tka, rok 2025 bude nejen 80. v\u00fdro\u010d\u00edm konce druh\u00e9 sv. v\u00e1lky, ale m\u016f\u017ee se st\u00e1t po\u010d\u00e1tkem t\u00e9 t\u0159et\u00ed. Na takov\u00fd v\u00fdvoj situace je pot\u0159eba se p\u0159ipravit a doufat v z\u00e1zrak deeskalace.<\/p>\n<p><a href=\"https:\/\/aeronet.news\/zelenskeho-poradce-odhalil-plan-vitezstvi-a-ukazalo-se-ze-jde-o-plan-silenstvi-na-strileni-zapadnich-raket-na-moskvu-leningrad-a-zaseti-teroru\/\">-VK-<\/a><\/p>\n<p>&nbsp;<\/p>\n","protected":false},"excerpt":{"rendered":"<p>Zelensk\u00e9ho poradce odhalil Pl\u00e1n v\u00edt\u011bzstv\u00ed a uk\u00e1zalo se, \u017ee jde o \u201cPl\u00e1n \u0161\u00edlenstv\u00ed\u201d na st\u0159\u00edlen\u00ed&#8230;<\/p>\n","protected":false},"author":2,"featured_media":64326,"comment_status":"closed","ping_status":"closed","sticky":false,"template":"","format":"standard","meta":[],"categories":[6],"tags":[1042,349,22,36,26],"_links":{"self":[{"href":"https:\/\/www.infokuryr.cz\/n\/wp-json\/wp\/v2\/posts\/64325"}],"collection":[{"href":"https:\/\/www.infokuryr.cz\/n\/wp-json\/wp\/v2\/posts"}],"about":[{"href":"https:\/\/www.infokuryr.cz\/n\/wp-json\/wp\/v2\/types\/post"}],"author":[{"embeddable":true,"href":"https:\/\/www.infokuryr.cz\/n\/wp-json\/wp\/v2\/users\/2"}],"replies":[{"embeddable":true,"href":"https:\/\/www.infokuryr.cz\/n\/wp-json\/wp\/v2\/comments?post=64325"}],"version-history":[{"count":0,"href":"https:\/\/www.infokuryr.cz\/n\/wp-json\/wp\/v2\/posts\/64325\/revisions"}],"wp:featuredmedia":[{"embeddable":true,"href":"https:\/\/www.infokuryr.cz\/n\/wp-json\/wp\/v2\/media\/64326"}],"wp:attachment":[{"href":"https:\/\/www.infokuryr.cz\/n\/wp-json\/wp\/v2\/media?parent=64325"}],"wp:term":[{"taxonomy":"category","embeddable":true,"href":"https:\/\/www.infokuryr.cz\/n\/wp-json\/wp\/v2\/categories?post=64325"},{"taxonomy":"post_tag","embeddable":true,"href":"https:\/\/www.infokuryr.cz\/n\/wp-json\/wp\/v2\/tags?post=64325"}],"curies":[{"name":"wp","href":"https:\/\/api.w.org\/{rel}","templated":true}]}}