{"id":6431,"date":"2021-11-26T05:20:19","date_gmt":"2021-11-26T04:20:19","guid":{"rendered":"http:\/\/www.infokuryr.cz\/n\/?p=6431"},"modified":"2021-11-26T05:20:19","modified_gmt":"2021-11-26T04:20:19","slug":"eu-prekrocila-sve-pravomoce-polsky-premier-rekl-ze-zeme-nebude-platit-za-turow-pokutu","status":"publish","type":"post","link":"https:\/\/www.infokuryr.cz\/n\/2021\/11\/26\/eu-prekrocila-sve-pravomoce-polsky-premier-rekl-ze-zeme-nebude-platit-za-turow-pokutu\/","title":{"rendered":"\u201eEU p\u0159ekro\u010dila sv\u00e9 pravomoce.\u201c Polsk\u00fd premi\u00e9r \u0159ekl, \u017ee zem\u011b nebude platit za Tur\u00f3w pokutu"},"content":{"rendered":"<div id=\"fb-root\"><\/div>\n<p><strong>Polsk\u00fd premi\u00e9r Mateusz Morawiecki \u0159ekl, \u017ee Polsko nezaplat\u00ed pokutu, kterou mu ulo\u017eil soud EU, proto\u017ee EU \u201ep\u0159ekro\u010dila sv\u00e9 pravomoce\u201c.<\/strong><\/p>\n<p><strong>Soudn\u00ed dv\u016fr EU<\/strong>\u00a0v \u0159\u00edjnu ulo\u017eil Var\u0161av\u011b pokutu ve v\u00fd\u0161i 1 milionu eur denn\u011b a\u017e do likvidace k\u00e1rn\u00e9ho sen\u00e1tu Nejvy\u0161\u0161\u00edho soudu. Ji\u017e d\u0159\u00edve soud EU po\u017eadoval okam\u017eit\u00e9 ukon\u010den\u00ed pr\u00e1ce k\u00e1rn\u00e9ho sen\u00e1tu Nejvy\u0161\u0161\u00edho soudu Polska. \u010cinnost k\u00e1rn\u00e9ho sen\u00e1tu, kter\u00fd m\u016f\u017ee rozhodovat o profesn\u00ed \u010dinnosti soudc\u016f, podle EK ohro\u017euje jejich nez\u00e1vislost a nestrannost.<\/p>\n<p><strong><em>\u201eEU p\u0159ekro\u010dila sv\u016fj mand\u00e1t. Tato organizace m\u016f\u017ee rozhodovat pouze v oblastech, kter\u00e9 j\u00ed suver\u00e9nn\u00ed st\u00e1ty sv\u011b\u0159uj\u00ed,\u201c\u00a0<\/em><\/strong>\u0159ekl premi\u00e9r novin\u00e1m Figaro v r\u00e1mci odpov\u011bdi na ot\u00e1zku, pro\u010d Polsko nehodl\u00e1 zaplatit pokutu.<\/p>\n<p>Podle n\u00e1zoru premi\u00e9ra cht\u011bj\u00ed org\u00e1ny EU \u2013 Evropsk\u00fd parlament, Soudn\u00ed dv\u016fr a\u00a0Evropsk\u00e1 komise\u00a0\u2013\u00a0<strong><em>\u201ezv\u00fd\u0161it sv\u00e9 pravomoci\u201c<\/em><\/strong>.<\/p>\n<p>N\u00e1m\u011bstek polsk\u00e9ho ministra zahrani\u010d\u00ed Pawel Jablo\u0148ski je\u0161t\u011b p\u0159edt\u00edm v listopadu v po\u0159adu rozhlasov\u00e9 stanice RMF FM \u0159ekl, \u017ee Polsko dosud neza\u010dalo platit pokuty ulo\u017een\u00e9 unijn\u00edm soudem.<\/p>\n<p>V kv\u011btnu bylo ozn\u00e1meno, \u017ee soud EU na \u017e\u00e1dost \u010cesk\u00e9 republiky na\u0159\u00eddil Polsku okam\u017eit\u011b zastavit ve\u0161ker\u00e9 pr\u00e1ce na dole\u00a0Tur\u00f3w. \u010cesk\u00e1 strana protestuje proti pl\u00e1novan\u00e9mu roz\u0161\u00ed\u0159en\u00ed dolu, proto\u017ee by mohlo sn\u00ed\u017eit hladinu podzemn\u00ed vody, zp\u016fsobit probl\u00e9my se z\u00e1sobov\u00e1n\u00edm okoln\u00edch oblast\u00ed vodou a po\u0161kodit \u017eivotn\u00ed prost\u0159ed\u00ed. A 20. z\u00e1\u0159\u00ed soud EU na\u0159\u00eddil Polsku, kter\u00e9 nevyhov\u011blo jeho rozhodnut\u00ed, zaplatit 500 tis\u00edc eur jako ka\u017edodenn\u00ed pokutu a\u017e do ukon\u010den\u00ed t\u011b\u017eby v dole.<\/p>\n<p><a href=\"https:\/\/cz.sputniknews.com\/20211125\/eu-prekrocila-sve-pravomoce-polsky-premier-rekl-ze-zeme-nebude-platit-za-turow-pokutu-16637130.html\">ZDROJ<\/a><\/p>\n<p>&nbsp;<\/p>\n","protected":false},"excerpt":{"rendered":"<p>Polsk\u00fd premi\u00e9r Mateusz Morawiecki \u0159ekl, \u017ee Polsko nezaplat\u00ed pokutu, kterou mu ulo\u017eil soud EU, proto\u017ee&#8230;<\/p>\n","protected":false},"author":2,"featured_media":1882,"comment_status":"closed","ping_status":"closed","sticky":false,"template":"","format":"standard","meta":[],"categories":[7],"tags":[41,31,431],"_links":{"self":[{"href":"https:\/\/www.infokuryr.cz\/n\/wp-json\/wp\/v2\/posts\/6431"}],"collection":[{"href":"https:\/\/www.infokuryr.cz\/n\/wp-json\/wp\/v2\/posts"}],"about":[{"href":"https:\/\/www.infokuryr.cz\/n\/wp-json\/wp\/v2\/types\/post"}],"author":[{"embeddable":true,"href":"https:\/\/www.infokuryr.cz\/n\/wp-json\/wp\/v2\/users\/2"}],"replies":[{"embeddable":true,"href":"https:\/\/www.infokuryr.cz\/n\/wp-json\/wp\/v2\/comments?post=6431"}],"version-history":[{"count":0,"href":"https:\/\/www.infokuryr.cz\/n\/wp-json\/wp\/v2\/posts\/6431\/revisions"}],"wp:featuredmedia":[{"embeddable":true,"href":"https:\/\/www.infokuryr.cz\/n\/wp-json\/wp\/v2\/media\/1882"}],"wp:attachment":[{"href":"https:\/\/www.infokuryr.cz\/n\/wp-json\/wp\/v2\/media?parent=6431"}],"wp:term":[{"taxonomy":"category","embeddable":true,"href":"https:\/\/www.infokuryr.cz\/n\/wp-json\/wp\/v2\/categories?post=6431"},{"taxonomy":"post_tag","embeddable":true,"href":"https:\/\/www.infokuryr.cz\/n\/wp-json\/wp\/v2\/tags?post=6431"}],"curies":[{"name":"wp","href":"https:\/\/api.w.org\/{rel}","templated":true}]}}