{"id":64298,"date":"2024-10-16T00:47:04","date_gmt":"2024-10-15T22:47:04","guid":{"rendered":"https:\/\/www.infokuryr.cz\/n\/?p=64298"},"modified":"2024-10-15T17:05:27","modified_gmt":"2024-10-15T15:05:27","slug":"nato-zahajilo-svou-spiralu-smrti","status":"publish","type":"post","link":"https:\/\/www.infokuryr.cz\/n\/2024\/10\/16\/nato-zahajilo-svou-spiralu-smrti\/","title":{"rendered":"NATO zah\u00e1jilo svou spir\u00e1lu smrti"},"content":{"rendered":"<div id=\"fb-root\"><\/div>\n<div class=\"elementor-element elementor-element-1fb4c2c elementor-widget elementor-widget-theme-post-content\" data-id=\"1fb4c2c\" data-element_type=\"widget\" data-widget_type=\"theme-post-content.default\">\n<div class=\"elementor-widget-container\">\n<p><strong>I kdy\u017e nejv\u011bt\u0161\u00ed zpr\u00e1vou na\u0161\u00ed doby je, \u017ee NATO je ve spir\u00e1le smrti, nikdo to ne\u0159\u00edk\u00e1, tak to ud\u011bl\u00e1m a uk\u00e1\u017eu zde nejen fakt, ale i d\u016fvody, pro\u010d se tak d\u011bje a pro\u010d konec NATO ve skute\u010dnosti zv\u00fd\u0161\u00ed bezpe\u010dnost v\u0161ech \u010dlensk\u00fdch st\u00e1t\u016f NATO &#8211; sp\u00ed\u0161e ne\u017e ji sn\u00ed\u017e\u00ed &#8211; a nejen bezpe\u010dnost Ruska (proti kter\u00e9mu bylo NATO v roce 1949 zalo\u017eeno, aby dobylo Rusko):<\/strong><\/p>\n<p>Nejprve bych se r\u00e1d pod\u011blil o \u00faryvky z dne\u0161n\u00edho \u010dl\u00e1nku Stephena Bryena, kter\u00fd ode\u0161el do d\u016fchodu jako \u0161\u00e9f jednoho z nejv\u011bt\u0161\u00edch sv\u011btov\u00fdch dodavatel\u016f obrany a p\u016fsobil tak\u00e9 jako n\u00e1m\u011bstek ministra obrany USA a jako n\u00e1\u010deln\u00edk \u0161t\u00e1bu zahrani\u010dn\u00edho v\u00fdboru Sen\u00e1tu. Navzdory tomu, \u017ee dos\u00e1hl tak vysok\u00fdch pozic v americk\u00e9m vojensko-pr\u016fmyslov\u00e9m komplexu, se uk\u00e1zal jako osoba s vysokou integritou a jeho prediktivn\u00ed p\u0159esnost v jeho \u010dl\u00e1nc\u00edch pro ve\u0159ejnost se uk\u00e1zala jako v\u00fdjime\u010dn\u011b vysok\u00e1 \u2013 velmi vz\u00e1cn\u00e9 pro n\u011bkoho z jeho minulosti je:<\/p>\n<p>Prezidentsk\u00e1 kandid\u00e1tka a viceprezidentka Kamala Harrisov\u00e1 \u0159ekla, \u017ee nebude mluvit s rusk\u00fdm prezidentem Vladimirem Putinem bez ukrajinsk\u00e9ho prezidenta Vladimira Zelensk\u00e9ho.<\/p>\n<p>V\u00e1lka na Ukrajin\u011b, kter\u00e1 je z\u00e1rove\u0148 v\u00e1lkou NATO, se vyv\u00edj\u00ed \u0161patn\u011b. Ot\u00e1zkou je budoucnost NATO.<\/p>\n<p>Mezit\u00edm Zelenskyj, kter\u00fd byl pr\u00e1v\u011b nucen zru\u0161it nadch\u00e1zej\u00edc\u00ed \u201em\u00edrov\u00fd summit\u201c (ofici\u00e1ln\u011b odlo\u017een\u00fd na pozd\u011bji), proto\u017ee nikdo necht\u011bl p\u0159ij\u00edt, dal jasn\u011b najevo, \u017ee s Moskvou za \u017e\u00e1dn\u00fdch okolnost\u00ed jednat nebude.<\/p>\n<p>Zelenskij si uv\u011bdomuje, \u017ee jak\u00fdkoli \u00fastupek, kter\u00fd by Rusku ud\u011blal, by pro n\u011bj byl osudn\u00fd. Kdy\u017e se jeho arm\u00e1da za\u010d\u00edn\u00e1 rozpadat, Zelenskyj se spol\u00e9h\u00e1 na ochranu elitn\u00edch neonacistick\u00fdch brig\u00e1d. \u2026<\/p>\n<p>Posledn\u00ed n\u00e1pad Rusov\u00e9 odm\u00edtat nemus\u00ed, proto\u017ee d\u00edky Zelensk\u00e9mu jde o DOA (Dead on Arrival). To samoz\u0159ejm\u011b nezabr\u00e1n\u00ed Evrop\u011b a n\u011bkter\u00fdm ve Washingtonu v tom, aby n\u00e1vrh prosadili a z\u00e1rove\u0148 dodali Ukrajin\u011b je\u0161t\u011b v\u00edce zbran\u00ed v nad\u011bji, \u017ee Ukrajinci vydr\u017e\u00ed a\u017e dlouho po americk\u00fdch volb\u00e1ch. Pokud by se Ukrajina zhroutila do konce \u0159\u00edjna, byl by to pro demokraty v USA chaos a pravd\u011bpodobn\u011b by to svrhlo n\u011bmeckou vl\u00e1du, mo\u017en\u00e1 i nejist\u00fd francouzsk\u00fd re\u017eim.<\/p>\n<p>V\u011bt\u0161ina odborn\u00edk\u016f si nemysl\u00ed, \u017ee se to stane. V\u011bt\u0161ina odborn\u00edk\u016f se ale \u010dasto m\u00fdl\u00ed.<\/p>\n<p>Mezit\u00edm Rusov\u00e9 ze sv\u00e9 strany nebudou akceptovat p\u0159\u00edm\u011b\u0159\u00ed, proto\u017ee jim nic nenab\u00edz\u00ed. \u2026<\/p>\n<p>Je mal\u00e1 nebo \u017e\u00e1dn\u00e1 vyhl\u00eddka, \u017ee rusk\u00e9 po\u017eadavky budou spln\u011bny, a\u0165 u\u017e sou\u010dasnou ukrajinskou vl\u00e1dou, nebo v\u011bt\u0161inou zem\u00ed NATO. Z tohoto d\u016fvodu Zelensk\u00e9ho tvrd\u00e1 linie, dokud bude trvat, zaji\u0161\u0165uje, \u017ee skute\u010dn\u00fdm c\u00edlem Ruska je nahradit ukrajinskou vl\u00e1du vl\u00e1dou p\u0159\u00e1telskou Rusku ochotnou akceptovat po\u017eadavky Moskvy.<\/p>\n<p>Pokud Rusov\u00e9 usp\u011bj\u00ed, NATO se bude muset st\u00e1hnout, co\u017e stejn\u011b mus\u00ed ud\u011blat, m\u00e1-li aliance z\u016fstat d\u016fv\u011bryhodn\u00e1. Bohu\u017eel, navzdory mnoha vzne\u0161en\u00fdm \u0159e\u010dem, \u0161ance na o\u017eiven\u00ed NATO jako vojensk\u00e9 aliance nevypad\u00e1 slibn\u011b.<\/p>\n<p>Existuj\u00ed hlubok\u00e9 d\u016fvody, pro\u010d NATO navzdory zd\u00e1n\u00ed ch\u0159adne. Nejd\u016fle\u017eit\u011bj\u0161\u00edm d\u016fvodem je, \u017ee NATO expandovalo, ani\u017e by v\u011bnovalo pozornost pot\u0159eb\u011b b\u00fdt d\u016fv\u011bryhodnou obrannou alianc\u00ed. \u2026<\/p>\n<p>NATO je dnes o expanzi, ne o obran\u011b. Pokud jde o obranu, NATO je zcela z\u00e1visl\u00e9 na z\u00e1vazku Spojen\u00fdch st\u00e1t\u016f a Ameriky vyslat svou arm\u00e1du, letectvo a n\u00e1mo\u0159nictvo na obranu roz\u0161\u00ed\u0159en\u00ed NATO.<\/p>\n<p>Roz\u0161i\u0159ov\u00e1n\u00ed NATO jako politika vy\u017eaduje od americk\u00fdch spojenc\u016f obrovsk\u00e9 vojensk\u00e9 z\u00e1vazky. To se nestane. \u2026<\/p>\n<p>D\u016fvodem, pro\u010d se tak nestane, je to, \u017ee americk\u00e1 vl\u00e1da utr\u00e1c\u00ed nejen p\u0159ibli\u017en\u011b 900 miliard dolar\u016f ro\u010dn\u011b na \u201eobranu\u201c, kterou utrat\u00ed \u201eministerstvo obrany\u201c, ale tak\u00e9 p\u0159ibli\u017en\u011b 600 miliard dolar\u016f, kter\u00e9 ro\u010dn\u011b utrat\u00ed jin\u00e9 subjekty. feder\u00e1ln\u00ed ministerstva, jako jsou z\u00e1le\u017eitosti veter\u00e1n\u016f, vnit\u0159n\u00ed bezpe\u010dnost, ministerstvo financ\u00ed, energetika, NASA a tajn\u00e1 slu\u017eba. (To se d\u011bje proto, aby se p\u0159ed ve\u0159ejnost\u00ed skrylo, \u017ee americk\u00e1 vl\u00e1da nejen\u017ee utr\u00e1c\u00ed 37 % sv\u011btov\u00e9ho vojensk\u00e9ho rozpo\u010dtu, jak tvrd\u00ed Stockholmsk\u00fd mezin\u00e1rodn\u00ed \u00fastav pro v\u00fdzkum m\u00edru \u2013 na z\u00e1klad\u011b toho, \u017ee se po\u010d\u00edtaj\u00ed POUZE v\u00fddaje ministerstva \u201eObrany\u201c \u2013 ale jen t\u011bsn\u011b nad 50 % celosv\u011btov\u00e9ho vojensk\u00e9ho rozpo\u010dtu).<\/p>\n<p>Americk\u00e1 vl\u00e1da prost\u011b nen\u00ed schopna utratit mnohem v\u00edce ne\u017e 53 % v\u0161ech ro\u010dn\u00edch v\u00fddaj\u016f schv\u00e1len\u00fdch Kongresem a schv\u00e1len\u00fdch prezidentem, co\u017e v sou\u010dasnosti \u010din\u00ed. Zhruba polovina z t\u011bchto 53 % je vypl\u00e1cena americk\u00fdm spole\u010dnostem, jako jsou Lockheed Martin, General Dynamics, Boeing, L3Harris a Northrop Grumman, kter\u00e9 produkuj\u00ed v\u011bt\u0161inu sv\u011btov\u00fdch tr\u017eeb v oblasti obrany p\u0159es 100 miliard dolar\u016f ro\u010dn\u011b, a v\u0161em NATO a ostatn\u00edm. imp\u00e9ria U.Sell. To je to, \u010demu \u010del\u00ed Rusko na Ukrajin\u011b, a p\u0159esto\u017ee ameri\u010dt\u00ed a spojene\u010dt\u00ed v\u00fdrobci obrany od roku 2022 ud\u011blali v\u0161e, co mohli, aby p\u0159edstihli Rusko na ukrajinsk\u00fdch boji\u0161t\u00edch, nedostatky ve zbrojen\u00ed jsou t\u00e9m\u011b\u0159 v\u00fdhradn\u011b na stran\u011b USA a jejich spojenc\u016f, kter\u00e9 je t\u0159eba zaznamenat. Pokud tedy Ukrajinu poraz\u00ed Rusko, jak se nyn\u00ed v\u0161eobecn\u011b o\u010dek\u00e1v\u00e1, pak tato ztr\u00e1ta bude tak\u00e9 ztr\u00e1tou NATO.<\/p>\n<p>D\u016fvodem, pro\u010d by to bylo dobr\u00e9 pro mezin\u00e1rodn\u00ed bezpe\u010dnost, je to, \u017ee v hlavn\u00edm mezin\u00e1rodn\u00edm pr\u016fzkumu, kter\u00fd se zeptal sv\u011bta: \u201eKter\u00e1 zem\u011b je podle v\u00e1s dnes nejv\u011bt\u0161\u00ed hrozbou pro sv\u011btov\u00fd m\u00edr\u201c, byly v drtiv\u00e9 v\u011bt\u0161in\u011b Spojen\u00e9 st\u00e1ty; Pokud tedy Biden, Harris nebo Trump skute\u010dn\u011b p\u0159ejdou na jadernou energii, aby zabr\u00e1nili rusk\u00e9mu v\u00edt\u011bzstv\u00ed na Ukrajin\u011b, je jen mal\u00e1 \u0161ance, \u017ee z t\u011bch, kdo p\u0159e\u017eili, budou obvi\u0148ov\u00e1ni Amerika, nikoli Rusko. Od 25. \u010dervence 1945 u\u010dinila americk\u00e1 vl\u00e1da dobyt\u00ed Ruska svou nejvy\u0161\u0161\u00ed prioritou, ale od 24. \u00fanora 2022 se zd\u00e1, \u017ee tento nejvy\u0161\u0161\u00ed c\u00edl je odsouzen k nezdaru. Z jadern\u00e9ho vyu\u017eit\u00ed na Ukrajin\u011b nelze nic z\u00edskat. Pokud USA neza\u00fato\u010d\u00ed na Ukrajinu jadern\u00fdmi zbran\u011bmi, skon\u010d\u00ed nejen studen\u00e1 v\u00e1lka, kterou USA zah\u00e1jily 25. \u010dervence 1945, ale i hork\u00e1 \u010d\u00e1st v\u00e1lky, toti\u017e definitivn\u00ed a nezvratnou por\u00e1\u017ekou re\u017eimu USA proti Rusku. .<\/p>\n<p>Kdy\u017e Bryen \u0159ekl, \u017ee NATO je dnes o expanzi, ne o obran\u011b, p\u0159ipustil \u2013 co nejjemn\u011bji \u2013 \u017ee zakl\u00e1daj\u00edc\u00ed tvrzen\u00ed NATO, \u017ee je \u201eobrannou\u201c alianc\u00ed, p\u0159i\u0161lo po konci komunismu v Rusku v roce 1991, nebylo nic jin\u00e9ho ne\u017e le\u017e \u2013 a pot\u00e9 uk\u00e1zala svou skute\u010dnou agresivn\u00ed realitu zdvojn\u00e1soben\u00edm po\u010dtu sv\u00fdch \u010dlensk\u00fdch st\u00e1t\u016f a\u017e k rusk\u00fdm hranic\u00edm (navzdory slibu, \u017ee nic takov\u00e9ho neud\u011bl\u00e1).<\/p>\n<p>Rusko i \u010c\u00edna maj\u00ed spole\u010dnou protiimperialistickou zahrani\u010dn\u00ed politiku a jedin\u00e9 zb\u00fdvaj\u00edc\u00ed imp\u00e9rium \u2013 imp\u00e9rium USA \u2013 ji\u017e nebude hrozbou pro cel\u00fd sv\u011bt, pokud Rusko vyhraje v\u00e1lku na Ukrajin\u011b. V\u00fdsledkem by byl mnohem lep\u0161\u00ed sv\u011bt.<\/p>\n<p>PS: Pokud se v\u00e1m tento \u010dl\u00e1nek l\u00edb\u00ed, po\u0161lete jej e-mailem v\u0161em sv\u00fdm p\u0159\u00e1tel\u016fm nebo o n\u011bm dejte v\u011bd\u011bt ostatn\u00edm. \u017d\u00e1dn\u00e9 ze \u201ezpravodajsk\u00fdch\u201c m\u00e9di\u00ed spojen\u00fdch s USA to pravd\u011bpodobn\u011b nezve\u0159ejn\u00ed.<\/p>\n<\/div>\n<\/div>\n<div class=\"elementor-element elementor-element-8c57238 quelle dc-has-condition dc-condition-empty elementor-widget elementor-widget-heading\" data-id=\"8c57238\" data-element_type=\"widget\" data-widget_type=\"heading.default\">\n<div class=\"elementor-widget-container\">\n<h3 class=\"elementor-heading-title elementor-size-default\"><span style=\"font-size: 10pt;\"><a href=\"https:\/\/orientalreview.su\/2024\/10\/09\/nato-has-begun-its-death-spiral\/\" target=\"_blank\" rel=\"nofollow noopener\">Zdroj<\/a><\/span><\/h3>\n<p>&nbsp;<\/p>\n<\/div>\n<\/div>\n","protected":false},"excerpt":{"rendered":"<p>I kdy\u017e nejv\u011bt\u0161\u00ed zpr\u00e1vou na\u0161\u00ed doby je, \u017ee NATO je ve spir\u00e1le smrti, nikdo to&#8230;<\/p>\n","protected":false},"author":2,"featured_media":64299,"comment_status":"closed","ping_status":"closed","sticky":false,"template":"","format":"standard","meta":[],"categories":[7],"tags":[1503,39,22,37],"_links":{"self":[{"href":"https:\/\/www.infokuryr.cz\/n\/wp-json\/wp\/v2\/posts\/64298"}],"collection":[{"href":"https:\/\/www.infokuryr.cz\/n\/wp-json\/wp\/v2\/posts"}],"about":[{"href":"https:\/\/www.infokuryr.cz\/n\/wp-json\/wp\/v2\/types\/post"}],"author":[{"embeddable":true,"href":"https:\/\/www.infokuryr.cz\/n\/wp-json\/wp\/v2\/users\/2"}],"replies":[{"embeddable":true,"href":"https:\/\/www.infokuryr.cz\/n\/wp-json\/wp\/v2\/comments?post=64298"}],"version-history":[{"count":0,"href":"https:\/\/www.infokuryr.cz\/n\/wp-json\/wp\/v2\/posts\/64298\/revisions"}],"wp:featuredmedia":[{"embeddable":true,"href":"https:\/\/www.infokuryr.cz\/n\/wp-json\/wp\/v2\/media\/64299"}],"wp:attachment":[{"href":"https:\/\/www.infokuryr.cz\/n\/wp-json\/wp\/v2\/media?parent=64298"}],"wp:term":[{"taxonomy":"category","embeddable":true,"href":"https:\/\/www.infokuryr.cz\/n\/wp-json\/wp\/v2\/categories?post=64298"},{"taxonomy":"post_tag","embeddable":true,"href":"https:\/\/www.infokuryr.cz\/n\/wp-json\/wp\/v2\/tags?post=64298"}],"curies":[{"name":"wp","href":"https:\/\/api.w.org\/{rel}","templated":true}]}}