{"id":64296,"date":"2024-10-16T00:46:29","date_gmt":"2024-10-15T22:46:29","guid":{"rendered":"https:\/\/www.infokuryr.cz\/n\/?p=64296"},"modified":"2024-10-15T17:00:50","modified_gmt":"2024-10-15T15:00:50","slug":"petr-pokorny-soud-v-moskve-ulozil-francouzskemu-badateli-laurentu-vinatierovi-trest-tri-roky-odneti-svobody","status":"publish","type":"post","link":"https:\/\/www.infokuryr.cz\/n\/2024\/10\/16\/petr-pokorny-soud-v-moskve-ulozil-francouzskemu-badateli-laurentu-vinatierovi-trest-tri-roky-odneti-svobody\/","title":{"rendered":"Petr Pokorn\u00fd: Soud v Moskv\u011b ulo\u017eil francouzsk\u00e9mu badateli Laurentu Vinatierovi trest t\u0159i roky odn\u011bt\u00ed svobody"},"content":{"rendered":"<div id=\"fb-root\"><\/div>\n<div class=\"introtext\">\n<p><strong>Co je na tom extra zaj\u00edmav\u00e9ho? \u017de \u010d\u00e1st masm\u00e9di\u00ed popsala Laurenta Vinatiera jako badatele a \u017ee Rusko pr\u00fd op\u011bt zneu\u017eilo toho, \u017ee je Francouz. Tak jak je to s t\u00edm badatelstv\u00edm? U\u017e \u00favodn\u00ed foto a ukazuje, jak\u00fd je badatel a v\u00fdzkumn\u00edk.<\/strong><\/p>\n<\/div>\n<div class=\"fulltext\">\n<p><em>Institut Jacguese Delorse &#8211; politick\u00e9 v\u011bdy<\/em><\/p>\n<p>Expert na Rusko a St\u0159edn\u00ed Asii. Ph.D. kandid\u00e1t na Institut d&#8217;Etudes Politiques de Paris se zam\u011b\u0159uje na konflikt v \u010ce\u010densku.<\/p>\n<p class=\"sc-e1853509-0 bmLndb\">Laurent Vinatier, kter\u00fd pracoval pro nevl\u00e1dn\u00ed organizaci zab\u00fdvaj\u00edc\u00ed se zprost\u0159edkov\u00e1n\u00edm konflikt\u016f se s\u00eddlem ve \u0160v\u00fdcarsku, byl zat\u010den v \u010dervnu p\u0159i shroma\u017e\u010fov\u00e1n\u00ed informac\u00ed o rusk\u00e9 arm\u00e1d\u011b.<\/p>\n<p class=\"sc-e1853509-0 bmLndb\">Vinatier se v soudn\u00ed s\u00edni v ru\u0161tin\u011b omluvil a \u0159ekl, \u017ee si nebyl v\u011bdom, \u017ee by se m\u011bl zaregistrovat. Osma\u010dty\u0159icetilet\u00fd mu\u017e, kter\u00fd ji\u017e d\u0159\u00edve p\u0159iznal svou vinu, recitoval ver\u0161 rusk\u00e9ho b\u00e1sn\u00edka Alexandra Pu\u0161kina.<\/p>\n<h2>France 24:<\/h2>\n<p>Ve sv\u00fdch pozn\u00e1mk\u00e1ch p\u0159ed vynesen\u00edm rozsudku Vinatier, mluv\u00edc\u00ed rusky, znovu potvrdil, \u017ee pln\u011b uzn\u00e1v\u00e1 svou vinu a po\u017e\u00e1dal soudce o milost. &#8222;\u017d\u00e1d\u00e1m Ruskou federaci, aby mi odpustila, \u017ee jsem nedodr\u017eoval rusk\u00e9 z\u00e1kony,&#8220; \u0159ekl rusky.<\/p>\n<p>Rusk\u00e9 \u00fa\u0159ady obvinily Vinatiera, \u017ee se nezaregistroval jako \u201ezahrani\u010dn\u00ed agent\u201c p\u0159i shroma\u017e\u010fov\u00e1n\u00ed informac\u00ed o rusk\u00fdch \u201evojensk\u00fdch a vojensko-technick\u00fdch aktivit\u00e1ch\u201c, kter\u00e9 by mohly b\u00fdt pou\u017eity na \u00fakor bezpe\u010dnosti zem\u011b.<\/p>\n<p>Francouzsk\u00e9 ministerstvo zahrani\u010d\u00ed odsoudilo \u201eextr\u00e9mn\u00ed p\u0159\u00edsnost\u201c trestu a vyzvalo k okam\u017eit\u00e9mu propu\u0161t\u011bn\u00ed Vinatiera.<\/p>\n<p>Co skute\u010dn\u011b ud\u011blal, \u010di neud\u011blal, n\u00e1m nep\u0159\u00edslu\u0161\u00ed, nezn\u00e1me detaily. Ale lze snadno uk\u00e1zat, \u017ee obdobn\u00fd z\u00e1kon o zahrani\u010dn\u00edch agentech maj\u00ed v USA a ani b\u00fdval\u00fd komunistick\u00fd agent P\u00e1vek, dnes prezidentem na z\u00e1hadn\u00fd \u00favazek, proti n\u011bmu neprotestuje. D\u00e1le je\u00a0<strong>st\u00e1le stejn\u00e9 (zne)u\u017e\u00edv\u00e1n\u00ed tohoto z\u00e1kona na obou stran\u00e1ch<\/strong>:<\/p>\n<div class=\"info_box cela_sirka jpalert\">\n<div class=\"explanationContent\"><span style=\"color: #800080;\"><em>Ru\u0161t\u00ed poslanci varovali Ameri\u010dany, \u017ee podniknou odvetn\u00e9 kroky, pokud Spojen\u00e9 st\u00e1ty omez\u00ed \u010dinnost rusk\u00fdch m\u00e9di\u00ed. Moskva si st\u011b\u017euje zejm\u00e9na na chystan\u00e9 restrikce proti p\u016fsoben\u00ed m\u00e9di\u00ed Russia Today (RT) a Sputnik, kter\u00e1 maj\u00ed b\u00fdt v USA vyhl\u00e1\u0161ena za zahrani\u010dn\u00ed agenty. Podle agentury Interfax by Rusko mohlo odpov\u011bd\u011bt odebr\u00e1n\u00edm vys\u00edlac\u00ed licence americk\u00e9 zpravodajsk\u00e9 televizi CNN.<\/em><\/span><\/div>\n<\/div>\n<p>Zda je Vinatier agent, \u010di nikoliv, tedy nelze posoudit.<\/p>\n<p><strong>Ale to hlavn\u00ed je masmedi\u00e1ln\u00ed fra\u0161ka, kdy kontakty s voj\u00e1ky, politiky a opozic\u00ed v Rusku masm\u00e9dia naz\u00fdvaj\u00ed badatelstv\u00edm a v\u00fdzkumnictv\u00edm a op\u011bt lidem tento popis sta\u010d\u00ed. Ale fakta, pro\u010d se st\u00fdkal s opozic\u00ed a voj\u00e1ky n\u00e1m masm\u00e9dia nenap\u00ed\u0161\u00ed.<\/strong><\/p>\n<p><a href=\"https:\/\/www.skrytapravda.cz\/ze-zahranici\/2166-soud-v-moskve-ulozil-francouzskemu-badateli-laurentu-vinatierovi-trest-tri-roky-odneti-svobody\">Petr Pokorn\u00fd<\/a><\/p>\n<p>&nbsp;<\/p>\n<\/div>\n","protected":false},"excerpt":{"rendered":"<p>Co je na tom extra zaj\u00edmav\u00e9ho? \u017de \u010d\u00e1st masm\u00e9di\u00ed popsala Laurenta Vinatiera jako badatele a&#8230;<\/p>\n","protected":false},"author":2,"featured_media":64297,"comment_status":"closed","ping_status":"closed","sticky":false,"template":"","format":"standard","meta":[],"categories":[6],"tags":[1503,246,520,324],"_links":{"self":[{"href":"https:\/\/www.infokuryr.cz\/n\/wp-json\/wp\/v2\/posts\/64296"}],"collection":[{"href":"https:\/\/www.infokuryr.cz\/n\/wp-json\/wp\/v2\/posts"}],"about":[{"href":"https:\/\/www.infokuryr.cz\/n\/wp-json\/wp\/v2\/types\/post"}],"author":[{"embeddable":true,"href":"https:\/\/www.infokuryr.cz\/n\/wp-json\/wp\/v2\/users\/2"}],"replies":[{"embeddable":true,"href":"https:\/\/www.infokuryr.cz\/n\/wp-json\/wp\/v2\/comments?post=64296"}],"version-history":[{"count":0,"href":"https:\/\/www.infokuryr.cz\/n\/wp-json\/wp\/v2\/posts\/64296\/revisions"}],"wp:featuredmedia":[{"embeddable":true,"href":"https:\/\/www.infokuryr.cz\/n\/wp-json\/wp\/v2\/media\/64297"}],"wp:attachment":[{"href":"https:\/\/www.infokuryr.cz\/n\/wp-json\/wp\/v2\/media?parent=64296"}],"wp:term":[{"taxonomy":"category","embeddable":true,"href":"https:\/\/www.infokuryr.cz\/n\/wp-json\/wp\/v2\/categories?post=64296"},{"taxonomy":"post_tag","embeddable":true,"href":"https:\/\/www.infokuryr.cz\/n\/wp-json\/wp\/v2\/tags?post=64296"}],"curies":[{"name":"wp","href":"https:\/\/api.w.org\/{rel}","templated":true}]}}