{"id":64288,"date":"2024-10-16T00:42:19","date_gmt":"2024-10-15T22:42:19","guid":{"rendered":"https:\/\/www.infokuryr.cz\/n\/?p=64288"},"modified":"2024-10-15T16:46:37","modified_gmt":"2024-10-15T14:46:37","slug":"petr-pokorny-schindleruv-seznam-nebo-rovnou-poslat-opozici-do-plynu-ma-to-byt-holocaust-nepodvolenych","status":"publish","type":"post","link":"https:\/\/www.infokuryr.cz\/n\/2024\/10\/16\/petr-pokorny-schindleruv-seznam-nebo-rovnou-poslat-opozici-do-plynu-ma-to-byt-holocaust-nepodvolenych\/","title":{"rendered":"Petr Pokorn\u00fd: Schindler\u016fv seznam, nebo rovnou poslat opozici do plynu? M\u00e1 to b\u00fdt holocaust nepodvolen\u00fdch?"},"content":{"rendered":"<div id=\"fb-root\"><\/div>\n<div class=\"introtext\">\n<p>Politick\u00e9 neziskovky, pracuj\u00edc\u00ed pro dal\u0161\u00ed politick\u00e9 <em><strong>m\u00e9ziskovky<\/strong><\/em>, neboli st\u00e1do lempl\u016f mlad\u0161\u00ed generace, v\u00e1lej\u00edc\u00ed se znud\u011bn\u011b za pen\u00edze da\u0148ov\u00fdch poplatn\u00edk\u016f rozjelo dal\u0161\u00ed kampa\u0148 Evropsk\u00fdch hodnot a ta \u0161p\u00edna je u\u017e tak pr\u016fhledn\u00e1, \u017ee by se bol\u0161evick\u00e9 Lidov\u00e9 milice t\u0159\u00edskaly sm\u00edchy.<\/p>\n<\/div>\n<div class=\"fulltext\">\n<p>Nov\u00fd &#8222;<strong>Schindler\u016fv seznam politick\u00e9 parti\u010dky ze SEZNAMu<\/strong>&#8220; je dal\u0161\u00edm pokra\u010dov\u00e1n\u00edm bruselsk\u00e9 \u0161p\u00edny zalo\u017een\u00e9 na Slovensku pod zna\u010dkou &#8222;<strong>Kospir\u00e1to\u0159i.sk<\/strong>&#8222;, co\u017e byla parta reklamn\u00edch agent\u016f, maj\u00edc\u00ed p\u0159ihr\u00e1t reklamn\u00ed k\u0161efty pro sp\u0159\u00e1telen\u00e1 m\u00e9dia. A jejich\u017e konspira\u010dn\u00ed narativy, jak dnes fra\u0161ka pod t\u00edmto n\u00e1zvem b\u011b\u017e\u00ed, dodnes pou\u017e\u00edvaj\u00ed firmy, kter\u00e9 ods\u00e1vaj\u00ed pen\u00edze do zahrani\u010d\u00ed. Formou r\u016fzn\u00fdch p\u0159evod\u016f, finan\u010dn\u00edch manipulac\u00ed, \u010di dividend. A kter\u00e9 se pohybuj\u00ed v \u0159\u00e1dech 600 &#8211; 1000 miliard a vykr\u00e1daj\u00ed na\u0161\u00ed zem.<\/p>\n<p>Nam\u00e1tkou jmenujme konspira\u010dn\u00ed\u00a0<strong>rakouskou<\/strong>\u00a0\u010ceskou spo\u0159itelnu, kter\u00e1 se b\u016fhv\u00edpro\u010d jmenuje \u010desk\u00e1, kdy\u017e v\u0161ichni v\u00edme, \u017ee zisky putuj\u00ed do Rakouska a pat\u0159\u00ed Rakousku. \u010ci Vodafone, kter\u00fd se hl\u00e1s\u00ed ke v\u0161em \u0161pinav\u00fdm hodnot\u00e1m a je v ka\u017ed\u00e9m \u0161pinav\u00e9m projektu a vesele si mlask\u00e1, proto\u017ee zde nen\u00ed norm\u00e1ln\u00ed konkurence. Ale to v\u011bt\u0161ina lid\u00ed a v\u00ed a ps\u00e1t o tom je jako nosit d\u0159\u00edv\u00ed do lesa.<\/p>\n<p><span style=\"font-size: 18pt;\">Tak\u017ee se vra\u0165me k dal\u0161\u00edmu &#8222;<strong>Schindlerovu seznamu ze Seznamu<\/strong>&#8222;.<\/span><\/p>\n<p>(<em>Toto doplnil medi\u00e1ln\u00ed analytik Kotrba<\/em>)<\/p>\n<p>Odmysleme si Nejedl\u00e9ho \u201enarativy\u201c, ale zam\u011b\u0159me se na to, jak\u00e9 subjekty a pro\u010d Nejedl\u00fd a jeho \u201ezdrojov\u00e9\u201c, b\u00fdval\u00e1 asistentka slovensk\u00e9ho europoslance Vladim\u00edra Bil\u010d\u00edka Krist\u00edna \u0160ef\u010d\u00edkov\u00e1, Nat\u00e1lia Tk\u00e1\u010dov\u00e1 z n\u011bmeck\u00e9 liber\u00e1ln\u00ed Friedrich Naumann Foundation, p\u0159idru\u017een\u00e1 ke stran\u011b Svobodn\u00fdch (FDP) a studentka oboru American Journalism na New York University Anna Dohnalov\u00e1, v\u0161echny Washingtonem \u0159\u00edzen\u00e9 neziskovky Prague Security Studies Institute pova\u017euj\u00ed za \u201edezinforma\u010dn\u00ed\u201c, proto\u017ee to vypov\u00edd\u00e1 mnoho o nich a jejich \u201esvobodn\u00e9m\u201c my\u0161len\u00ed. V\u0161ichni odd\u00e1ni z\u00e1kladn\u00ed filozofii PSSI \u201eM\u00edr skrze s\u00edlu\u201c.<\/p>\n<p><strong>A jsme st\u00e1le u stejn\u00e9ho: politick\u00fd nezisk Evropsk\u00e9 hodnoty, Konspir\u00e1to\u0159i.sk, politick\u00e9 neziskovky Soro\u0161e, o kter\u00fdch si d\u0159\u00edve mysleli lid\u00e9, \u017ee je to &#8222;konspira\u010dn\u00ed hoax&#8220; a nyn\u00ed \u017easnou, kam se chapadla toho dareb\u00e1ka dostala!<\/strong><\/p>\n<h3><span style=\"font-size: 18pt;\"><strong>A pokra\u010dujme v\u00fdkladem \u0160t\u011bp\u00e1na Kotrby:<\/strong><\/span><\/h3>\n<p>Na vysv\u011btlen\u00ed lze t\u0159eba \u0159\u00edci, \u017ee\u00a0<strong>informa\u010dn\u00ed podvrhy<\/strong>\u00a0v\u00a0politice jsou star\u00e9 jako politika sama. Ne vojska, ale dezinformace vyhr\u00e1vaj\u00ed. Nejstar\u0161\u00ed zm\u00ednky najdeme v\u00a02500 let star\u00e9m pojedn\u00e1n\u00ed Um\u011bn\u00ed v\u00e1lky \u010d\u00ednsk\u00e9ho gener\u00e1la Sun\u00b4c.<\/p>\n<p><em>Mrtv\u00ed zv\u011bdov\u00e9<br \/>\njsou ur\u010deni<br \/>\nk \u0161\u00ed\u0159en\u00ed matouc\u00edch zpr\u00e1v<br \/>\nZa\u0159\u00edd\u00edme aby se tyto zpr\u00e1vy<br \/>\ndozv\u011bd\u011bli na\u0161i vlastn\u00ed zv\u011bdov\u00e9<\/em><br \/>\n<em>a posl\u00e9ze je prozradili zv\u011bd\u016fm nep\u0159\u00edtele\u2026<\/em><\/p>\n<p>Dezinformace st\u00e1ly u v\u011bt\u0161iny v\u00e1lek, vyprovokovan\u00fdch USA a zem\u011bmi Z\u00e1padu. P\u0159ipome\u0148me letmo obvin\u011bn\u00ed Afgh\u00e1nist\u00e1nu po 11. z\u00e1\u0159\u00ed, i kdy\u017e Us\u00e1ma bin L\u00e1din m\u011bl s\u00eddlo v P\u00e1kist\u00e1nu. P\u0159ipome\u0148me 45minutovou hrozbu ohro\u017een\u00ed Lond\u00fdna chemick\u00fdmi zbran\u011bmi, kter\u00e1 m\u011bla za n\u00e1sledek vp\u00e1d do Ir\u00e1ku. P\u0159ipome\u0148me zlo\u010diny plukovn\u00edka Kad\u00e1f\u00edho, kter\u00e9 m\u011bly za n\u00e1sledek rozvr\u00e1cen\u00ed Libye. A v neposledn\u00ed \u0159ad\u011b p\u0159ipome\u0148me pokusy o p\u0159evrat ve Venezuele.<\/p>\n<p>\u010cesk\u00e1 dezinforma\u010dn\u00ed sc\u00e9na je podle autorem citovan\u00e9ho zdroje, mluv\u010d\u00edho anonymn\u00edch udava\u010d\u016f \u201e\u010cesk\u00fdch elf\u016f\u201c, charakteristick\u00e1\u00a0<strong>p\u0159\u00edklonem k nacionalismu, opovrhov\u00e1n\u00edm demokraci\u00ed, z\u00e1padn\u00edmi liber\u00e1ln\u00edmi a demokratick\u00fdmi hodnotami, pr\u00e1vn\u00edm st\u00e1tem a samoz\u0159ejm\u011b i otev\u0159enou fascinac\u00ed Ruskem a dikt\u00e1torsk\u00fdmi re\u017eimy<\/strong>.<\/p>\n<table>\n<tbody>\n<tr>\n<td>\u00a0V\u011bt\u0161ina \u010cech\u016f, obvi\u0148ovan\u00fdch popperovsk\u00fdmi liber\u00e1ly z \u201efascinace Ruskem a dikt\u00e1torsk\u00fdmi re\u017eimy\u201c,\u00a0<strong>netou\u017e\u00ed po \u017eivot\u011b v Rusku<\/strong>,\u00a0<strong>ale<\/strong>\u00a0po kulturn\u011b konzervativn\u011bj\u0161\u00edm a bezpe\u010dn\u011bj\u0161\u00edm \u017eivot\u011b\u00a0<strong>doma<\/strong>. Odm\u00edtaj\u00ed vnucovanou agendu homosexu\u00e1l\u016f a jej\u00ed propagaci ve ve\u0159ejn\u00e9m prostoru a nav\u00edc za ve\u0159ejn\u00e9 pen\u00edze. Vn\u00edmaj\u00ed pot\u0159ebu multipol\u00e1rn\u00ed kulturn\u00ed politiky stejn\u011b jako multipol\u00e1rn\u011b vyv\u00e1\u017een\u00e9 glob\u00e1ln\u00ed politiky. A omezen\u00ed dominance USA a agresivn\u00edho NATO.<\/td>\n<\/tr>\n<\/tbody>\n<\/table>\n<p><span style=\"font-size: 18pt;\"><strong>To jsou naprosto legitimn\u00ed po\u017eadavky.<\/strong><\/span><\/p>\n<p><a href=\"https:\/\/www.skrytapravda.cz\/z-domova\/2164-schindleruv-seznam-nebo-rovnou-poslat-opozici-do-plynu-ma-to-byt-holocaust-nepodvolenych\">Petr Pokorn\u00fd<\/a><\/p>\n<p>&nbsp;<\/p>\n<\/div>\n","protected":false},"excerpt":{"rendered":"<p>Politick\u00e9 neziskovky, pracuj\u00edc\u00ed pro dal\u0161\u00ed politick\u00e9 m\u00e9ziskovky, neboli st\u00e1do lempl\u016f mlad\u0161\u00ed generace, v\u00e1lej\u00edc\u00ed se znud\u011bn\u011b&#8230;<\/p>\n","protected":false},"author":2,"featured_media":64289,"comment_status":"closed","ping_status":"closed","sticky":false,"template":"","format":"standard","meta":[],"categories":[6],"tags":[28,69,122,1906],"_links":{"self":[{"href":"https:\/\/www.infokuryr.cz\/n\/wp-json\/wp\/v2\/posts\/64288"}],"collection":[{"href":"https:\/\/www.infokuryr.cz\/n\/wp-json\/wp\/v2\/posts"}],"about":[{"href":"https:\/\/www.infokuryr.cz\/n\/wp-json\/wp\/v2\/types\/post"}],"author":[{"embeddable":true,"href":"https:\/\/www.infokuryr.cz\/n\/wp-json\/wp\/v2\/users\/2"}],"replies":[{"embeddable":true,"href":"https:\/\/www.infokuryr.cz\/n\/wp-json\/wp\/v2\/comments?post=64288"}],"version-history":[{"count":1,"href":"https:\/\/www.infokuryr.cz\/n\/wp-json\/wp\/v2\/posts\/64288\/revisions"}],"predecessor-version":[{"id":64290,"href":"https:\/\/www.infokuryr.cz\/n\/wp-json\/wp\/v2\/posts\/64288\/revisions\/64290"}],"wp:featuredmedia":[{"embeddable":true,"href":"https:\/\/www.infokuryr.cz\/n\/wp-json\/wp\/v2\/media\/64289"}],"wp:attachment":[{"href":"https:\/\/www.infokuryr.cz\/n\/wp-json\/wp\/v2\/media?parent=64288"}],"wp:term":[{"taxonomy":"category","embeddable":true,"href":"https:\/\/www.infokuryr.cz\/n\/wp-json\/wp\/v2\/categories?post=64288"},{"taxonomy":"post_tag","embeddable":true,"href":"https:\/\/www.infokuryr.cz\/n\/wp-json\/wp\/v2\/tags?post=64288"}],"curies":[{"name":"wp","href":"https:\/\/api.w.org\/{rel}","templated":true}]}}