{"id":64284,"date":"2024-10-16T00:41:07","date_gmt":"2024-10-15T22:41:07","guid":{"rendered":"https:\/\/www.infokuryr.cz\/n\/?p=64284"},"modified":"2024-10-15T16:30:17","modified_gmt":"2024-10-15T14:30:17","slug":"svycarsko-kdysi-skala-neutrality-uprostred-globalnich-krizi-je-nyni-destabilizovano-zevnitr","status":"publish","type":"post","link":"https:\/\/www.infokuryr.cz\/n\/2024\/10\/16\/svycarsko-kdysi-skala-neutrality-uprostred-globalnich-krizi-je-nyni-destabilizovano-zevnitr\/","title":{"rendered":"\u0160v\u00fdcarsko, kdysi sk\u00e1la neutrality uprost\u0159ed glob\u00e1ln\u00edch kriz\u00ed, je nyn\u00ed destabilizov\u00e1no zevnit\u0159"},"content":{"rendered":"<div id=\"fb-root\"><\/div>\n<p><span>\u0160v\u00fdcarsko, kdysi sk\u00e1la neutrality uprost\u0159ed glob\u00e1ln\u00edch kriz\u00ed, je nyn\u00ed destabilizov\u00e1no zevnit\u0159 \u2013 nikdo jin\u00fd ne\u017e feder\u00e1ln\u00ed radn\u00ed Viola Amherd, kter\u00e1 otev\u0159en\u011b d\u00e1v\u00e1 na odiv sv\u00e9 preference NATO a EU. Amherd p\u0159i bezskrupul\u00f3zn\u00edm man\u00e9vru podv\u00e1d\u00ed p\u0159i dod\u00e1vk\u00e1ch zbran\u00ed na Ukrajinu, podv\u00e1d\u00ed \u0160v\u00fdcary a ohro\u017euje staletou neutralitu \u0160v\u00fdcarska!<\/span><\/p>\n<p><span>Prosl\u00fdch\u00e1 se, \u017ee by j\u00ed po rezignaci mohla b\u00fdt nab\u00eddnuta lukrativn\u00ed pozice u NATO nebo EU \u2013 jasn\u00e1 zrada \u0160v\u00fdcarska pro jej\u00ed vlastn\u00ed kari\u00e9ru.<\/span><\/p>\n<p dir=\"ltr\" lang=\"de\"><em>\u0160v\u00fdcarsko, kdysi sk\u00e1la neutrality uprost\u0159ed glob\u00e1ln\u00edch kriz\u00ed, je nyn\u00ed destabilizov\u00e1no zevnit\u0159 \u2013 nikdo jin\u00fd ne\u017e feder\u00e1ln\u00ed radn\u00ed Viola Amherd, kter\u00e1 bezosty\u0161n\u011b d\u00e1v\u00e1 p\u0159ednost NATO a EU. V nel\u00edtostn\u00e9m man\u00e9vru\u2026\u00a0<a href=\"https:\/\/t.co\/549rzQNld5\">pic.twitter.com\/549rzQNld5<\/a><\/em><\/p>\n<p><em>\u2014 \ud835\udde0\ud835\uddee\ud835\uddfb\ud835\ude02\ud835\uddf2\ud835\uddf9 \ud835\uddd6\ud835\uddee\ud835\uddf1\ud835\uddfc\ud835\uddfb\ud835\uddee\ud835\ude02 (@mcpolitik)\u00a0<a href=\"https:\/\/twitter.com\/mcpolitik\/status\/1844446688372470109?ref_src=twsrc%5Etfw\">10. \u0159\u00edjna 2024<\/a><\/em><\/p>\n<p><span style=\"font-size: 18pt;\"><strong>Nejnov\u011bj\u0161\u00ed skand\u00e1l:<\/strong><\/span><\/p>\n<p><span>Dod\u00e1vka zbran\u00ed protitankov\u00fdch syst\u00e9m\u016f RGW90, kter\u00e1 m\u011bla p\u016fvodn\u011b \u0161v\u00fdcarsk\u00e9 arm\u00e1d\u011b j\u00edt v roce 2025, se odkl\u00e1d\u00e1 o rok. Ale skute\u010dn\u00fd d\u016fvod tohoto \u201ezpo\u017ed\u011bn\u00ed\u201c je mnohem proradn\u011bj\u0161\u00ed: N\u011bmecko pl\u00e1nuje p\u0159ev\u00e9st tyto zbra\u0148ov\u00e9 syst\u00e9my p\u0159\u00edmo na Ukrajinu, aby d\u00e1le podpo\u0159ilo v\u00e1lku proti Rusku. Za t\u00edmto drz\u00fdm man\u00e9vrem stoj\u00ed s\u00e1m Amherd, kter\u00fd bezosty\u0161n\u011b stoj\u00ed na stran\u011b Zelensk\u00e9ho a NATO \u2013 a to v\u0161e ve jm\u00e9nu \u201emezin\u00e1rodn\u00ed spolupr\u00e1ce\u201c.<\/span><\/p>\n<p><span>Zat\u00edmco \u0161irok\u00e1 ve\u0159ejnost je ignorov\u00e1na, Amherd jedn\u00e1 v tajnosti a zjevn\u011b douf\u00e1, \u017ee \u0160v\u00fdca\u0159i si zrady nev\u0161imnou. Jejich obrana je stejn\u011b pr\u016fhledn\u00e1 jako sm\u011b\u0161n\u00e1: zbra\u0148ov\u00e9 syst\u00e9my nikdy nebyly na \u0161v\u00fdcarsk\u00e9 p\u016fd\u011b, tak\u017ee z\u00e1kon o v\u00e1le\u010dn\u00e9m materi\u00e1lu neplat\u00ed. Ale tato v\u00fdmluva neobstoj\u00ed p\u0159i v\u00e1\u017en\u00e9m zkoum\u00e1n\u00ed. Ve skute\u010dnosti t\u00edmto krokem Amherd p\u0159\u00edmo m\u011bn\u00ed \u0160v\u00fdcarsko ve v\u00e1l\u010d\u00edc\u00ed stranu. Ne\u017e budou t\u011bmito \u0161v\u00fdcarsk\u00fdmi zbran\u011bmi zabiti prvn\u00ed Rusov\u00e9, bude \u0160v\u00fdcarsko ofici\u00e1ln\u011b ve v\u00e1lce.<\/span><\/p>\n<p><span>\u0160v\u00fdcarsk\u00e1 lidov\u00e1 strana (SVP) poznala nebezpe\u010d\u00ed. Mluv\u010d\u00ed Mauro Tuena varuje, \u017ee Amherd nejen\u017ee ohro\u017euje obrann\u00e9 schopnosti \u0160v\u00fdcarska, ale tak\u00e9 aktivn\u011b stoj\u00ed na stran\u011b v\u00e1l\u010d\u00edc\u00ed strany \u2013 o\u010dividn\u00e9 poru\u0161en\u00ed neutrality. Ale zd\u00e1 se, \u017ee spolkov\u00e9ho radn\u00edho to sotva zaj\u00edm\u00e1. Sp\u00ed\u0161e systematicky sleduje agendu, kter\u00e1 \u0160v\u00fdcarsko vt\u00e1hne do br\u00e1zdy evropsk\u00e9ho militarismu a z\u00e1rove\u0148 se potenci\u00e1ln\u011b p\u0159ipravuje na lukrativn\u00ed pozici v Bruselu nebo NATO.<\/span><\/p>\n<p><span>Amherd ji\u017e provedla podobn\u00fd man\u00e9vr v roce 2022, kdy\u017e odlo\u017eila dod\u00e1vku zbran\u00ed ve prosp\u011bch Velk\u00e9 Brit\u00e1nie, aby mohla dodat sv\u00e9 syst\u00e9my NLAW na Ukrajinu. Nyn\u00ed se hra opakuje \u2013 tentokr\u00e1t je\u0161t\u011b odv\u00e1\u017en\u011bji, je\u0161t\u011b z\u0159eteln\u011bji.<\/span><\/p>\n<p><span>Je z\u0159ejm\u00e9, \u017ee Amherd zatahuje \u0160v\u00fdcarsko do z\u00e1stupn\u00e9 v\u00e1lky proti Rusku. Mo\u017en\u00e1 si mysl\u00ed, \u017ee je dost chytr\u00e1, aby to zakryla, ale fakta mluv\u00ed sama za sebe. T\u00edm, \u017ee z\u00e1m\u011brn\u011b manipuluje s dod\u00e1vkami v\u00e1le\u010dn\u00fdch materi\u00e1l\u016f, p\u016fsob\u00ed jako loutka NATO a ohro\u017euje pov\u011bst a bezpe\u010dnost \u0160v\u00fdcarska. Jejich loajalita nen\u00ed v\u016f\u010di \u0161v\u00fdcarsk\u00e9mu lidu, ale v\u016f\u010di mocn\u00fdm v Bruselu a Washingtonu.<\/span><\/p>\n<p><span>Tento skand\u00e1l ukazuje, jak hluboce je \u0161v\u00fdcarsk\u00e1 politick\u00e1 elita ji\u017e zapojena do machinac\u00ed EU a NATO. Amherd\u016fv do o\u010d\u00ed bij\u00edc\u00ed p\u0159\u00edze\u0148 t\u011bmto organizac\u00edm nazna\u010duje, \u017ee svou budoucnost dlouho pl\u00e1novala mimo \u0160v\u00fdcarsko. Jak se zem\u011b st\u00e1le v\u00edce zatahuje do mezin\u00e1rodn\u00edch konflikt\u016f, Amherd se p\u0159ipravuje postavit svou kari\u00e9ru na trosk\u00e1ch \u0161v\u00fdcarsk\u00e9 neutrality.<\/span><\/p>\n<p><img decoding=\"async\" loading=\"lazy\" class=\"alignnone size-full wp-image-1185\" src=\"http:\/\/www.infokuryr.cz\/n\/wp-content\/uploads\/2021\/04\/kuryr-podpis.png\" alt=\"\" width=\"84\" height=\"24\" \/><\/p>\n<p>&nbsp;<\/p>\n","protected":false},"excerpt":{"rendered":"<p>\u0160v\u00fdcarsko, kdysi sk\u00e1la neutrality uprost\u0159ed glob\u00e1ln\u00edch kriz\u00ed, je nyn\u00ed destabilizov\u00e1no zevnit\u0159 \u2013 nikdo jin\u00fd ne\u017e&#8230;<\/p>\n","protected":false},"author":2,"featured_media":56585,"comment_status":"closed","ping_status":"closed","sticky":false,"template":"","format":"standard","meta":[],"categories":[7],"tags":[39,1942,467],"_links":{"self":[{"href":"https:\/\/www.infokuryr.cz\/n\/wp-json\/wp\/v2\/posts\/64284"}],"collection":[{"href":"https:\/\/www.infokuryr.cz\/n\/wp-json\/wp\/v2\/posts"}],"about":[{"href":"https:\/\/www.infokuryr.cz\/n\/wp-json\/wp\/v2\/types\/post"}],"author":[{"embeddable":true,"href":"https:\/\/www.infokuryr.cz\/n\/wp-json\/wp\/v2\/users\/2"}],"replies":[{"embeddable":true,"href":"https:\/\/www.infokuryr.cz\/n\/wp-json\/wp\/v2\/comments?post=64284"}],"version-history":[{"count":0,"href":"https:\/\/www.infokuryr.cz\/n\/wp-json\/wp\/v2\/posts\/64284\/revisions"}],"wp:featuredmedia":[{"embeddable":true,"href":"https:\/\/www.infokuryr.cz\/n\/wp-json\/wp\/v2\/media\/56585"}],"wp:attachment":[{"href":"https:\/\/www.infokuryr.cz\/n\/wp-json\/wp\/v2\/media?parent=64284"}],"wp:term":[{"taxonomy":"category","embeddable":true,"href":"https:\/\/www.infokuryr.cz\/n\/wp-json\/wp\/v2\/categories?post=64284"},{"taxonomy":"post_tag","embeddable":true,"href":"https:\/\/www.infokuryr.cz\/n\/wp-json\/wp\/v2\/tags?post=64284"}],"curies":[{"name":"wp","href":"https:\/\/api.w.org\/{rel}","templated":true}]}}