{"id":6428,"date":"2021-11-26T05:07:07","date_gmt":"2021-11-26T04:07:07","guid":{"rendered":"http:\/\/www.infokuryr.cz\/n\/?p=6428"},"modified":"2021-11-26T05:07:07","modified_gmt":"2021-11-26T04:07:07","slug":"takzvany-demokraticky-summit-by-se-mel-zamerit-na-demokraticke-otazky-usa","status":"publish","type":"post","link":"https:\/\/www.infokuryr.cz\/n\/2021\/11\/26\/takzvany-demokraticky-summit-by-se-mel-zamerit-na-demokraticke-otazky-usa\/","title":{"rendered":"Takzvan\u00fd \u201edemokratick\u00fd summit\u201c by se m\u011bl zam\u011b\u0159it na demokratick\u00e9 ot\u00e1zky USA"},"content":{"rendered":"<div id=\"fb-root\"><\/div>\n<p>Mluv\u010d\u00ed \u010d\u00ednsk\u00e9ho ministerstva zahrani\u010d\u00ed Zhao Lijian (\u010cao Li-\u0165ien) 25. listopadu na pravideln\u00e9 tiskov\u00e9 konferenci uvedl, \u017ee mezin\u00e1rodn\u00ed spole\u010denstv\u00ed vid\u00ed st\u00e1le jasn\u011bji co je skute\u010dn\u00fdm c\u00edlem Spojen\u00fdch st\u00e1t\u016f p\u0159i po\u0159\u00e1d\u00e1n\u00ed takzvan\u00e9ho \u201edemokratick\u00e9ho summitu vedouc\u00edch p\u0159edstavitel\u016f\u201c. Spojen\u00e9 st\u00e1ty formuj\u00ed \u201emalou skupinu\u201c pod z\u00e1minkou \u201edemokracie\u201c, ale ve skute\u010dnosti t\u00edm tla\u010d\u00ed na ostatn\u00ed zem\u011b a provokuj\u00ed rozd\u011blen\u00ed, o \u010dem\u017e mezin\u00e1rodn\u00ed spole\u010denstv\u00ed snadno objektivn\u011b rozhodne na z\u00e1klad\u011b skutk\u016f.<\/p>\n<p>Podle zpr\u00e1vy, 23. listopadu p\u0159edseda Bezpe\u010dnostn\u00edho a protikorup\u010dn\u00edho v\u00fdboru rusk\u00e9 St\u00e1tn\u00ed dumy Piskarev na 7. zased\u00e1n\u00ed \u010c\u00ednsko-rusk\u00e9ho v\u00fdboru pro spolupr\u00e1ci parlament\u016f uvedl, \u017ee c\u00edlem Spojen\u00fdch st\u00e1t\u016f p\u0159i po\u0159\u00e1d\u00e1n\u00ed takzvan\u00e9ho \u201edemokratick\u00e9ho summitu vedouc\u00edch p\u0159edstavitel\u016f\u201c je rozd\u011blit sv\u011bt na \u201evlastn\u00ed\u201c a \u201eciz\u00ed\u201c, a vytvo\u0159it rozd\u011blen\u00ed.<\/p>\n<p><img decoding=\"async\" loading=\"lazy\" class=\"alignnone size-full wp-image-1185\" src=\"http:\/\/www.infokuryr.cz\/n\/wp-content\/uploads\/2021\/04\/kuryr-podpis.png\" alt=\"\" width=\"84\" height=\"24\" \/><\/p>\n<p>&nbsp;<\/p>\n","protected":false},"excerpt":{"rendered":"<p>Mluv\u010d\u00ed \u010d\u00ednsk\u00e9ho ministerstva zahrani\u010d\u00ed Zhao Lijian (\u010cao Li-\u0165ien) 25. listopadu na pravideln\u00e9 tiskov\u00e9 konferenci uvedl,&#8230;<\/p>\n","protected":false},"author":2,"featured_media":1793,"comment_status":"closed","ping_status":"closed","sticky":false,"template":"","format":"standard","meta":[],"categories":[7],"tags":[30,144,37],"_links":{"self":[{"href":"https:\/\/www.infokuryr.cz\/n\/wp-json\/wp\/v2\/posts\/6428"}],"collection":[{"href":"https:\/\/www.infokuryr.cz\/n\/wp-json\/wp\/v2\/posts"}],"about":[{"href":"https:\/\/www.infokuryr.cz\/n\/wp-json\/wp\/v2\/types\/post"}],"author":[{"embeddable":true,"href":"https:\/\/www.infokuryr.cz\/n\/wp-json\/wp\/v2\/users\/2"}],"replies":[{"embeddable":true,"href":"https:\/\/www.infokuryr.cz\/n\/wp-json\/wp\/v2\/comments?post=6428"}],"version-history":[{"count":0,"href":"https:\/\/www.infokuryr.cz\/n\/wp-json\/wp\/v2\/posts\/6428\/revisions"}],"wp:featuredmedia":[{"embeddable":true,"href":"https:\/\/www.infokuryr.cz\/n\/wp-json\/wp\/v2\/media\/1793"}],"wp:attachment":[{"href":"https:\/\/www.infokuryr.cz\/n\/wp-json\/wp\/v2\/media?parent=6428"}],"wp:term":[{"taxonomy":"category","embeddable":true,"href":"https:\/\/www.infokuryr.cz\/n\/wp-json\/wp\/v2\/categories?post=6428"},{"taxonomy":"post_tag","embeddable":true,"href":"https:\/\/www.infokuryr.cz\/n\/wp-json\/wp\/v2\/tags?post=6428"}],"curies":[{"name":"wp","href":"https:\/\/api.w.org\/{rel}","templated":true}]}}