{"id":64273,"date":"2024-10-15T05:20:56","date_gmt":"2024-10-15T03:20:56","guid":{"rendered":"https:\/\/www.infokuryr.cz\/n\/?p=64273"},"modified":"2024-10-15T05:20:56","modified_gmt":"2024-10-15T03:20:56","slug":"nemecko-pozadalo-izrael-aby-podepsal-dolozku-o-genocide","status":"publish","type":"post","link":"https:\/\/www.infokuryr.cz\/n\/2024\/10\/15\/nemecko-pozadalo-izrael-aby-podepsal-dolozku-o-genocide\/","title":{"rendered":"N\u011bmecko po\u017e\u00e1dalo Izrael, aby podepsal \u201edolo\u017eku o genocid\u011b\u201c"},"content":{"rendered":"<div id=\"fb-root\"><\/div>\n<p><span style=\"font-size: 18pt;\"><strong>Ministryn\u011b zahrani\u010d\u00ed Annalena Baerbock a ministr hospod\u00e1\u0159stv\u00ed Robert Habeck \u00fadajn\u011b \u201ezablokovali\u201c dod\u00e1vky zbran\u00ed \u017eidovsk\u00e9mu st\u00e1tu.<\/strong><\/span><\/p>\n<p><span>N\u011bmecko odm\u00edtlo dodat zbran\u011b do Izraele, pokud Z\u00e1padn\u00ed Jeruzal\u00e9m neposkytne p\u00edsemnou z\u00e1ruku, \u017ee nebudou pou\u017eity k \u00fader\u016fm na civilisty v Gaze, uvedla m\u00e9dia vlastn\u011bn\u00e1 n\u011bmeck\u00fdm vydavatelstv\u00edm Axel Springer.\u00a0<\/span><\/p>\n<p><span>Berl\u00edn, kter\u00fd od b\u0159ezna neschv\u00e1lil \u017e\u00e1dn\u00e9 prodeje zbran\u00ed Izraeli, prodej zbran\u00ed zablokoval, p\u0159esto\u017ee trval na tom, \u017ee \u017eidovsk\u00fd st\u00e1t nen\u00ed pod zbrojn\u00edm embargem, uvedl v pond\u011bl\u00ed \u010dasopis Politico, kter\u00fd potvrdil zpr\u00e1vu, kterou o v\u00edkendu zve\u0159ejnil n\u011bmeck\u00fd bulv\u00e1rn\u00ed den\u00edk Bild.\u00a0\u00a0<\/span><\/p>\n<p><span>Podle Bildu to byli ministryn\u011b zahrani\u010d\u00ed Annalena Baerbock a ministr hospod\u00e1\u0159stv\u00ed Robert Habeck, kdo\u00a0<\/span><em><span>\u201ezablokoval nov\u00e9 dod\u00e1vky\u201c.<\/span><\/em><span>\u00a0Vysoce postaven\u00ed politici ze Strany zelen\u00fdch \u00fadajn\u011b cht\u011bli, aby Izrael sl\u00edbil, \u017ee zbran\u011b nebudou pou\u017eity proti civilist\u016fm v Gaze.\u00a0<\/span><\/p>\n<p><em><span>&#8222;Izraelsk\u00e1 vl\u00e1da mus\u00ed d\u00e1t n\u011bmeck\u00e9 vl\u00e1d\u011b p\u00edsemn\u00e9 uji\u0161t\u011bn\u00ed, \u017ee v\u00fdvoz zbran\u00ed z N\u011bmecka nebude pou\u017eit ke genocid\u011b,&#8220;<\/span><\/em><span>\u00a0uvedl Bild s odkazem na sv\u00e9 zdroje ve vl\u00e1dn\u00edch a obrann\u00fdch kruz\u00edch. Z\u00e1padn\u00ed Jeruzal\u00e9m \u00fadajn\u011b poskytl pot\u0159ebn\u00e1 uji\u0161t\u011bn\u00ed ve \u010dtvrtek.\u00a0<\/span><\/p>\n<p><span>N\u011bmeck\u00e9 z\u00e1kony zakazuj\u00ed dod\u00e1vky zbran\u00ed do zem\u00ed, kde existuje nebezpe\u010d\u00ed, \u017ee mohou b\u00fdt pou\u017eity proti civilist\u016fm.\u00a0<\/span><em><span>\u201eDod\u00e1vky zbran\u00ed do Izraele jsou o dodr\u017eov\u00e1n\u00ed pravidel mezin\u00e1rodn\u00edho humanit\u00e1rn\u00edho pr\u00e1va,\u201c<\/span><\/em><span>\u00a0\u0159ekl Politico \u010dlov\u011bk obezn\u00e1men\u00fd s touto z\u00e1le\u017eitost\u00ed.\u00a0<\/span><em><span>&#8222;D\u016fvodem \u017e\u00e1dosti o takov\u00fd z\u00e1vazek je, \u017ee n\u011bmeck\u00fd spr\u00e1vn\u00ed soud by to jinak mohl zastavit.&#8220;<\/span><\/em><\/p>\n<p><span>Odhalen\u00ed vyvolalo kritiku ze strany opozice a vl\u00e1dnouc\u00ed Svobodn\u00e9 demokratick\u00e9 strany, p\u0159i\u010dem\u017e \u0159ada politik\u016f vyzvala Zelen\u00e9 a kancl\u00e9\u0159e Olafa Scholze, aby\u00a0<\/span><em><span>\u201evyjasnili\u201c<\/span><\/em><span>\u00a0situaci s v\u00fdvozy zbran\u00ed.\u00a0<\/span><em><span>\u201eScholz jako p\u0159edseda Spolkov\u00e9 bezpe\u010dnostn\u00ed rady zde tak\u00e9 nese odpov\u011bdnost,\u201c<\/span><\/em><span>\u00a0\u0159ekl Bildu Friedrich Merz, v\u016fdce K\u0159es\u0165anskodemokratick\u00e9 unie.<\/span><\/p>\n<p><span>Baerbock ve\u0159ejn\u011b podpo\u0159il pr\u00e1vo Izraele na obranu, ale v projevu z minul\u00e9ho t\u00fddne zd\u016fraznil, \u017ee\u00a0<\/span><em><span>\u201emezin\u00e1rodn\u00ed humanit\u00e1rn\u00ed pr\u00e1vo a pr\u00e1vo Izraele na existenci jsou neodd\u011bliteln\u011b spojeny\u201c.<\/span><\/em><\/p>\n<p><span>Izrael byl obvin\u011bn z nevyb\u00edrav\u00e9ho c\u00edlen\u00ed na civilisty v Gaze, kde bylo od vypuknut\u00ed boj\u016f mezi Hamasem a Izraelem v \u0159\u00edjnu 2023 zabito v\u00edce ne\u017e 42 000 Palestinc\u016f. Izraelsk\u00e9 obrann\u00e9 s\u00edly (IDF) odm\u00edtly obvin\u011bn\u00ed ze sp\u00e1ch\u00e1n\u00ed genocidy jako\u00a0<\/span><em><span>\u201eabsurdn\u00ed, \u201c<\/span><\/em><span>\u00a0s argumentem, \u017ee Hamas pou\u017e\u00edv\u00e1 palestinsk\u00e9 civilisty jako lidsk\u00e9 \u0161t\u00edty.\u00a0<\/span><\/p>\n<p><img decoding=\"async\" loading=\"lazy\" class=\"alignnone size-full wp-image-1185\" src=\"http:\/\/www.infokuryr.cz\/n\/wp-content\/uploads\/2021\/04\/kuryr-podpis.png\" alt=\"\" width=\"84\" height=\"24\" \/><\/p>\n<p>&nbsp;<\/p>\n","protected":false},"excerpt":{"rendered":"<p>Ministryn\u011b zahrani\u010d\u00ed Annalena Baerbock a ministr hospod\u00e1\u0159stv\u00ed Robert Habeck \u00fadajn\u011b \u201ezablokovali\u201c dod\u00e1vky zbran\u00ed \u017eidovsk\u00e9mu st\u00e1tu&#8230;.<\/p>\n","protected":false},"author":2,"featured_media":56390,"comment_status":"closed","ping_status":"closed","sticky":false,"template":"","format":"standard","meta":[],"categories":[7],"tags":[178,107,84,73],"_links":{"self":[{"href":"https:\/\/www.infokuryr.cz\/n\/wp-json\/wp\/v2\/posts\/64273"}],"collection":[{"href":"https:\/\/www.infokuryr.cz\/n\/wp-json\/wp\/v2\/posts"}],"about":[{"href":"https:\/\/www.infokuryr.cz\/n\/wp-json\/wp\/v2\/types\/post"}],"author":[{"embeddable":true,"href":"https:\/\/www.infokuryr.cz\/n\/wp-json\/wp\/v2\/users\/2"}],"replies":[{"embeddable":true,"href":"https:\/\/www.infokuryr.cz\/n\/wp-json\/wp\/v2\/comments?post=64273"}],"version-history":[{"count":0,"href":"https:\/\/www.infokuryr.cz\/n\/wp-json\/wp\/v2\/posts\/64273\/revisions"}],"wp:featuredmedia":[{"embeddable":true,"href":"https:\/\/www.infokuryr.cz\/n\/wp-json\/wp\/v2\/media\/56390"}],"wp:attachment":[{"href":"https:\/\/www.infokuryr.cz\/n\/wp-json\/wp\/v2\/media?parent=64273"}],"wp:term":[{"taxonomy":"category","embeddable":true,"href":"https:\/\/www.infokuryr.cz\/n\/wp-json\/wp\/v2\/categories?post=64273"},{"taxonomy":"post_tag","embeddable":true,"href":"https:\/\/www.infokuryr.cz\/n\/wp-json\/wp\/v2\/tags?post=64273"}],"curies":[{"name":"wp","href":"https:\/\/api.w.org\/{rel}","templated":true}]}}