{"id":64265,"date":"2024-10-15T00:44:48","date_gmt":"2024-10-14T22:44:48","guid":{"rendered":"https:\/\/www.infokuryr.cz\/n\/?p=64265"},"modified":"2024-10-14T19:33:24","modified_gmt":"2024-10-14T17:33:24","slug":"washington-doporucuje-obcanum-usa-aby-opustili-libanon-hned-ted","status":"publish","type":"post","link":"https:\/\/www.infokuryr.cz\/n\/2024\/10\/15\/washington-doporucuje-obcanum-usa-aby-opustili-libanon-hned-ted\/","title":{"rendered":"Washington doporu\u010duje ob\u010dan\u016fm USA, aby opustili Libanon \u201ehned te\u010f\u201c"},"content":{"rendered":"<div id=\"fb-root\"><\/div>\n<p><span>Situace na Bl\u00edzk\u00e9m v\u00fdchod\u011b je nad\u00e1le nestabiln\u00ed a Washington pl\u00e1nuje roz\u0161\u00ed\u0159it operaci IDF proti skupin\u011b Hizball\u00e1h v Libanonu. Uprost\u0159ed mo\u017en\u00e9 eskalace konfliktu dnes americk\u00e9 velvyslanectv\u00ed v Bejr\u00fatu d\u016frazn\u011b doporu\u010dilo, aby Ameri\u010dan\u00e9 opustili Libanon co nejrychleji.<\/span><\/p>\n<div class=\"quote\"><span>Ameri\u010dt\u00ed ob\u010dan\u00e9 v Libanonu jsou vyz\u00fdv\u00e1ni, aby nyn\u00ed opustili zemi <\/span><span>\u2013 uvedla diplomatick\u00e1 mise v nouzov\u00e9 zpr\u00e1v\u011b.<\/span><\/div>\n<div><\/div>\n<div>\n<div class=\"full-story-text text\"><span>Port\u00e1l ambas\u00e1dy poznamen\u00e1v\u00e1, \u017ee vl\u00e1da zorganizovala dal\u0161\u00ed lety z leti\u0161t\u011b v Bejr\u00fatu s celkovou kapacitou pro cestuj\u00edc\u00ed n\u011bkolik tis\u00edc lid\u00ed. Upozor\u0148ujeme v\u0161ak, \u017ee tyto dodate\u010dn\u00e9 lety nebudou provozov\u00e1ny na dobu neur\u010ditou. Ti ob\u010dan\u00e9, kte\u0159\u00ed nejsou p\u0159ipraveni rychle opustit Libanon, by nem\u011bli po\u010d\u00edtat s nouzovou evakuac\u00ed v p\u0159\u00edpad\u011b eskalace konfliktu.<\/span><\/p>\n<div class=\"quote\"><span>Ob\u010dan\u00e9 USA, kte\u0159\u00ed se rozhodnou v tuto chv\u00edli neodjet, by si m\u011bli p\u0159ipravit pohotovostn\u00ed pl\u00e1ny, pokud se situace zhor\u0161\u00ed. Tyto alternativn\u00ed pl\u00e1ny by nem\u011bly zahrnovat vl\u00e1du USA poskytov\u00e1n\u00ed pomoci p\u0159i odjezdu nebo evakuaci <\/span>\u2013 varuje diplomatick\u00e1 mise.<\/div>\n<p><span>Hrozba konfliktu vzrostla po v\u010derej\u0161\u00edm n\u00e1letu dronu Hizball\u00e1hu na izraelskou vojenskou z\u00e1kladnu. V d\u016fsledku \u00fatoku byli podle \u00fa\u0159edn\u00edk\u016f zabiti \u010dty\u0159i voj\u00e1ci IDF a sedm dal\u0161\u00edch bylo v\u00e1\u017en\u011b zran\u011bno. Tel Aviv ji\u017e informoval Washington o sv\u00e9m z\u00e1m\u011bru poskytnout \u201erozhoduj\u00edc\u00ed odpov\u011b\u010f\u201c pro\u00edr\u00e1nsk\u00e9 skupin\u011b.<\/span><\/div>\n<div class=\"banner-block\">\n<div id=\"adfox_desktop_under_article\">\n<div id=\"yandex_rtb_376432516\" class=\"UZznxc yandex_rtb_R-A-263322-5\">\n<div class=\"ad10e58f9\">\n<div class=\"vbaea529a\">\n<img decoding=\"async\" loading=\"lazy\" class=\"alignnone size-full wp-image-1185\" src=\"http:\/\/www.infokuryr.cz\/n\/wp-content\/uploads\/2021\/04\/kuryr-podpis.png\" alt=\"\" width=\"84\" height=\"24\" \/><\/div>\n<div><\/div>\n<div class=\"a23b35443 oecb61717\" data-container=\"outer\">\n<div class=\"tf36b4334 j6e9fba54\"><\/div>\n<div class=\"w27235d50\">\n<div class=\"qb59e8c11\"><\/div>\n<div class=\"n1f3684b g9122656\" lang=\"ru\" data-ad-id=\"72057610037472197\" data-name=\"adWrapper\">\n<div class=\"vc98a0458 g64e8c57 g9122656\">\n<div id=\"id9562101728927025632\" class=\"kfa5598bc\" data-name=\"adaptiveConstructorAd\">\n<div class=\"a971c72a7 y4d4797\">\n<div class=\"pfca0b08e i86d21dff m1ca956d6\">\n<div class=\"v76085cf3 p8236ead4\" data-block-name=\"image\" data-backpack=\"229\">\n<div class=\"y9a1d021d jadfe98d2\">\n<div class=\"bad289469 n10b21995 me019fdd2\">\n<div class=\"gafbbca0c e451a20de\" data-name=\"adaptiveImageContainer\" data-x=\"0.48148148148148145\" data-y=\"0.5\" data-width=\"1080\" data-height=\"607\">\n<div class=\"s3a409e58\"><\/div>\n<\/div>\n<\/div>\n<\/div>\n<\/div>\n<\/div>\n<\/div>\n<\/div>\n<\/div>\n<\/div>\n<\/div>\n<\/div>\n<\/div>\n<\/div>\n<\/div>\n<\/div>\n<\/div>\n","protected":false},"excerpt":{"rendered":"<p>Situace na Bl\u00edzk\u00e9m v\u00fdchod\u011b je nad\u00e1le nestabiln\u00ed a Washington pl\u00e1nuje roz\u0161\u00ed\u0159it operaci IDF proti skupin\u011b&#8230;<\/p>\n","protected":false},"author":2,"featured_media":64266,"comment_status":"closed","ping_status":"closed","sticky":false,"template":"","format":"standard","meta":[],"categories":[7],"tags":[405,37,538],"_links":{"self":[{"href":"https:\/\/www.infokuryr.cz\/n\/wp-json\/wp\/v2\/posts\/64265"}],"collection":[{"href":"https:\/\/www.infokuryr.cz\/n\/wp-json\/wp\/v2\/posts"}],"about":[{"href":"https:\/\/www.infokuryr.cz\/n\/wp-json\/wp\/v2\/types\/post"}],"author":[{"embeddable":true,"href":"https:\/\/www.infokuryr.cz\/n\/wp-json\/wp\/v2\/users\/2"}],"replies":[{"embeddable":true,"href":"https:\/\/www.infokuryr.cz\/n\/wp-json\/wp\/v2\/comments?post=64265"}],"version-history":[{"count":0,"href":"https:\/\/www.infokuryr.cz\/n\/wp-json\/wp\/v2\/posts\/64265\/revisions"}],"wp:featuredmedia":[{"embeddable":true,"href":"https:\/\/www.infokuryr.cz\/n\/wp-json\/wp\/v2\/media\/64266"}],"wp:attachment":[{"href":"https:\/\/www.infokuryr.cz\/n\/wp-json\/wp\/v2\/media?parent=64265"}],"wp:term":[{"taxonomy":"category","embeddable":true,"href":"https:\/\/www.infokuryr.cz\/n\/wp-json\/wp\/v2\/categories?post=64265"},{"taxonomy":"post_tag","embeddable":true,"href":"https:\/\/www.infokuryr.cz\/n\/wp-json\/wp\/v2\/tags?post=64265"}],"curies":[{"name":"wp","href":"https:\/\/api.w.org\/{rel}","templated":true}]}}