{"id":64252,"date":"2024-10-16T00:37:46","date_gmt":"2024-10-15T22:37:46","guid":{"rendered":"https:\/\/www.infokuryr.cz\/n\/?p=64252"},"modified":"2024-10-14T13:08:44","modified_gmt":"2024-10-14T11:08:44","slug":"jaroslav-stefec-jak-bis-vlastne-pracuje-ve-prospech-ceskeho-statu","status":"publish","type":"post","link":"https:\/\/www.infokuryr.cz\/n\/2024\/10\/16\/jaroslav-stefec-jak-bis-vlastne-pracuje-ve-prospech-ceskeho-statu\/","title":{"rendered":"Jaroslav \u0160tefec: Jak BIS vlastn\u011b pracuje ve prosp\u011bch \u010desk\u00e9ho st\u00e1tu?"},"content":{"rendered":"<div id=\"fb-root\"><\/div>\n<p><strong>Narazil jsem na zaj\u00edmav\u00fd text, kter\u00fd \u010din\u00ed odpov\u011bdn\u00fdm za povod\u0148ov\u00e9 \u0161kody a\u00a0chyb\u011bj\u00edc\u00ed prevenci BIS, p\u00ed\u0161e na facebooku Jaroslav \u0160tefec.<\/strong><\/p>\n<p>Jeho autor navrhuje prov\u011b\u0159it\u00a0 jak BIS vlastn\u011b pracuje ve prosp\u011bch \u010desk\u00e9ho st\u00e1tu, komu a\u00a0s\u00a0jak\u00fdmi c\u00edli d\u00e1v\u00e1 sv\u00e9 svodky, jestli\u017ee vl\u00e1da nev\u00ed, \u017ee lze p\u0159edch\u00e1zet povodn\u00edm, jak\u00e9 je vlastn\u011b person\u00e1ln\u00ed obsazen\u00ed BIS, vztahuj\u00edc\u00ed se k\u00a0hrozb\u00e1m s\u00a0p\u0159eshrani\u010dn\u00edmi dopady, zda svodky BIS k\u00a0mo\u017enostem prevence povodn\u00ed v\u016fbec existovaly a\u00a0pokud ano, pro\u010d je politici ignorovali.<\/p>\n<p>Ne \u017ee bych s\u00a0autorem nesouhlasil. Sta\u010d\u00ed si ostatn\u011b p\u0159e\u010d\u00edst Z\u00e1kon \u010d.\u00a0154\/1994 Sb., o\u00a0bezpe\u010dnostn\u00ed informa\u010dn\u00ed slu\u017eb\u011b. Jen\u017ee situace se od roku 1994 z\u00e1sadn\u011b zm\u011bnila. Jeho n\u00e1zor bohu\u017eel u\u017e ani zdaleka nevystihuje role t\u00e9to zpravodajsk\u00e9 slu\u017eby v\u00a0politick\u00e9m syst\u00e9mu \u010cR prvn\u00ed \u010dtvrtiny 21.\u00a0stolet\u00ed.<\/p>\n<p>Ani BIS, ani jej\u00edho \u0161\u00e9fa dnes u\u017e nelze ani v\u00a0nejmen\u0161\u00edm podez\u00edrat nejen z\u00a0poru\u0161ov\u00e1n\u00ed z\u00e1jm\u016f \u010cR, ale dokonce ani ze sebemen\u0161\u00ed snahy tyto z\u00e1jmy jakkoliv h\u00e1jit. Sou\u010dasn\u00fd \u0159editel BIS se nav\u00edc \u010dasto chov\u00e1 a\u00a0ve\u0159ejn\u011b vystupuje nikoliv jako st\u00e1tn\u00ed \u00fa\u0159edn\u00edk, v\u011brn\u00fd \u010desk\u00e9mu st\u00e1tu, ale jako jmenovan\u00fd protektor pro \u00fazem\u00ed \u010cech, Moravy a\u00a0Slezska, jeho\u017e \u0159\u00eddic\u00ed org\u00e1ny, d\u00edky nim\u017e z\u00edskal \u0159editelsk\u00fd post a\u00a0kter\u00e9 jej \u201cza v\u011brn\u00e9 slu\u017eby\u201d odm\u011b\u0148uj\u00ed medailemi a\u00a0gener\u00e1lsk\u00fdmi posty, se nach\u00e1zej\u00ed sp\u00ed\u0161e mimo \u00fazem\u00ed \u010cR, ne\u017e na Strakovce, nebo na Pra\u017esk\u00e9m hrad\u011b.<\/p>\n<p>Dne\u0161n\u00ed BIS jako by po\u00a0vzoru Ha\u0161kova Pepka Vysko\u010de fungovala sp\u00ed\u0161e jako kolektor informac\u00ed o\u00a0\u201en\u00e1lad\u00e1ch mezi obyvatelstvem\u201c, o\u00a0potenci\u00e1ln\u011b vlivn\u00fdch hnut\u00edch, kter\u00e1 by moha ohrozit st\u00e1vaj\u00edc\u00ed vl\u00e1dn\u00ed garnituru, o\u00a0jejich p\u0159\u00edpadn\u00fdch v\u016fdc\u00edch a\u00a0mo\u017enostech jejich kompromitov\u00e1n\u00ed, ne\u017e jako spolehliv\u00fd a\u00a0relevantn\u00ed zdroj informac\u00ed pro nejvy\u0161\u0161\u00ed p\u0159edstavitele suver\u00e9nn\u00edho st\u00e1tu. A\u00a0tak\u00e9 jako centrum, jeho\u017e prost\u0159ednictv\u00edm jsou z\u00a0vn\u011bj\u0161ku zad\u00e1v\u00e1ny podrobn\u00e9 instrukce politick\u00fdm ka\u0161p\u00e1rk\u016fm, hraj\u00edc\u00edm si na p\u0159edstavitele \u010desk\u00e9 vl\u00e1dy k\u00a0\u201eprov\u00e1d\u011bn\u00ed opat\u0159en\u00ed\u201c na politick\u00e9 a\u00a0mocensk\u00e9 \u00farovni, garantuj\u00edc\u00edm \u201czachov\u00e1n\u00ed klidu na \u00fazem\u00ed monarchie\u201d.<\/p>\n<p>Tato role p\u0159esn\u011b zapad\u00e1 do st\u00e1le z\u0159eteln\u011bji se r\u00fdsuj\u00edc\u00ed PSYOP (speci\u00e1ln\u00ed psychologick\u00e1 a\u00a0informa\u010dn\u00ed operace), prov\u00e1d\u011bn\u00e9 dlouhodob\u011b na \u00fazem\u00ed \u010cR ze strany tzv.\u00a0\u201espojeneck\u00fdch\u201c zpravodajsk\u00fdch slu\u017eeb. C\u00edlem t\u00e9to, resp. cel\u00e9 \u0159ady (PSYOPS) operac\u00ed nen\u00ed nic men\u0161\u00edho, ne\u017e dlouhodob\u011b (u\u00a0n\u00e1s u\u017e 35 let) formovat a\u00a0udr\u017eovat \u201cpevnou ideologickou hr\u00e1z\u201d v\u00fdchodoevropsk\u00fdch a\u00a0pobaltsk\u00fdch koloni\u00ed proti Rusku a\u00a0p\u0159ipravovat jejich obyvatelstvo na roli \u201ckan\u00f3nenfutru\u201d v\u00a0budouc\u00ed v\u00e1lce, veden\u00e9, jak jinak, ve jm\u00e9nu demokracie a\u00a0evropsk\u00fdch hodnot. Co\u017e, p\u0159elo\u017eeno do jednoduch\u00e9 a\u00a0srozumiteln\u00e9 \u0159e\u010di, znamen\u00e1 likvidaci Rusk\u00e9 federace a\u00a0naprost\u00e9 v\u011bt\u0161iny jej\u00edch obyvatel ve jm\u00e9nu z\u00edsk\u00e1n\u00ed obrovsk\u00e9ho \u00fazem\u00ed b\u00fdval\u00e9 rusk\u00e9 \u0159\u00ed\u0161e a\u00a0bezprobl\u00e9mov\u00e9ho p\u0159\u00edstupu k\u00a0jej\u00edmu surovinov\u00e9mu bohatstv\u00ed.\u00a0<ins class=\"adsbygoogle\" data-ad-layout=\"in-article\" data-ad-format=\"fluid\" data-ad-client=\"ca-pub-7600221500005189\" data-ad-slot=\"3101230153\" data-adsbygoogle-status=\"done\" data-ad-status=\"filled\"><\/ins><\/p>\n<p>Mili\u00f3ny obyvatel zem\u00ed b\u00fdval\u00e9 Var\u0161avsk\u00e9 smlouvy, po\u00a0rozpadu SSSR nov\u011b vznikl\u00fdch pobaltsk\u00fdch st\u00e1te\u010dk\u016f a\u00a0\u201cpostradateln\u00fdch \u00fazem\u00ed\u201d z\u00e1padn\u00ed Evropy, p\u0159edev\u0161\u00edm N\u011bmecka a\u00a0Francie, kte\u0159\u00ed r\u00e1di a\u00a0jist\u011b plni v\u00e1le\u010dn\u00e9ho nad\u0161en\u00ed padnou v\u00a0t\u00e9to pro n\u011b naprosto ciz\u00ed v\u00e1lce, zem\u0159ou hlady, stanou se ob\u011b\u0165mi epidemi\u00ed (dnes zvl\u00e1dan\u00fdch) nemoc\u00ed, p\u0159\u00edpadn\u011b se disciplinovan\u011b \u201cvypa\u0159\u00ed\u201d p\u0159i\u00a0o\u010dek\u00e1vateln\u00fdch jadern\u00fdch \u00faderech, veden\u00fdch na vojensk\u00e9 c\u00edle na jejich \u00fazem\u00ed, budou u\u017e jen pouhou t\u0159e\u0161ni\u010dkou na dortu. Jak\u00fdmsi vedlej\u0161\u00edm bonusem v\u00a0re\u00e1ln\u011b existuj\u00edc\u00ed geopolitick\u00e9 agend\u011b, zam\u011b\u0159en\u00e9 na sni\u017eov\u00e1n\u00ed po\u010dtu obyvatelstva na\u0161\u00ed Zem\u011b.<\/p>\n<p><a href=\"https:\/\/www.prvnizpravy.cz\/zpravy\/politika\/stefec-jak-bis-vlastne-pracuje-ve-prospech-ceskeho-statu\/\"><em>plk. v. v. Ing.\u00a0<strong>Jaroslav \u0160tefec<\/strong>, CSc.<\/em><\/a><\/p>\n<p><img decoding=\"async\" loading=\"lazy\" class=\"alignnone size-medium wp-image-13906\" src=\"http:\/\/www.infokuryr.cz\/n\/wp-content\/uploads\/2022\/08\/stefec-257x300.jpg\" alt=\"\" width=\"257\" height=\"300\" srcset=\"https:\/\/www.infokuryr.cz\/n\/wp-content\/uploads\/2022\/08\/stefec-257x300.jpg 257w, https:\/\/www.infokuryr.cz\/n\/wp-content\/uploads\/2022\/08\/stefec.jpg 557w\" sizes=\"(max-width: 257px) 100vw, 257px\" \/><\/p>\n<p>&nbsp;<\/p>\n","protected":false},"excerpt":{"rendered":"<p>Narazil jsem na zaj\u00edmav\u00fd text, kter\u00fd \u010din\u00ed odpov\u011bdn\u00fdm za povod\u0148ov\u00e9 \u0161kody a\u00a0chyb\u011bj\u00edc\u00ed prevenci BIS, p\u00ed\u0161e&#8230;<\/p>\n","protected":false},"author":2,"featured_media":1180,"comment_status":"closed","ping_status":"closed","sticky":false,"template":"","format":"standard","meta":[],"categories":[6],"tags":[146,1503,187,387],"_links":{"self":[{"href":"https:\/\/www.infokuryr.cz\/n\/wp-json\/wp\/v2\/posts\/64252"}],"collection":[{"href":"https:\/\/www.infokuryr.cz\/n\/wp-json\/wp\/v2\/posts"}],"about":[{"href":"https:\/\/www.infokuryr.cz\/n\/wp-json\/wp\/v2\/types\/post"}],"author":[{"embeddable":true,"href":"https:\/\/www.infokuryr.cz\/n\/wp-json\/wp\/v2\/users\/2"}],"replies":[{"embeddable":true,"href":"https:\/\/www.infokuryr.cz\/n\/wp-json\/wp\/v2\/comments?post=64252"}],"version-history":[{"count":0,"href":"https:\/\/www.infokuryr.cz\/n\/wp-json\/wp\/v2\/posts\/64252\/revisions"}],"wp:featuredmedia":[{"embeddable":true,"href":"https:\/\/www.infokuryr.cz\/n\/wp-json\/wp\/v2\/media\/1180"}],"wp:attachment":[{"href":"https:\/\/www.infokuryr.cz\/n\/wp-json\/wp\/v2\/media?parent=64252"}],"wp:term":[{"taxonomy":"category","embeddable":true,"href":"https:\/\/www.infokuryr.cz\/n\/wp-json\/wp\/v2\/categories?post=64252"},{"taxonomy":"post_tag","embeddable":true,"href":"https:\/\/www.infokuryr.cz\/n\/wp-json\/wp\/v2\/tags?post=64252"}],"curies":[{"name":"wp","href":"https:\/\/api.w.org\/{rel}","templated":true}]}}