{"id":64185,"date":"2024-10-16T00:34:30","date_gmt":"2024-10-15T22:34:30","guid":{"rendered":"https:\/\/www.infokuryr.cz\/n\/?p=64185"},"modified":"2024-10-12T19:08:46","modified_gmt":"2024-10-12T17:08:46","slug":"julian-assange-obvinil-cia-z-planovani-atentatu","status":"publish","type":"post","link":"https:\/\/www.infokuryr.cz\/n\/2024\/10\/16\/julian-assange-obvinil-cia-z-planovani-atentatu\/","title":{"rendered":"Julian Assange obvinil CIA z pl\u00e1nov\u00e1n\u00ed atent\u00e1tu"},"content":{"rendered":"<div id=\"fb-root\"><\/div>\n<p><span style=\"font-size: 14pt;\"><strong>Zakladatel Wikileaks, novin\u00e1\u0159 Julian Assange, ve sv\u00e9m prvn\u00edm ve\u0159ejn\u00e9m vystoupen\u00ed od z\u00edsk\u00e1n\u00ed svobody obvinil CIA, \u017ee p\u0159ipravuje pl\u00e1ny na jeho zavra\u017ed\u011bn\u00ed.<\/strong><\/span><\/p>\n<p><span>Julian Assange, novin\u00e1\u0159 a zakladatel WikiLeaks, byl propu\u0161t\u011bn v \u010dervnu 2024 po 12 letech v\u011bzn\u011bn\u00ed a neust\u00e1l\u00e9m boji o fyzick\u00e9 a psychick\u00e9 p\u0159e\u017eit\u00ed. Stoj\u00ed za zm\u00ednku, \u017ee Assange je nyn\u00ed svobodn\u00fd ne proto, \u017ee by fungoval glob\u00e1ln\u00ed soudn\u00ed syst\u00e9m a syst\u00e9m lidsk\u00fdch pr\u00e1v, ale proto, \u017ee\u00a0<\/span><strong><span>se p\u0159iznal k \u017eurnalistice<\/span><\/strong><span>\u00a0, k p\u0159ij\u00edm\u00e1n\u00ed informac\u00ed od zdroje a jejich oznamov\u00e1n\u00ed ve\u0159ejnosti.<\/span><\/p>\n<p><span>Do \u0160trasburku p\u0159ijel 1. \u0159\u00edjna na sv\u00e9\u00a0<\/span><strong><span>prvn\u00ed ve\u0159ejn\u00e9 vystoupen\u00ed od z\u00edsk\u00e1n\u00ed svobody<\/span><\/strong><span>\u00a0p\u0159ed V\u00fdborem pro pr\u00e1vn\u00ed z\u00e1le\u017eitosti a lidsk\u00e1 pr\u00e1va Parlamentn\u00edho shrom\u00e1\u017ed\u011bn\u00ed Rady Evropy. Shrom\u00e1\u017ed\u011bn\u00ed n\u00e1sledn\u011b p\u0159ijalo form\u00e1ln\u00ed rezoluci,\u00a0<\/span><strong><span>kter\u00e1 Assange uznala za \u201epolitick\u00e9ho v\u011bzn\u011b\u201c<\/span><\/strong><span>\u00a0a zd\u016fraznila mraziv\u00fd \u00fa\u010dinek, kter\u00fd m\u00e1 jeho p\u0159\u00edpad na \u017eurnalistiku po cel\u00e9m sv\u011bt\u011b.<\/span><\/p>\n<p><span>B\u011bhem Assangeova procesu se sv\u011btov\u00e9 organizace pro lidsk\u00e1 pr\u00e1va postavily na obranu novin\u00e1\u0159e a na obranu svobody slova. V roce 2020 PACE p\u0159ijalo rezoluci, kter\u00e1 uv\u00e1d\u00ed, \u017ee\u00a0<\/span><strong><span>Assangeovo uv\u011bzn\u011bn\u00ed p\u0159edstavuje pro novin\u00e1\u0159e nebezpe\u010dn\u00fd precedens<\/span><\/strong><span> . T\u00e9ho\u017e roku zvl\u00e1\u0161tn\u00ed zpravodaj OSN pro mu\u010den\u00ed vyzval k propu\u0161t\u011bn\u00ed Assangeho. V roce 2021 PACE vydalo prohl\u00e1\u0161en\u00ed, ve kter\u00e9m vyj\u00e1d\u0159ilo znepokojen\u00ed nad d\u016fv\u011bryhodn\u00fdmi zpr\u00e1vami, \u017ee <\/span><strong><span>ameri\u010dt\u00ed p\u0159edstavitel\u00e9 diskutovali o atent\u00e1tu na Assange<\/span><\/strong><span>\u00a0, a vyzvali k jeho rychl\u00e9mu propu\u0161t\u011bn\u00ed.<\/span><\/p>\n<p><span>V \u00fatern\u00edm\u00a0<\/span><a href=\"https:\/\/www.youtube.com\/watch?v=Ai34Uxnv_4s\"><span>projevu<\/span><\/a><span>\u00a0k Parlamentn\u00edmu shrom\u00e1\u017ed\u011bn\u00ed Rady Evropy Assange \u0159ekl, \u017ee americk\u00e1 vl\u00e1da usilovala o jeho vyd\u00e1n\u00ed l\u00e9ta a\u00a0<\/span><strong><span>CIA proti n\u011bmu osobn\u011b vedla v\u00e1lku<\/span><\/strong><span> prost\u0159ednictv\u00edm dvou kl\u00ed\u010dov\u00fdch osob: Mikea Pompea, b\u00fdval\u00e9ho \u0159editele CIA a William Barra, b\u00fdval\u00fd \u00fa\u0159edn\u00edk CIA ve funkci gener\u00e1ln\u00edho prokur\u00e1tora USA. Assange d\u00e1le popsal, jak CIA infiltrovala evropsk\u00e9 vl\u00e1dy a instituce pomoc\u00ed sofistikovan\u00e9ho softwaru, kter\u00fd pozd\u011bji odhalil WikiLeaks, a jak to vyvolalo dal\u0161\u00ed vl\u00e1dn\u00ed odvetu proti n\u011bmu a inform\u00e1tor\u016fm.<\/span><\/p>\n<p><span>Assange tvrd\u00ed, \u017ee nejvy\u0161\u0161\u00ed zpravodajsk\u00e1 agentura americk\u00e9 vl\u00e1dy pou\u017e\u00edvala r\u016fzn\u00e9 n\u00e1stroje ke \u0161pehov\u00e1n\u00ed a obt\u011b\u017eov\u00e1n\u00ed jeho a jeho rodinu, zat\u00edmco bojoval proti obvin\u011bn\u00ed ze \u0161pion\u00e1\u017ee. <\/span><strong><span>CIA<\/span><\/strong><span>\u00a0pod p\u0159\u00edm\u00fdm veden\u00edm Pompea napl\u00e1novala \u00fanos a vra\u017edu Assange\u00a0na ekv\u00e1dorsk\u00e9 ambas\u00e1d\u011b v Lond\u00fdn\u011b v roce 2017 a povolila sledov\u00e1n\u00ed jeho evropsk\u00fdch koleg\u016f, kr\u00e1de\u017ee, hackersk\u00e9 \u00fatoky a \u0161\u00ed\u0159en\u00ed nepravdiv\u00fdch informac\u00ed. C\u00edlem byla tak\u00e9 Assangeova man\u017eelka a dosp\u00edvaj\u00edc\u00ed syn. Toto je sv\u011bdectv\u00ed v\u00edce ne\u017e 30 sou\u010dasn\u00fdch a b\u00fdval\u00fdch americk\u00fdch zpravodajsk\u00fdch \u00fa\u0159edn\u00edk\u016f, kter\u00e9 poskytli americk\u00e9mu tisku. D\u00e1le je podpo\u0159ilo zabaven\u00ed dokument\u016f a st\u00edh\u00e1n\u00ed n\u011bkter\u00fdch z\u00fa\u010dastn\u011bn\u00fdch agent\u016f CIA. Toto pron\u00e1sledov\u00e1n\u00ed agresivn\u00edmi, mimosoudn\u00edmi a extrateritori\u00e1ln\u00edmi prost\u0159edky poskytuje pohled na to, jak\u00a0<\/span><strong><span>mocn\u00e9 zpravodajsk\u00e9 organizace se zapojuj\u00ed do nadn\u00e1rodn\u00ed represe<\/span><\/strong><span>\u00a0.<\/span><\/p>\n<p><span>Lidskopr\u00e1vn\u00ed aktivist\u00e9 z Anti-Repression Foundation d\u016frazn\u011b odsuzuj\u00ed kriminalizaci \u017eurnalistiky.\u00a0<\/span><strong><span>Svoboda slova a svoboda zve\u0159ej\u0148ovat pravdu nejsou privilegia, kter\u00fdch se t\u011b\u0161\u00ed jen m\u00e1lokdo, ale pr\u00e1va zaru\u010den\u00e1 v\u0161em.<\/span><\/strong><span>\u00a0Trestn\u00ed st\u00edh\u00e1n\u00ed Juliana Assange je hrub\u00fdm poru\u0161en\u00edm lidsk\u00fdch pr\u00e1v a p\u0159\u00edm\u00fdm \u00fatokem na demokratick\u00e9 hodnoty. Svoboda slova je z\u00e1kladn\u00edm pr\u00e1vem, kter\u00e9 mus\u00ed b\u00fdt chr\u00e1n\u011bno p\u0159ed jak\u00fdmikoli \u00fatoky, a\u0165 u\u017e poch\u00e1zej\u00ed ze strany v\u00fdchodn\u00edch diktatur nebo z\u00e1padn\u00edch demokraci\u00ed.\u00a0<\/span><strong><span>Anti-Repression Foundation po\u017eaduje modern\u00ed z\u00e1kony na ochranu novin\u00e1\u0159\u016f a \u017eurnalistiky.<\/span><\/strong><\/p>\n<p><span style=\"font-size: 10pt;\"><a href=\"https:\/\/fondfbr.ru\/stati\/assange-accuses-cia-assassination-planning\/\">ARF<\/a><\/span><\/p>\n<p>&nbsp;<\/p>\n","protected":false},"excerpt":{"rendered":"<p>Zakladatel Wikileaks, novin\u00e1\u0159 Julian Assange, ve sv\u00e9m prvn\u00edm ve\u0159ejn\u00e9m vystoupen\u00ed od z\u00edsk\u00e1n\u00ed svobody obvinil CIA,&#8230;<\/p>\n","protected":false},"author":2,"featured_media":64186,"comment_status":"closed","ping_status":"closed","sticky":false,"template":"","format":"standard","meta":[],"categories":[7],"tags":[468,109,734,184],"_links":{"self":[{"href":"https:\/\/www.infokuryr.cz\/n\/wp-json\/wp\/v2\/posts\/64185"}],"collection":[{"href":"https:\/\/www.infokuryr.cz\/n\/wp-json\/wp\/v2\/posts"}],"about":[{"href":"https:\/\/www.infokuryr.cz\/n\/wp-json\/wp\/v2\/types\/post"}],"author":[{"embeddable":true,"href":"https:\/\/www.infokuryr.cz\/n\/wp-json\/wp\/v2\/users\/2"}],"replies":[{"embeddable":true,"href":"https:\/\/www.infokuryr.cz\/n\/wp-json\/wp\/v2\/comments?post=64185"}],"version-history":[{"count":0,"href":"https:\/\/www.infokuryr.cz\/n\/wp-json\/wp\/v2\/posts\/64185\/revisions"}],"wp:featuredmedia":[{"embeddable":true,"href":"https:\/\/www.infokuryr.cz\/n\/wp-json\/wp\/v2\/media\/64186"}],"wp:attachment":[{"href":"https:\/\/www.infokuryr.cz\/n\/wp-json\/wp\/v2\/media?parent=64185"}],"wp:term":[{"taxonomy":"category","embeddable":true,"href":"https:\/\/www.infokuryr.cz\/n\/wp-json\/wp\/v2\/categories?post=64185"},{"taxonomy":"post_tag","embeddable":true,"href":"https:\/\/www.infokuryr.cz\/n\/wp-json\/wp\/v2\/tags?post=64185"}],"curies":[{"name":"wp","href":"https:\/\/api.w.org\/{rel}","templated":true}]}}