{"id":64146,"date":"2024-10-13T00:42:41","date_gmt":"2024-10-12T22:42:41","guid":{"rendered":"https:\/\/www.infokuryr.cz\/n\/?p=64146"},"modified":"2024-10-12T15:58:19","modified_gmt":"2024-10-12T13:58:19","slug":"shromazdeni-a-pochod-za-propusteni-politickych-veznu-v-cr-9-10-2024","status":"publish","type":"post","link":"https:\/\/www.infokuryr.cz\/n\/2024\/10\/13\/shromazdeni-a-pochod-za-propusteni-politickych-veznu-v-cr-9-10-2024\/","title":{"rendered":"Shrom\u00e1\u017ed\u011bn\u00ed a pochod za propu\u0161t\u011bn\u00ed politick\u00fdch v\u011bz\u0148\u016f v \u010cR: 9. 10. 2024"},"content":{"rendered":"<div id=\"fb-root\"><\/div>\n<div class=\"entry-content\">\n<p><span style=\"font-size: 18pt;\"><strong>Dne 9. 10. 2024\u00a0 prob\u011bhlo na V\u00e1clavsk\u00e9m n\u00e1m\u011bst\u00ed protestn\u00ed shrom\u00e1\u017ed\u011bn\u00ed proti politick\u00fdm soudn\u00edm proces\u016fm v na\u0161\u00ed zemi.<\/strong><\/span><\/p>\n<p>Po<b>\u00a0<\/b>skon\u010den\u00ed projev\u016f u svat\u00e9ho V\u00e1clava vyrazil pochod v doprovodu bubn\u016f z V\u00e1clavsk\u00e9ho n\u00e1m\u011bst\u00ed na Kl\u00e1rov, kde byla demonstrace zakon\u010dena. V\u0161imli jste si toho ticha v na\u0161ich n\u00e1mi placen\u00fdch m\u00e9di\u00ed!!! Kdy\u017e kdejak\u00fd idiot si jde stoupnout p\u0159ed ruskou ambas\u00e1du, tak to na n\u00e1s chrl\u00ed ze v\u0161ech stran.<\/p>\n<p><img decoding=\"async\" loading=\"lazy\" class=\"entered litespeed-loaded aligncenter\" src=\"https:\/\/narodnidemokracie.cz\/wp-content\/uploads\/2024\/10\/1.jpg\" alt=\"\" width=\"459\" height=\"603\" data-lazyloaded=\"1\" data-src=\"https:\/\/narodnidemokracie.cz\/wp-content\/uploads\/2024\/10\/1.jpg\" data-ll-status=\"loaded\" \/><\/p>\n<p><img decoding=\"async\" loading=\"lazy\" class=\"entered litespeed-loaded aligncenter\" src=\"https:\/\/narodnidemokracie.cz\/wp-content\/uploads\/2024\/10\/2.jpg\" alt=\"\" width=\"800\" height=\"640\" data-lazyloaded=\"1\" data-src=\"https:\/\/narodnidemokracie.cz\/wp-content\/uploads\/2024\/10\/2.jpg\" data-ll-status=\"loaded\" \/><\/p>\n<p><img decoding=\"async\" loading=\"lazy\" class=\"entered litespeed-loaded aligncenter\" src=\"https:\/\/narodnidemokracie.cz\/wp-content\/uploads\/2024\/10\/3.jpg\" alt=\"\" width=\"800\" height=\"640\" data-lazyloaded=\"1\" data-src=\"https:\/\/narodnidemokracie.cz\/wp-content\/uploads\/2024\/10\/3.jpg\" data-ll-status=\"loaded\" \/><\/p>\n<p><img decoding=\"async\" loading=\"lazy\" class=\"entered litespeed-loaded aligncenter\" src=\"https:\/\/narodnidemokracie.cz\/wp-content\/uploads\/2024\/10\/4.jpg\" alt=\"\" width=\"460\" height=\"516\" data-lazyloaded=\"1\" data-src=\"https:\/\/narodnidemokracie.cz\/wp-content\/uploads\/2024\/10\/4.jpg\" data-ll-status=\"loaded\" \/><\/p>\n<\/div>\n<div class=\"entry-utils group\">\n<p><a href=\"https:\/\/narodnidemokracie.cz\/foto-shromazdeni-a-pochod-za-propusteni-politickych-veznu-v-cr-9-10-2024\/\">ZDROJ<\/a><\/p>\n<p>&nbsp;<\/p>\n<\/div>\n","protected":false},"excerpt":{"rendered":"<p>Dne 9. 10. 2024\u00a0 prob\u011bhlo na V\u00e1clavsk\u00e9m n\u00e1m\u011bst\u00ed protestn\u00ed shrom\u00e1\u017ed\u011bn\u00ed proti politick\u00fdm soudn\u00edm proces\u016fm v&#8230;<\/p>\n","protected":false},"author":2,"featured_media":64147,"comment_status":"closed","ping_status":"closed","sticky":false,"template":"","format":"standard","meta":[],"categories":[6],"tags":[5205,122,815],"_links":{"self":[{"href":"https:\/\/www.infokuryr.cz\/n\/wp-json\/wp\/v2\/posts\/64146"}],"collection":[{"href":"https:\/\/www.infokuryr.cz\/n\/wp-json\/wp\/v2\/posts"}],"about":[{"href":"https:\/\/www.infokuryr.cz\/n\/wp-json\/wp\/v2\/types\/post"}],"author":[{"embeddable":true,"href":"https:\/\/www.infokuryr.cz\/n\/wp-json\/wp\/v2\/users\/2"}],"replies":[{"embeddable":true,"href":"https:\/\/www.infokuryr.cz\/n\/wp-json\/wp\/v2\/comments?post=64146"}],"version-history":[{"count":1,"href":"https:\/\/www.infokuryr.cz\/n\/wp-json\/wp\/v2\/posts\/64146\/revisions"}],"predecessor-version":[{"id":64148,"href":"https:\/\/www.infokuryr.cz\/n\/wp-json\/wp\/v2\/posts\/64146\/revisions\/64148"}],"wp:featuredmedia":[{"embeddable":true,"href":"https:\/\/www.infokuryr.cz\/n\/wp-json\/wp\/v2\/media\/64147"}],"wp:attachment":[{"href":"https:\/\/www.infokuryr.cz\/n\/wp-json\/wp\/v2\/media?parent=64146"}],"wp:term":[{"taxonomy":"category","embeddable":true,"href":"https:\/\/www.infokuryr.cz\/n\/wp-json\/wp\/v2\/categories?post=64146"},{"taxonomy":"post_tag","embeddable":true,"href":"https:\/\/www.infokuryr.cz\/n\/wp-json\/wp\/v2\/tags?post=64146"}],"curies":[{"name":"wp","href":"https:\/\/api.w.org\/{rel}","templated":true}]}}