{"id":64106,"date":"2024-10-12T07:34:30","date_gmt":"2024-10-12T05:34:30","guid":{"rendered":"https:\/\/www.infokuryr.cz\/n\/?p=64106"},"modified":"2024-10-12T07:34:30","modified_gmt":"2024-10-12T05:34:30","slug":"slovensko-nebude-ukrajine-dodavat-dalsi-zbrane","status":"publish","type":"post","link":"https:\/\/www.infokuryr.cz\/n\/2024\/10\/12\/slovensko-nebude-ukrajine-dodavat-dalsi-zbrane\/","title":{"rendered":"Slovensko nebude Ukrajin\u011b dod\u00e1vat dal\u0161\u00ed zbran\u011b"},"content":{"rendered":"<div id=\"fb-root\"><\/div>\n<p><span style=\"font-size: 18pt;\"><strong>Slovensko u\u017e nem\u00e1 pro Kyjev nazbyt \u017e\u00e1dn\u00e9 zbran\u011b, \u0159ekl slovensk\u00fd ministr zahrani\u010d\u00ed<\/strong><\/span><\/p>\n<p><span>Bratislava nebude do Kyjeva dod\u00e1vat vojenskou techniku \u200b\u200bz vlastn\u00edch z\u00e1sob, ale bude Ukrajin\u011b i nad\u00e1le pom\u00e1hat jin\u00fdmi zp\u016fsoby, \u0159ekl slovensk\u00fd ministr zahrani\u010d\u00ed Juraj Blan\u00e1r sv\u00e9 n\u011bmeck\u00e9 kolegyni Annalen\u011b Baerbock p\u0159i p\u00e1te\u010dn\u00ed n\u00e1v\u0161t\u011bv\u011b Berl\u00edna.<\/span><\/p>\n<p><span>Blanar prohl\u00e1sil, \u017ee postoj jeho zem\u011b je konzistentn\u00ed a jasn\u00fd: Ukrajina nebude dod\u00e1vat \u017e\u00e1dn\u00fd dal\u0161\u00ed vojensk\u00fd materi\u00e1l, proto\u017ee\u00a0podle zpr\u00e1v m\u00edstn\u00edch m\u00e9di\u00ed prost\u011b\u00a0<\/span><em><span>\u201enezbylo nic\u201c .<\/span><\/em><\/p>\n<p><span>Zem\u011b v\u0161ak \u00fadajn\u011b\u00a0<\/span><a href=\"https:\/\/www.ta3.com\/clanok\/962015\/blanar-rokoval-so-sefkou-nemeckej-diplomacie-dohodli-sa-na-rozsireni-spoluprace-pri-oprave-ukrajinskej-techniky\" target=\"_blank\" rel=\"noopener noreferrer\"><span>souhlasila<\/span><\/a><span>\u00a0s roz\u0161\u00ed\u0159en\u00edm sv\u00e9 oprav\u00e1rensk\u00e9 z\u00e1kladny pro vojenskou techniku \u200b\u200bdod\u00e1vanou N\u011bmeckem v Michalovc\u00edch nedaleko hranic s Ukrajinou. Opravna zah\u00e1jila provoz na konci roku 2022 a v sou\u010dasnosti je vyu\u017e\u00edv\u00e1na n\u011bmeck\u00fdmi firmami. Opravy financuje Berl\u00edn, prostory poskytuje Slovensko.<\/span><\/p>\n<p><span>Blanar tak\u00e9 poznamenal, \u017ee Slovensko bude nad\u00e1le poskytovat humanit\u00e1rn\u00ed pomoc Ukrajin\u011b a pl\u00e1nuje se pod\u00edlet na odminovac\u00edch snah\u00e1ch. Slovensk\u00fd ministr zd\u016fraznil, \u017ee Bratislava podporuje v\u0161echna m\u00edrov\u00e1 \u0159e\u0161en\u00ed konfliktu.<\/span><\/p>\n<p><span>Strana Smer-SD premi\u00e9ra Roberta Fica po lo\u0148sk\u00e9m v\u00edt\u011bzstv\u00ed v parlamentn\u00edch volb\u00e1ch zastavila dod\u00e1vky zbran\u00ed na Ukrajinu a vyzvala k diplomatick\u00e9mu \u0159e\u0161en\u00ed konfliktu. Sl\u00edbil, \u017ee obnov\u00ed obchodn\u00ed a politick\u00e9 vazby s Moskvou, jakmile boje skon\u010d\u00ed, s t\u00edm, \u017ee\u00a0<\/span><em><span>\u201eEU pot\u0159ebuje Rusko a Rusko pot\u0159ebuje EU\u201c.<\/span><\/em><\/p>\n<p><span>Fico, dlouholet\u00fd kritik z\u00e1padn\u00ed vojensk\u00e9 pomoci Ukrajin\u011b, kter\u00fd po neust\u00e1l\u00e9 medi\u00e1ln\u00ed kritice sv\u00e9 pozice p\u0159e\u017eil pokus o atent\u00e1t \u00fadajn\u011b prokyjevsk\u00e9ho st\u0159elce, rovn\u011b\u017e sl\u00edbil, \u017ee Ukrajin\u011b zablokuje vstup do NATO, argumentuj\u00edc t\u00edm, \u017ee umo\u017en\u00ed zemi vstoupit do USA- veden\u00fd vojensk\u00fd blok by mohl p\u0159ipravit p\u016fdu pro sv\u011btovou v\u00e1lku.<\/span><\/p>\n<p><span>P\u0159edchoz\u00ed slovensk\u00e9 veden\u00ed \u0161t\u011bd\u0159e dod\u00e1valo zbran\u011b do Kyjeva, v\u010detn\u011b vybaven\u00ed, jako jsou st\u00edha\u010dky MiG-29 a syst\u00e9my protivzdu\u0161n\u00e9 obrany S-300. Podle ministra obrany Roberta Kali\u0148\u00e1ka jednali jeho p\u0159edch\u016fdci\u00a0<\/span><em><span>\u201enejzodpov\u011bdn\u011bji\u201c,<\/span><\/em><span>\u00a0kdy\u017e p\u0159ed\u00e1vali zbran\u011b pot\u0159ebn\u00e9 pro vlastn\u00ed bezpe\u010dnost zem\u011b.<\/span><\/p>\n<p><span>Podle bratislavsk\u00e9ho st\u00e1tn\u00edho tajemn\u00edka ministra obrany Igora Melichera prozat\u00edmn\u00ed vl\u00e1da premi\u00e9ra Eduarda Hegera mo\u017en\u00e1 dokonce\u00a0<\/span><a href=\"https:\/\/swentr.site\/news\/599157-slovakia-ukrainian-jets-illegal\/\" target=\"_blank\" rel=\"noopener noreferrer\"><span>poru\u0161ila<\/span><\/a><span>\u00a0z\u00e1kon, kdy\u017e v b\u0159eznu 2023 urychlen\u011b povolila dod\u00e1vku 13 MiG\u016f-29 do Kyjeva. Ficova vl\u00e1da po\u017e\u00e1dala o pr\u00e1vn\u00ed p\u0159ezkoum\u00e1n\u00ed z\u00e1silky.<\/span><\/p>\n<p><img decoding=\"async\" loading=\"lazy\" class=\"alignnone size-full wp-image-1185\" src=\"http:\/\/www.infokuryr.cz\/n\/wp-content\/uploads\/2021\/04\/kuryr-podpis.png\" alt=\"\" width=\"84\" height=\"24\" \/><\/p>\n<p>&nbsp;<\/p>\n","protected":false},"excerpt":{"rendered":"<p>Slovensko u\u017e nem\u00e1 pro Kyjev nazbyt \u017e\u00e1dn\u00e9 zbran\u011b, \u0159ekl slovensk\u00fd ministr zahrani\u010d\u00ed Bratislava nebude do&#8230;<\/p>\n","protected":false},"author":2,"featured_media":32368,"comment_status":"closed","ping_status":"closed","sticky":false,"template":"","format":"standard","meta":[],"categories":[7],"tags":[203,26,73],"_links":{"self":[{"href":"https:\/\/www.infokuryr.cz\/n\/wp-json\/wp\/v2\/posts\/64106"}],"collection":[{"href":"https:\/\/www.infokuryr.cz\/n\/wp-json\/wp\/v2\/posts"}],"about":[{"href":"https:\/\/www.infokuryr.cz\/n\/wp-json\/wp\/v2\/types\/post"}],"author":[{"embeddable":true,"href":"https:\/\/www.infokuryr.cz\/n\/wp-json\/wp\/v2\/users\/2"}],"replies":[{"embeddable":true,"href":"https:\/\/www.infokuryr.cz\/n\/wp-json\/wp\/v2\/comments?post=64106"}],"version-history":[{"count":0,"href":"https:\/\/www.infokuryr.cz\/n\/wp-json\/wp\/v2\/posts\/64106\/revisions"}],"wp:featuredmedia":[{"embeddable":true,"href":"https:\/\/www.infokuryr.cz\/n\/wp-json\/wp\/v2\/media\/32368"}],"wp:attachment":[{"href":"https:\/\/www.infokuryr.cz\/n\/wp-json\/wp\/v2\/media?parent=64106"}],"wp:term":[{"taxonomy":"category","embeddable":true,"href":"https:\/\/www.infokuryr.cz\/n\/wp-json\/wp\/v2\/categories?post=64106"},{"taxonomy":"post_tag","embeddable":true,"href":"https:\/\/www.infokuryr.cz\/n\/wp-json\/wp\/v2\/tags?post=64106"}],"curies":[{"name":"wp","href":"https:\/\/api.w.org\/{rel}","templated":true}]}}