{"id":64100,"date":"2024-10-12T07:02:57","date_gmt":"2024-10-12T05:02:57","guid":{"rendered":"https:\/\/www.infokuryr.cz\/n\/?p=64100"},"modified":"2024-10-12T07:02:57","modified_gmt":"2024-10-12T05:02:57","slug":"hrdina-ukrajiny-a-velitel-elitniho-praporu-k2-spustil-zaplavu-nadavek-a-sprostych-slov-na-zelenskeho","status":"publish","type":"post","link":"https:\/\/www.infokuryr.cz\/n\/2024\/10\/12\/hrdina-ukrajiny-a-velitel-elitniho-praporu-k2-spustil-zaplavu-nadavek-a-sprostych-slov-na-zelenskeho\/","title":{"rendered":"Hrdina Ukrajiny a velitel elitn\u00edho praporu K2 spustil z\u00e1plavu nad\u00e1vek a sprost\u00fdch slov na Zelensk\u00e9ho&#8230;"},"content":{"rendered":"<div id=\"fb-root\"><\/div>\n<h4>Hrdina Ukrajiny a velitel elitn\u00edho praporu K2 spustil z\u00e1plavu nad\u00e1vek a sprost\u00fdch slov na Zelensk\u00e9ho za to, \u017ee Ukrajina pr\u00fd v\u00edt\u011bz\u00ed a poustupuje k hranic\u00edm z 91. roku! Kirilo Veres to ozna\u010dil za \u201czasran\u00fd surrealismus\u201d a prohl\u00e1sil, \u017ee pr\u00e1v\u011b te\u010f ukrajinsk\u00e1 arm\u00e1da ustupuje sedmim\u00edlov\u00fdmi kroky! Tak tohle video na \u010cesk\u00e9 televizi neuvid\u00edte!<\/h4>\n<p>Ukrajinsk\u00fd b\u00fdval\u00fd prezident se tento t\u00fdden vydal na turn\u00e9 po Evrop\u011b a politick\u00fdm \u0161pi\u010dk\u00e1m nab\u00edzel sv\u016fj\u00a0<em>Pl\u00e1n v\u00edt\u011bzstv\u00ed<\/em>, kter\u00fd spo\u010d\u00edv\u00e1 v pozv\u00e1n\u00ed Ukrajiny do NATO jako kandid\u00e1tsk\u00e9 zem\u011b, v bezpe\u010dnostn\u00edch garanc\u00edch Ukrajiny podle vzoru \u010dl\u00e1nku 5 kolektivn\u00ed smlouvy NATO a ve vyzbrojen\u00ed Ukrajiny nejmodern\u011bj\u0161\u00edmi zbran\u011bmi, zat\u00edmco na Ukrajin\u011b bude vyhl\u00e1\u0161eno p\u0159\u00edm\u011b\u0159\u00ed, a to ji\u017e koncem tohoto roku, nebo nejpozd\u011bji p\u0159\u00ed\u0161t\u00ed rok 2025. B\u011bhem t\u011bchto n\u00e1v\u0161t\u011bv padaj\u00ed \u0161\u00edlen\u00e9 v\u00fdroky a mezi nimi i tvrzen\u00ed, \u017ee ukrajinsk\u00e1 arm\u00e1da v\u00edt\u011bz\u00ed a postupuje k hranic\u00edm Ukrajiny z roku 1991 p\u0159i vytla\u010dov\u00e1n\u00ed rusk\u00fdch vojsk.<\/p>\n<p>&nbsp;<\/p>\n<div id=\"rumble_v5g3m5p\">\n<div id=\"vid_v5g3m5p\" class=\"rumble_v5g3m5p-Rumble-cls\" tabindex=\"-1\">\n<div class=\"bigPlayUI ctp\"><div class='videoWrapper'>\r\n\t            <iframe src='https:\/\/rumble.com\/embed\/pj.v5g3m5p\/' frameborder='0' allowfullscreen><\/iframe>\r\n\t        <\/div><\/p>\n<div class=\"bigPlayUIInner ctp\"><\/div>\n<\/div>\n<\/div>\n<\/div>\n<p>&nbsp;<\/p>\n<p>Na tyto l\u017ei a doslova bl\u00e1boly a poh\u00e1dky jsme si u\u017e v Evrop\u011b tak n\u011bjak zvykli, ale tato slova tento t\u00fdden doslova rozzu\u0159ila k nep\u0159\u00ed\u010detnosti\u00a0<strong>[<a href=\"https:\/\/href.li\/?https:\/\/en.topwar.ru\/251752-ukrainskij-kombat-my-tretij-god-idem-na-granicy-1991-goda-a-poluchaetsja-v-obratnom-napravlenii.html\" target=\"_blank\" rel=\"nofollow noopener\">1<\/a>]<\/strong>\u00a0velitele elitn\u00edho n\u00e1ckovsk\u00e9ho praporu K2 54. brig\u00e1dy AFU a dr\u017eitele vyznamen\u00e1n\u00ed Hrdina Ukrajiny za bojov\u00e9 operace p\u0159i obran\u011b Marinky, pplk. Kirila Verese. Ten se v posledn\u00edm\u00a0<em>walk-castu<\/em>\u00a0roz\u010d\u00edlil na dotaz, co pr\u00fd \u0159\u00edk\u00e1 na Zelensk\u00e9ho slova o hranic\u00edch z roku 1991 a spustil doslova z\u00e1plavu sprost\u00fdch slov na adresu nejen Zelensk\u00e9ho, ale v\u0161ech propagandist\u016f na Ukrajin\u011b.<\/p>\n<p><strong>Podle Verese jde o l\u017ei, proto\u017ee k \u017e\u00e1dn\u00fdm hranic\u00edm z roku 1991 se nepostupuje, ve skute\u010dnosti je to pr\u00fd tak, \u017ee od roku 2023 vlastn\u011b ukrajinsk\u00e1 arm\u00e1da postupuje k hranic\u00edm opa\u010dn\u00fdm sm\u011brem<\/strong>, tedy postupuje od hranic nam\u00edsto k hranic\u00edm. A nen\u00ed to nijak pomal\u00fd \u00fastup, je to\u00a0<strong>\u00fastup sedmim\u00edlov\u00fdmi kroky<\/strong>. Na z\u00e1v\u011br se pt\u00e1, kdo t\u011bmto l\u017e\u00edm vlastn\u011b v\u016fbec je\u0161t\u011b dnes v\u011b\u0159\u00ed?<\/p>\n<h6><span style=\"font-size: 18pt;\">Hrdina Ukrajiny od Marinky ozna\u010dil Zelensk\u00e9ho v\u00fdroky o hranic\u00edch z roku 1991 za\u00a0<em>zasran\u00fd surrealismus<\/em><\/span><\/h6>\n<p>Z\u00e1padn\u00ed m\u00e9dia maj\u00ed obrovskou pohotovost v posledn\u00edch dnech a t\u00fddnech, proto\u017ee postupn\u011b jsou nucena m\u011bnit narativ a zpravodajstv\u00ed pomalu p\u0159ipravuje ve\u0159ejnost na nep\u0159\u00edli\u0161 dobr\u00e9 zpr\u00e1vy ohledn\u011b Ukrajiny. Hrdina Ukrajiny Kirilo Veres je na Ukrajin\u011b celebrita form\u00e1tu a zn\u00e1mosti Petra Pavla v \u010cR, je to figura vychvalovan\u00e1 jako jeden z nejv\u011bt\u0161\u00edch hrdin\u016f z obr\u00e1nc\u016f Marinky, ukrajinsk\u00e9 pevnosti v Don\u011bck\u00e9 lidov\u00e9 republice, kterou AFU pod velen\u00edm Verese znovu z\u00edskala v b\u0159eznu 2022 pod svoji kontrolu. Rusk\u00e1 arm\u00e1da nakonec Marinku obsadila a\u017e v prosinci lo\u0148sk\u00e9ho roku.<\/p>\n<figure id=\"attachment_61282\" class=\"wp-caption aligncenter\" style=\"width: 697px;\"><a href=\"https:\/\/aeronet.news\/wp-content\/uploads\/KirillVeresHeroOfUkraine.jpg\"><img decoding=\"async\" loading=\"lazy\" class=\"wp-image-61282 \" src=\"https:\/\/aeronet.news\/wp-content\/uploads\/KirillVeresHeroOfUkraine-1024x683.jpg\" sizes=\"(max-width: 700px) 100vw, 700px\" srcset=\"https:\/\/aeronet.news\/wp-content\/uploads\/KirillVeresHeroOfUkraine-1024x683.jpg 1024w, https:\/\/aeronet.news\/wp-content\/uploads\/KirillVeresHeroOfUkraine-300x200.jpg 300w, https:\/\/aeronet.news\/wp-content\/uploads\/KirillVeresHeroOfUkraine-768x512.jpg 768w, https:\/\/aeronet.news\/wp-content\/uploads\/KirillVeresHeroOfUkraine-700x467.jpg 700w, https:\/\/aeronet.news\/wp-content\/uploads\/KirillVeresHeroOfUkraine-535x357.jpg 535w, https:\/\/aeronet.news\/wp-content\/uploads\/KirillVeresHeroOfUkraine-724x483.jpg 724w, https:\/\/aeronet.news\/wp-content\/uploads\/KirillVeresHeroOfUkraine.jpg 1042w\" alt=\"\" width=\"697\" height=\"465\" \/><\/a><figcaption class=\"wp-caption-text\">Kirilo Veres p\u0159eb\u00edr\u00e1 \u0159\u00e1d Hrdina Ukrajiny od Volodymyra Zelensk\u00e9ho<\/figcaption><\/figure>\n<p>Veres za obranu Marinky dostal v roce 2022 \u0159\u00e1d Hrdina Ukrajiny\u00a0<strong>[<a href=\"https:\/\/href.li\/?https:\/\/uk.wikipedia.org\/wiki\/%D0%92%D0%B5%D1%80%D0%B5%D1%81_%D0%9A%D0%B8%D1%80%D0%B8%D0%BB%D0%BE_%D0%9A%D0%B8%D1%80%D0%B8%D0%BB%D0%BE%D0%B2%D0%B8%D1%87\" target=\"_blank\" rel=\"nofollow noopener\">2<\/a>]<\/strong>\u00a0za to, \u017ee osobn\u011b za\u0159\u00eddil zni\u010den\u00ed dvou rusk\u00fdch tank\u016f a dvou transport\u00e9r\u016f. Krom\u011b toho obdr\u017eel K\u0159\u00ed\u017e za vojensk\u00e9 z\u00e1sluhy a \u0158\u00e1d Bohdana Chmelnick\u00e9ho I., II. a III. stupn\u011b. Na Ukrajin\u011b je pova\u017eov\u00e1n za jednoho z nejv\u011bt\u0161\u00edch hrdin\u016f AFU od po\u010d\u00e1tku rusk\u00e9 SVO na Ukrajin\u011b.<\/p>\n<p>A te\u010f si pus\u0165te naho\u0159e video a poslechn\u011bte si, co \u0159\u00edk\u00e1 o Zelensk\u00e9ho \u201c<em>v\u00edt\u011bzn\u00e9m ta\u017een\u00ed<\/em>\u201d k hranic\u00edm Ukrajiny z roku 1991.\u00a0<strong>Tato videa jsou pro ukrajinskou juntu velmi nebezpe\u010dn\u00e1, proto\u017ee se nedaj\u00ed nijak vyvracet a jejich auto\u0159i dehonestovat.<\/strong>\u00a0Pokud Hrdinov\u00e9 Ukrajiny \u0159\u00edkaj\u00ed, \u017ee ukrajinsk\u00e1 vojska ustupuj\u00ed od sv\u00fdch hranic sedmim\u00edlov\u00fdmi kroky, tak to je prost\u011b realita a fakt, kter\u00fd nelze vyvr\u00e1tit a nejde prost\u011b pop\u0159\u00edt.<\/p>\n<h6><span style=\"font-size: 18pt;\">Pro USA a Deep State je v\u011bt\u0161\u00ed hrozbou \u00cdr\u00e1n a \u010c\u00edna, nikoliv Rusko<\/span><\/h6>\n<p>Co je ale mo\u017en\u00e9 ud\u011blat, je znep\u0159\u00edstupnit tato videa ve\u0159ejnosti, prost\u011b v r\u00e1mci v\u00e1le\u010dn\u00e9 cenzury je ud\u011blat nedostupn\u00fdmi\u00a0apod. To se t\u00fdk\u00e1 p\u0159edev\u0161\u00edm Fialovy junty v \u010cR, kter\u00e1 projela krajsk\u00e9 a sen\u00e1tn\u00ed volby na cel\u00e9 \u010d\u00e1\u0159e, projela i evropsk\u00e9 volby a te\u010f po volb\u00e1ch v USA dojde k p\u0159ehozen\u00ed americk\u00e9 v\u00fdhybky z Ukrajiny sm\u011brem na Bl\u00edzk\u00fd v\u00fdchod a \u010c\u00ednu. A Fialova parti\u010dka vlo\u017eila do Ukrajiny obrovsk\u00fd kapit\u00e1l, a t\u00edm mysl\u00edm nejen politick\u00fd, ale i ten skute\u010dn\u00fd, finan\u010dn\u00ed. A to na \u00fakor \u010desk\u00fdch dom\u00e1cnost\u00ed, ob\u010dan\u016f, pr\u016fmyslu a d\u016fchodc\u016f. Bude proto vyv\u00edjena snaha znovu uml\u010dovat opozi\u010dn\u00ed m\u00e9dia, kter\u00e1 budou po kapitulaci Ukrajiny na koni.<\/p>\n<figure id=\"attachment_61107\" class=\"wp-caption aligncenter\" style=\"width: 688px;\"><a href=\"https:\/\/aeronet.news\/wp-content\/uploads\/zelensky-speaks-unga.jpg\"><img decoding=\"async\" loading=\"lazy\" class=\"wp-image-61107 \" src=\"https:\/\/aeronet.news\/wp-content\/uploads\/zelensky-speaks-unga-1024x576.jpg\" sizes=\"(max-width: 700px) 100vw, 700px\" srcset=\"https:\/\/aeronet.news\/wp-content\/uploads\/zelensky-speaks-unga-1024x576.jpg 1024w, https:\/\/aeronet.news\/wp-content\/uploads\/zelensky-speaks-unga-300x169.jpg 300w, https:\/\/aeronet.news\/wp-content\/uploads\/zelensky-speaks-unga-768x432.jpg 768w, https:\/\/aeronet.news\/wp-content\/uploads\/zelensky-speaks-unga-700x394.jpg 700w, https:\/\/aeronet.news\/wp-content\/uploads\/zelensky-speaks-unga-635x357.jpg 635w, https:\/\/aeronet.news\/wp-content\/uploads\/zelensky-speaks-unga-859x483.jpg 859w, https:\/\/aeronet.news\/wp-content\/uploads\/zelensky-speaks-unga.jpg 1280w\" alt=\"\" width=\"688\" height=\"387\" \/><\/a><figcaption class=\"wp-caption-text\">Zelensk\u00fd se u\u017e chyst\u00e1 na zm\u011bny v B\u00edl\u00e9m dom\u011b. Ukrajina ji\u017e nebude pro USA prioritou<\/figcaption><\/figure>\n<p>P\u0159\u00edm\u011b\u0159\u00ed na Ukrajin\u011b bude vynucen\u00e9 okolnostmi na Bl\u00edzk\u00e9m v\u00fdchod\u011b, situac\u00ed v USA, prioritami americk\u00e9ho Deep State, ale jak u\u017e jsem p\u0159edes\u00edlal na SVCS v p\u00e1tek, p\u016fjde p\u0159edev\u0161\u00edm o po\u010d\u00e1tek odsunu USA z Evropy a po\u010d\u00e1tek konce NATO, kter\u00e9 bude transformov\u00e1no na Evropskou arm\u00e1du.<\/p>\n<p>Abyste rozum\u011bli, Rusko pro USA nep\u0159edstavuje bezpe\u010dnostn\u00ed hrozbu, na rozd\u00edl od \u00cdr\u00e1nu a de facto i \u010c\u00edny. Tohle unik\u00e1 mnoha koment\u00e1tor\u016fm a analytik\u016fm, \u017ee \u010c\u00edna hraje dvoj\u00ed hru.\u00a0<strong>\u010c\u00edn\u011b vyhovuje v\u00e1lka Ruska na Ukrajin\u011b, proto\u017ee ta v\u00e1lka pout\u00e1 v Evrop\u011b a na ukrajinsk\u00e9m boji\u0161ti obrovsk\u00e9 americk\u00e9 zdroje a prost\u0159edky<\/strong>, kter\u00e9 by jinak dozajista byly p\u0159esm\u011brov\u00e1ny proti \u010c\u00edn\u011b na jej\u00ed zadr\u017een\u00ed v jihov\u00fdchodn\u00ed Asii. Ch\u00e1pete?<\/p>\n<h6><span style=\"font-size: 18pt;\">\u010c\u00edna hraje dvoj\u00ed hru a nechce rychl\u00e9 ukon\u010den\u00ed v\u00e1lky na Ukrajin\u011b<\/span><\/h6>\n<p>Proto \u010c\u00edna sice pom\u00e1h\u00e1 Rusku, aby v\u00e1lka na\u00a0<em>O\u0161kubanin\u011b<\/em>\u00a0trvala, ale ne tolik pomoci, aby Rusko rychle vyhr\u00e1lo! To je ten trik a hlavn\u00ed smysl \u010d\u00ednsk\u00e9ho spojenectv\u00ed s Ruskem. Peking toti\u017e usiluje o co nejdel\u0161\u00ed prodlou\u017een\u00ed v\u00e1lky na Ukrajin\u011b, co\u017e teoreticky vyhovuje i Moskv\u011b, ov\u0161em pozor\u2026 pouze v p\u0159\u00edpad\u011b, \u017ee se nenajde dohoda s USA. A dohoda s USA na neutralit\u011b Ukrajiny a na dal\u0161\u00edch podm\u00ednk\u00e1ch by \u00fapln\u011b zm\u011bnila situaci.<\/p>\n<p>Proto \u010c\u00edna usiluje o zvolen\u00ed Kamaly Harris v USA, kter\u00e1 slibuje podporu Kyjevu a pos\u00edlen\u00ed zbrojn\u00edch dod\u00e1vek Ukrajin\u011b proti Rusku bez omezen\u00ed. To je v\u0161ak v p\u0159\u00edm\u00e9m rozporu se z\u00e1jmy Izraele, kter\u00fd se bez Donalda Trumpa nejen neobejde, ale bez americk\u00e9 pomoci bude bezpe\u010dnost Izraele ohro\u017eena pot\u00e9, co Izrael rozpoutal od lo\u0148sk\u00e9ho \u0159\u00edjna v Gaze a te\u010f v Libanonu hotov\u00e9 peklo, kter\u00e9 bez americk\u00e9 pomoci m\u016f\u017ee skon\u010dit peklem pro samotn\u00fd Izrael. A pokud jde o priority, americk\u00fd Kongres m\u00e1 za daleko v\u011bt\u0161\u00ed prioritu pomoc Izraeli ne\u017e Ukrajin\u011b.<\/p>\n<figure id=\"attachment_34365\" class=\"wp-caption aligncenter\" style=\"width: 689px;\"><a href=\"https:\/\/aeronet.news\/wp-content\/uploads\/trump-netanhyahou-260319.jpeg\"><img decoding=\"async\" loading=\"lazy\" class=\"wp-image-34365 \" src=\"https:\/\/aeronet.news\/wp-content\/uploads\/trump-netanhyahou-260319-1024x578.jpeg\" sizes=\"(max-width: 700px) 100vw, 700px\" srcset=\"https:\/\/aeronet.news\/wp-content\/uploads\/trump-netanhyahou-260319.jpeg 1024w, https:\/\/aeronet.news\/wp-content\/uploads\/trump-netanhyahou-260319-300x169.jpeg 300w, https:\/\/aeronet.news\/wp-content\/uploads\/trump-netanhyahou-260319-768x434.jpeg 768w, https:\/\/aeronet.news\/wp-content\/uploads\/trump-netanhyahou-260319-700x395.jpeg 700w, https:\/\/aeronet.news\/wp-content\/uploads\/trump-netanhyahou-260319-632x357.jpeg 632w, https:\/\/aeronet.news\/wp-content\/uploads\/trump-netanhyahou-260319-856x483.jpeg 856w\" alt=\"\" width=\"689\" height=\"390\" \/><\/a><figcaption class=\"wp-caption-text\">Trump v roce 2019 podepsal Bibimu prezidentsk\u00fd dekret, kter\u00fdm USA uzn\u00e1vaj\u00ed Golansk\u00e9 v\u00fd\u0161iny v S\u00fdrii za anektovan\u00e9 a Izraeli p\u0159iznan\u00e9 \u00fazem\u00ed<\/figcaption><\/figure>\n<p>Zkr\u00e1tka pro USA je v\u011bt\u0161\u00ed hrozbou \u00cdr\u00e1n a \u010c\u00edna, ne Rusko. A od tohoto se bude odv\u00edjet v\u00fdsledek americk\u00fdch voleb 5. listopadu. A pr\u00e1v\u011b proto na Ukrajin\u011b za\u010d\u00ednaj\u00ed zazn\u00edvat tato slova jako od Kirila Verese. Prost\u011b postup AFU k hranic\u00edm Ukrajiny se nekon\u00e1, ve skute\u010dnosti Ukrajinci ut\u00edkaj\u00ed, resp. ustupuj\u00ed sedmim\u00edlov\u00fdmi kroky, co\u017e je to sam\u00e9, jen jin\u00fdmi slovy.<\/p>\n<p><strong>Proto je jasn\u00e9, \u017ee i m\u00e9dia v Evrop\u011b a v \u010cR za\u010d\u00ednaj\u00ed obracet narativ, pomalu a opatrn\u011b, proto\u017ee dynamika v\u00e1lky je dan\u00e1 a Rusov\u00e9 vyhraj\u00ed tuto v\u00e1lku na Ukrajin\u011b.<\/strong>\u00a0Nikdy o tom nebylo pochyb. A pro bezpe\u010dnost cel\u00e9 Evropy. Ukrajina mus\u00ed b\u00fdt neutr\u00e1ln\u00ed a do Evropsk\u00e9 unie m\u016f\u017ee vstoupit a\u017e po d\u016fkladn\u00e9 denacifikaci Ukrajiny. A to bude hodn\u011b t\u011b\u017ek\u00fd \u00fakol. Je dokonce pravd\u011bpodobn\u00e9, \u017ee za\u017eijeme dal\u0161\u00ed atent\u00e1t na Donalda Trumpa z rukou Ukrajinc\u016f. Anebo z rukou n\u011bkoho, kdo to na Ukrajince potom hod\u00ed, jako sabot\u00e1\u017ee plynovod\u016f Nord Stream.<\/p>\n<h6><span style=\"font-size: 18pt;\">V Evrop\u011b a v USA nen\u00ed vylou\u010deno nic, ani zast\u0159elen\u00ed Trumpa po jeho zvolen\u00ed!<\/span><\/h6>\n<p>Nacifikace Evropy za\u0161la opravdu daleko a nen\u00ed jasn\u00e9, jestli zast\u00e1nci v\u00e1lky s Ruskem nez\u00edskali ji\u017e tolik sil, \u017ee budou m\u00edt i s\u00edlu zhatit p\u0159\u00edm\u011b\u0159\u00ed a opravdu odp\u00e1l\u00ed rakety dlouh\u00e9ho doletu proti Rusku, co\u017e povede k rusk\u00fdm odvetn\u00fdm \u00fader\u016fm na z\u00e1kladny NATO v Rumunsku, odkud budou \u0159\u00edzeny britsk\u00e9 rakety, p\u0159\u00edpadn\u011b jin\u00e9 rakety. Mus\u00edme m\u00edt na pam\u011bti, \u017ee prob\u00edh\u00e1 tandemov\u00e9 \u0159\u00edzen\u00ed a globalist\u00e9 a americk\u00fd n\u00e1rodn\u00ed prediktor se p\u0159etahuj\u00ed o kontrolu proces\u016f \u0159\u00edzen\u00ed nad globalizac\u00ed, p\u0159i\u010dem\u017e k tomu pou\u017e\u00edvaj\u00ed spole\u010dn\u00e9 kon\u011b, spole\u010dn\u00e9 politiky, spole\u010dn\u00e9 kobyly, kter\u00e9 pracuj\u00ed pro oba prediktory.<\/p>\n<figure id=\"attachment_60360\" class=\"wp-caption aligncenter\" style=\"width: 695px;\"><a href=\"https:\/\/aeronet.news\/wp-content\/uploads\/TrumpWesternWall.jpg\"><img decoding=\"async\" loading=\"lazy\" class=\"wp-image-60360 \" src=\"https:\/\/aeronet.news\/wp-content\/uploads\/TrumpWesternWall-1024x668.jpg\" sizes=\"(max-width: 700px) 100vw, 700px\" srcset=\"https:\/\/aeronet.news\/wp-content\/uploads\/TrumpWesternWall-1024x668.jpg 1024w, https:\/\/aeronet.news\/wp-content\/uploads\/TrumpWesternWall-300x196.jpg 300w, https:\/\/aeronet.news\/wp-content\/uploads\/TrumpWesternWall-768x501.jpg 768w, https:\/\/aeronet.news\/wp-content\/uploads\/TrumpWesternWall-700x457.jpg 700w, https:\/\/aeronet.news\/wp-content\/uploads\/TrumpWesternWall-100x65.jpg 100w, https:\/\/aeronet.news\/wp-content\/uploads\/TrumpWesternWall-547x357.jpg 547w, https:\/\/aeronet.news\/wp-content\/uploads\/TrumpWesternWall-740x483.jpg 740w, https:\/\/aeronet.news\/wp-content\/uploads\/TrumpWesternWall.jpg 1280w\" alt=\"\" width=\"695\" height=\"454\" \/><\/a><figcaption class=\"wp-caption-text\">Toto je pro Trumpova priorita a na to se mus\u00ed Bl\u00edzk\u00fd v\u00fdchod p\u0159ipravit<\/figcaption><\/figure>\n<p>Jednou tak, podruh\u00e9 tak. Jen si v\u0161\u00edmejte politik\u016f, jak st\u0159\u00eddaj\u00ed narativy ka\u017edou chv\u00edli. Pro m\u00edr tuhle dnes, pro dod\u00e1vky zbran\u00ed Ukrajin\u011b t\u00e1mhle z\u00edtra. Pro spolupr\u00e1ci s Ruskem tuhle, pro dal\u0161\u00ed sankce proti Rusku t\u00e1mhle.\u00a0<strong>Prost\u011b nehledejte \u010dern\u00e9 a b\u00edl\u00e9 kon\u011b, nebo \u010dern\u00e9 a b\u00edl\u00e9 klobouky \u2013 nikdy neexistovaly!<\/strong>\u00a0Posledn\u00ed b\u00edl\u00fd klobouk v USA m\u011bl na sob\u011b Al Capone! A ten rozhodn\u011b ned\u011blal charitu. V konceptu\u00e1ln\u00ed rovin\u011b pracuj\u00ed pouze \u0161ed\u00e9 kobyly a \u0161ed\u00ed kon\u011b. Kdy\u017e toto pochop\u00edte, postoup\u00edte v konceptu\u00e1ln\u00ed gramatice o jeden level v\u00fd\u0161e. A j\u00e1 jen dod\u00e1m, \u017ee je na\u010dase!<\/p>\n<p><a href=\"https:\/\/aeronet.news\/hrdina-ukrajiny-a-velitel-elitniho-praporu-k2-spustil-zaplavu-nadavek-a-sprostych-slov-na-zelenskeho-za-to-ze-ukrajina-pry-vitezi-a-poustupuje-k-hranicim-z-91-roku\/\">-VK-<\/a><\/p>\n<p>&nbsp;<\/p>\n","protected":false},"excerpt":{"rendered":"<p>Hrdina Ukrajiny a velitel elitn\u00edho praporu K2 spustil z\u00e1plavu nad\u00e1vek a sprost\u00fdch slov na Zelensk\u00e9ho&#8230;<\/p>\n","protected":false},"author":2,"featured_media":64101,"comment_status":"closed","ping_status":"closed","sticky":false,"template":"","format":"standard","meta":[],"categories":[6],"tags":[1042,122,3526,1000],"_links":{"self":[{"href":"https:\/\/www.infokuryr.cz\/n\/wp-json\/wp\/v2\/posts\/64100"}],"collection":[{"href":"https:\/\/www.infokuryr.cz\/n\/wp-json\/wp\/v2\/posts"}],"about":[{"href":"https:\/\/www.infokuryr.cz\/n\/wp-json\/wp\/v2\/types\/post"}],"author":[{"embeddable":true,"href":"https:\/\/www.infokuryr.cz\/n\/wp-json\/wp\/v2\/users\/2"}],"replies":[{"embeddable":true,"href":"https:\/\/www.infokuryr.cz\/n\/wp-json\/wp\/v2\/comments?post=64100"}],"version-history":[{"count":0,"href":"https:\/\/www.infokuryr.cz\/n\/wp-json\/wp\/v2\/posts\/64100\/revisions"}],"wp:featuredmedia":[{"embeddable":true,"href":"https:\/\/www.infokuryr.cz\/n\/wp-json\/wp\/v2\/media\/64101"}],"wp:attachment":[{"href":"https:\/\/www.infokuryr.cz\/n\/wp-json\/wp\/v2\/media?parent=64100"}],"wp:term":[{"taxonomy":"category","embeddable":true,"href":"https:\/\/www.infokuryr.cz\/n\/wp-json\/wp\/v2\/categories?post=64100"},{"taxonomy":"post_tag","embeddable":true,"href":"https:\/\/www.infokuryr.cz\/n\/wp-json\/wp\/v2\/tags?post=64100"}],"curies":[{"name":"wp","href":"https:\/\/api.w.org\/{rel}","templated":true}]}}