{"id":64073,"date":"2024-10-12T00:41:22","date_gmt":"2024-10-11T22:41:22","guid":{"rendered":"https:\/\/www.infokuryr.cz\/n\/?p=64073"},"modified":"2024-10-11T15:47:08","modified_gmt":"2024-10-11T13:47:08","slug":"vetsina-nemcu-chce-aby-kancler-scholz-obnovil-rozhovory-s-putinem-o-ukonceni-valky-na-ukrajine","status":"publish","type":"post","link":"https:\/\/www.infokuryr.cz\/n\/2024\/10\/12\/vetsina-nemcu-chce-aby-kancler-scholz-obnovil-rozhovory-s-putinem-o-ukonceni-valky-na-ukrajine\/","title":{"rendered":"V\u011bt\u0161ina N\u011bmc\u016f chce, aby kancl\u00e9\u0159 Scholz obnovil rozhovory s Putinem o ukon\u010den\u00ed v\u00e1lky na Ukrajin\u011b"},"content":{"rendered":"<div id=\"fb-root\"><\/div>\n<h2 class=\"s-tagline fw-tagline\"><span>Podle nov\u00e9ho pr\u016fzkumu si t\u00e9m\u011b\u0159 6 z 10 N\u011bmc\u016f p\u0159eje, aby Scholz zvedl Putinovi telefon a usnadnil m\u00edrov\u00e1 jedn\u00e1n\u00ed p\u0159ed summitem G20 p\u0159\u00ed\u0161t\u00ed m\u011bs\u00edc v Rio de Janeiro<\/span><\/h2>\n<p><span>V\u011bt\u0161ina N\u011bmc\u016f je pro obnoven\u00ed p\u0159\u00edm\u00e9 komunikace kancl\u00e9\u0159e Olafa Scholze s rusk\u00fdm prezidentem Vladimirem Putinem po t\u00e9m\u011b\u0159 dvou letech ml\u010den\u00ed mezi ob\u011bma v\u016fdci.<\/span><\/p>\n<p><span>Podle pr\u016fzkumu YouGov proveden\u00e9ho jm\u00e9nem N\u011bmeck\u00e9 tiskov\u00e9 agentury podpo\u0159ilo my\u0161lenku telefonick\u00e9ho rozhovoru mezi Scholzem a Putinem 59 procent respondent\u016f, 26 procent bylo proti a 15 procent nevyj\u00e1d\u0159ilo sv\u016fj n\u00e1zor.<\/span><\/p>\n<p><span>V\u00fdchodn\u00ed N\u011bmci jsou obzvl\u00e1\u0161t\u011b nad\u0161en\u00ed z n\u00e1vratu k dialogu s Moskvou, kde 68 procent respondent\u016f tento krok podpo\u0159ilo oproti 19 procent\u016fm, kte\u0159\u00ed byli proti.<\/span><\/p>\n<p><span>Oba v\u016fdci spolu naposledy telefonovali 2. prosince 2022, a\u010dkoli Scholz trv\u00e1 na tom, \u017ee komunikace mezi ob\u011bma administrativami st\u00e1le prob\u00edhala bez p\u0159\u00edm\u00e9ho rozhovoru s rusk\u00fdm prezidentem.<\/span><\/p>\n<p><a href=\"https:\/\/www.zeit.de\/news\/2024-10\/11\/mehrheit-wuenscht-sich-telefonat-von-scholz-und-putin\"><span>Zeit Online informoval<\/span><\/a><span>\u00a0o spekulac\u00edch, \u017ee by se dal\u0161\u00ed telefon\u00e1t mohl uskute\u010dnit p\u0159ed summitem G20 v Rio de Janeiru p\u0159\u00ed\u0161t\u00ed m\u011bs\u00edc.<\/span><\/p>\n<p><span>Minul\u00fd m\u011bs\u00edc\u00a0<\/span><a href=\"https:\/\/www.aa.com.tr\/en\/europe\/german-chancellor-open-to-talks-with-putin-spokesperson\/3325506\"><span>kancl\u00e9\u0159 Olaf Scholz vyj\u00e1d\u0159il ochotu znovu zah\u00e1jit m\u00edrov\u00e1 jedn\u00e1n\u00ed s Putinem<\/span><\/a><span>\u00a0a prohl\u00e1sil, \u017ee zavol\u00e1 rusk\u00e9mu prezidentovi, a\u017e bude na\u010dasov\u00e1n\u00ed, aby usnadnil jedn\u00e1n\u00ed o ukon\u010den\u00ed v\u00e1lky na Ukrajin\u011b.<\/span><\/p>\n<p><span>\u201eMysl\u00edm, \u017ee toto je okam\u017eik, kdy mus\u00edme diskutovat o tom, jak se dostat z t\u00e9to v\u00e1le\u010dn\u00e9 situace a dos\u00e1hnout m\u00edru rychleji, ne\u017e jak se v tuto chv\u00edli zd\u00e1,\u201c \u0159ekl tehdy Scholz.<\/span><\/p>\n<p><span>&#8222;Ur\u010dit\u011b bude dal\u0161\u00ed m\u00edrov\u00e1 konference a j\u00e1 a [ukrajinsk\u00fd] prezident Volodymyr Zelenskij souhlas\u00edme s t\u00edm, \u017ee to mus\u00ed b\u00fdt tak\u00e9 ta, kter\u00e1 by zahrnovala Rusko,&#8220; dodal.<\/span><\/p>\n<p><span>Scholz se m\u00e1 se Zelensk\u00fdm sej\u00edt v Berl\u00edn\u011b tento p\u00e1tek \u2013 jde o t\u0159et\u00ed setk\u00e1n\u00ed t\u011bchto dvou v\u016fdc\u016f za pouh\u00fdch p\u011bt t\u00fddn\u016f, proto\u017ee se zvy\u0161uje \u00fasil\u00ed o nalezen\u00ed \u0159e\u0161en\u00ed sou\u010dasn\u00e9ho konfliktu.<\/span><\/p>\n<p><span>Takov\u00fd krok u\u017e n\u011bjakou dobu obhajuj\u00ed jin\u00ed evrop\u0161t\u00ed l\u00edd\u0159i, v\u010detn\u011b ma\u010farsk\u00e9ho premi\u00e9ra Viktora Orb\u00e1na, kter\u00fd dlouho vol\u00e1 po okam\u017eit\u00e9m p\u0159\u00edm\u011b\u0159\u00ed a m\u00edrov\u00fdch rozhovorech, zat\u00edmco USA a Evropsk\u00e1 unie budou nad\u00e1le financovat vojensk\u00e9 operace v Kyjev\u011b.<\/span><\/p>\n<p><span>N\u011bmeck\u00e1 ve\u0159ejnost je v\u0161ak rozd\u011blena v n\u00e1zorech na to, jak by m\u011blo b\u00fdt jak\u00e9koli budouc\u00ed urovn\u00e1n\u00ed mezi Ruskem a Ukrajinou realizov\u00e1no, p\u0159i\u010dem\u017e 39 procent je proti tomu, aby Ukrajina p\u0159enechala jakoukoli \u010d\u00e1st sv\u00e9ho \u00fazem\u00ed Rusku, a 45 procent podporuje n\u011bjakou formu \u00fazemn\u00edho kompromisu.<\/span><\/p>\n<p><span>Mezit\u00edm v\u00e1lka pokra\u010duje a po\u017eadovan\u00e1 ukrajinsk\u00e1 vojensk\u00e1 strategie pou\u017e\u00edv\u00e1n\u00ed raket dlouh\u00e9ho doletu poskytovan\u00fdch z\u00e1padn\u00edmi spojenci je tak\u00e9 v N\u011bmecku \u017ehav\u011b zpochyb\u0148ov\u00e1na.<\/span><\/p>\n<p><span>Zat\u00edmco 42 procent respondent\u016f je pro ud\u011blen\u00ed povolen\u00ed Kyjevu pou\u017e\u00edt takov\u00e9 zbran\u011b k \u00faderu na Rusko, 43 procent z\u016fst\u00e1v\u00e1 proti, proto\u017ee se ob\u00e1vaj\u00ed, \u017ee by tento krok riskoval dal\u0161\u00ed eskalaci konfliktu a zat\u00e1hl NATO d\u00e1le do v\u00e1lky.<\/span><\/p>\n<p><span>N\u011bmecko se zat\u00edm zdr\u017eelo dod\u00e1vek zbran\u00ed dlouh\u00e9ho doletu na Ukrajinu, co\u017e vyvolalo kritiku od ukrajinsk\u00fdch loaj\u00e1ln\u00edch stoupenc\u016f v USA, Velk\u00e9 Brit\u00e1nii a Francii, kte\u0159\u00ed byli ochotn\u011bj\u0161\u00ed p\u0159edat rakety.<\/span><\/p>\n<p><img decoding=\"async\" loading=\"lazy\" class=\"alignnone size-full wp-image-1185\" src=\"http:\/\/www.infokuryr.cz\/n\/wp-content\/uploads\/2021\/04\/kuryr-podpis.png\" alt=\"\" width=\"84\" height=\"24\" \/><\/p>\n<p>&nbsp;<\/p>\n","protected":false},"excerpt":{"rendered":"<p>Podle nov\u00e9ho pr\u016fzkumu si t\u00e9m\u011b\u0159 6 z 10 N\u011bmc\u016f p\u0159eje, aby Scholz zvedl Putinovi telefon&#8230;<\/p>\n","protected":false},"author":2,"featured_media":6721,"comment_status":"closed","ping_status":"closed","sticky":false,"template":"","format":"standard","meta":[],"categories":[7],"tags":[429,1554,102,26],"_links":{"self":[{"href":"https:\/\/www.infokuryr.cz\/n\/wp-json\/wp\/v2\/posts\/64073"}],"collection":[{"href":"https:\/\/www.infokuryr.cz\/n\/wp-json\/wp\/v2\/posts"}],"about":[{"href":"https:\/\/www.infokuryr.cz\/n\/wp-json\/wp\/v2\/types\/post"}],"author":[{"embeddable":true,"href":"https:\/\/www.infokuryr.cz\/n\/wp-json\/wp\/v2\/users\/2"}],"replies":[{"embeddable":true,"href":"https:\/\/www.infokuryr.cz\/n\/wp-json\/wp\/v2\/comments?post=64073"}],"version-history":[{"count":0,"href":"https:\/\/www.infokuryr.cz\/n\/wp-json\/wp\/v2\/posts\/64073\/revisions"}],"wp:featuredmedia":[{"embeddable":true,"href":"https:\/\/www.infokuryr.cz\/n\/wp-json\/wp\/v2\/media\/6721"}],"wp:attachment":[{"href":"https:\/\/www.infokuryr.cz\/n\/wp-json\/wp\/v2\/media?parent=64073"}],"wp:term":[{"taxonomy":"category","embeddable":true,"href":"https:\/\/www.infokuryr.cz\/n\/wp-json\/wp\/v2\/categories?post=64073"},{"taxonomy":"post_tag","embeddable":true,"href":"https:\/\/www.infokuryr.cz\/n\/wp-json\/wp\/v2\/tags?post=64073"}],"curies":[{"name":"wp","href":"https:\/\/api.w.org\/{rel}","templated":true}]}}