{"id":6405,"date":"2021-11-25T06:54:31","date_gmt":"2021-11-25T05:54:31","guid":{"rendered":"http:\/\/www.infokuryr.cz\/n\/?p=6405"},"modified":"2021-11-25T06:54:31","modified_gmt":"2021-11-25T05:54:31","slug":"proboha-proc","status":"publish","type":"post","link":"https:\/\/www.infokuryr.cz\/n\/2021\/11\/25\/proboha-proc\/","title":{"rendered":"Proboha PRO\u010c?"},"content":{"rendered":"<div id=\"fb-root\"><\/div>\n<p>A\u017e V\u00e1m zase za\u010dnou v televizi nebo n\u011bkde jinde cp\u00e1t do hlavy, jak stra\u0161liv\u00e1 je u n\u00e1s situace s COVID-19, nezapome\u0148te na osv\u011bd\u010denou metodu:<\/p>\n<p>Zmen\u0161ete si m\u011b\u0159\u00edtko tis\u00edcin\u00e1sobn\u011b.<\/p>\n<p>M\u00edsto nep\u0159ehledn\u00e9ho st\u00e1tu s 10,7 miliony obyvatel dostanete velmi p\u0159ehledn\u00e9 m\u011bsto s 10,7 tis\u00edci obyvatel &#8211; n\u011bco jako Prachatice, \u010c\u00e1slav, Su\u0161ici \u010di Humpolec. A pak si t\u00edm sam\u00fdm tis\u00edcem vyd\u011blte zve\u0159ej\u0148ovan\u00e1 \u010d\u00edsla o COVID-19&#8230;<\/p>\n<p>Ka\u017ed\u00fd den je v tomto m\u011bst\u011b 16 P\u0158EV\u00c1\u017dN\u011a ZCELA ZDRAV\u00ddCH osob pozitivn\u011b testov\u00e1no na COVID-19, kter\u00e9 jsou n\u00e1sledn\u011b posl\u00e1ny do p\u0159\u00edsn\u00e9 karant\u00e9ny.<\/p>\n<p>V nemocnici tu s nejr\u016fzn\u011bj\u0161\u00edmi diagn\u00f3zami le\u017e\u00ed p\u011bt a\u017e \u0161est lid\u00ed pozitivn\u011b testovan\u00fdch na koronavirus, z toho JEDEN \u010dlov\u011bk ve v\u00e1\u017en\u00e9m stavu, jemu\u017e koronavirus komplikuje n\u011bjak\u00e9 JIN\u00c9 Z\u00c1VA\u017dN\u00c9 ONEMOCN\u011aN\u00cd.<\/p>\n<p>Ka\u017ed\u00fd m\u011bs\u00edc v tomto m\u011bst\u011b zem\u0159ou t\u0159i STA\u0158\u00cd A VELMI NEMOCN\u00cd lid\u00e9, u kter\u00fdch byla krom\u011b skute\u010dn\u00e9 p\u0159\u00ed\u010diny smrti zji\u0161t\u011bna je\u0161t\u011b p\u0159\u00edtomnost koronaviru.<\/p>\n<p>V t\u00e9to situaci radnice m\u011bsta chce nutit V\u0160ECHNY obyvatele k povinn\u00e9mu o\u010dkov\u00e1n\u00ed experiment\u00e1ln\u00ed a nedostate\u010dn\u011b otestovanou vakc\u00ednou a neo\u010dkovan\u00fdm zakazuje chodit do restaurac\u00ed a kav\u00e1ren, na kulturn\u00ed a sportovn\u00ed akce.<\/p>\n<p>Neo\u010dkovan\u00fdm lidem hroz\u00ed ztr\u00e1ta zam\u011bstn\u00e1n\u00ed, pokud se nenechaj\u00ed o\u010dkovat. Podnikatel\u00e9 p\u0159ich\u00e1zej\u00ed o zak\u00e1zky, p\u0159\u00edjmy (nejen) neo\u010dkovan\u00e9 \u010d\u00e1sti obyvatelstva se prudce sni\u017euj\u00ed. Cel\u00e9 m\u011bsto \u017eije v krajn\u00ed existen\u010dn\u00ed nejistot\u011b.<\/p>\n<p>Proboha PRO\u010c?<\/p>\n<p><strong>Bo\u017eena Weitingerov\u00e1<\/strong><\/p>\n<p>&nbsp;<\/p>\n","protected":false},"excerpt":{"rendered":"<p>A\u017e V\u00e1m zase za\u010dnou v televizi nebo n\u011bkde jinde cp\u00e1t do hlavy, jak stra\u0161liv\u00e1 je&#8230;<\/p>\n","protected":false},"author":2,"featured_media":2769,"comment_status":"closed","ping_status":"closed","sticky":false,"template":"","format":"standard","meta":[],"categories":[6],"tags":[23,96],"_links":{"self":[{"href":"https:\/\/www.infokuryr.cz\/n\/wp-json\/wp\/v2\/posts\/6405"}],"collection":[{"href":"https:\/\/www.infokuryr.cz\/n\/wp-json\/wp\/v2\/posts"}],"about":[{"href":"https:\/\/www.infokuryr.cz\/n\/wp-json\/wp\/v2\/types\/post"}],"author":[{"embeddable":true,"href":"https:\/\/www.infokuryr.cz\/n\/wp-json\/wp\/v2\/users\/2"}],"replies":[{"embeddable":true,"href":"https:\/\/www.infokuryr.cz\/n\/wp-json\/wp\/v2\/comments?post=6405"}],"version-history":[{"count":0,"href":"https:\/\/www.infokuryr.cz\/n\/wp-json\/wp\/v2\/posts\/6405\/revisions"}],"wp:featuredmedia":[{"embeddable":true,"href":"https:\/\/www.infokuryr.cz\/n\/wp-json\/wp\/v2\/media\/2769"}],"wp:attachment":[{"href":"https:\/\/www.infokuryr.cz\/n\/wp-json\/wp\/v2\/media?parent=6405"}],"wp:term":[{"taxonomy":"category","embeddable":true,"href":"https:\/\/www.infokuryr.cz\/n\/wp-json\/wp\/v2\/categories?post=6405"},{"taxonomy":"post_tag","embeddable":true,"href":"https:\/\/www.infokuryr.cz\/n\/wp-json\/wp\/v2\/tags?post=6405"}],"curies":[{"name":"wp","href":"https:\/\/api.w.org\/{rel}","templated":true}]}}