{"id":64039,"date":"2024-10-11T06:58:52","date_gmt":"2024-10-11T04:58:52","guid":{"rendered":"https:\/\/www.infokuryr.cz\/n\/?p=64039"},"modified":"2024-10-11T06:58:52","modified_gmt":"2024-10-11T04:58:52","slug":"ukrajina-pozaduje-asijsky-stat-zatceni-putina","status":"publish","type":"post","link":"https:\/\/www.infokuryr.cz\/n\/2024\/10\/11\/ukrajina-pozaduje-asijsky-stat-zatceni-putina\/","title":{"rendered":"Ukrajina po\u017eaduje asijsk\u00fd st\u00e1t zat\u010den\u00ed Putina"},"content":{"rendered":"<div id=\"fb-root\"><\/div>\n<p><span style=\"font-size: 18pt;\"><strong>Kyjev vyzval A\u0161chabad, aby dodr\u017eel zatyka\u010d ICC na rusk\u00e9ho prezidenta<\/strong><\/span><\/p>\n<p><span>Ukrajinsk\u00e9 ministerstvo zahrani\u010d\u00ed varovalo Turkmenist\u00e1n p\u0159ed v\u00edt\u00e1n\u00edm rusk\u00e9ho prezidenta Vladimira Putina a p\u0159ipomn\u011blo st\u0159edoasijsk\u00e9mu st\u00e1tu zatyka\u010d vydan\u00fd Mezin\u00e1rodn\u00edm trestn\u00edm soudem (ICC).<\/span><\/p>\n<p><span>P\u0159esto\u017ee Turkmenist\u00e1n nen\u00ed signat\u00e1\u0159em \u0158\u00edmsk\u00e9ho statutu a neuzn\u00e1v\u00e1 jurisdikci instituce se s\u00eddlem v Haagu, Ukrajina vyj\u00e1d\u0159ila nad\u011bji, \u017ee A\u0161chabad bude respektovat\u00a0<\/span><em><span>\u201enormy mezin\u00e1rodn\u00edho pr\u00e1va\u201c.<\/span><\/em><\/p>\n<p><span>Ve \u010dtvrte\u010dn\u00edm prohl\u00e1\u0161en\u00ed ukrajinsk\u00e9 ministerstvo zahrani\u010d\u00ed d\u00e1le vyzvalo\u00a0<\/span><em><span>\u201ev\u0161echny zem\u011b, kter\u00e9 si v\u00e1\u017e\u00ed lidsk\u00e9ho \u017eivota, mezin\u00e1rodn\u00edho pr\u00e1va a Charty OSN, aby se zdr\u017eely po\u0159\u00e1d\u00e1n\u00ed spole\u010dn\u00fdch akc\u00ed za \u00fa\u010dasti Putina\u201c.<\/span><\/em><\/p>\n<p><span>Putin p\u0159ijel do A\u0161chabadu v p\u00e1tek r\u00e1no na pracovn\u00ed n\u00e1v\u0161t\u011bvu, b\u011bhem n\u00ed\u017e se z\u00fa\u010dastn\u00ed mezin\u00e1rodn\u00edho f\u00f3ra s n\u00e1zvem\u00a0<\/span><em><span>\u201ePropojen\u00ed \u010das\u016f a civilizac\u00ed \u2013 z\u00e1klad m\u00edru a rozvoje\u201c,<\/span><\/em><span>\u00a0v\u011bnovan\u00e9ho 300. v\u00fdro\u010d\u00ed narozen\u00ed turkmensk\u00e9ho b\u00e1sn\u00edka a myslitele Machtumkuliho. Fraghi.<\/span><\/p>\n<p><span>ICC vydal v b\u0159eznu 2023 zatyka\u010d na Putina a obvinil ho z\u00a0<\/span><em><span>\u201enez\u00e1konn\u00e9 deportace d\u011bt\u00ed z okupovan\u00fdch oblast\u00ed Ukrajiny do Rusk\u00e9 federace\u201c.<\/span><\/em><\/p>\n<p><span>Moskva tato tvrzen\u00ed odm\u00edtla jako sm\u011b\u0161n\u00e1 s t\u00edm, \u017ee evakuace civilist\u016f z bojov\u00fdch z\u00f3n nen\u00ed trestn\u00fdm \u010dinem. Nav\u00edc ani Rusko, ani Ukrajina nejsou smluvn\u00edmi stranami \u0158\u00edmsk\u00e9ho statutu, co\u017e znamen\u00e1, \u017ee ICC nem\u00e1 v t\u00e9to v\u011bci pravomoc.<\/span><\/p>\n<p><span>Ukrajina koncem srpna vydala podobn\u00fd po\u017eadavek jako Mongolsko, kter\u00e9 je signat\u00e1\u0159em ICC. Zem\u011b\u00a0<\/span><a href=\"https:\/\/swentr.site\/news\/603473-mongolia-icc-arrest-warrant-putin\/\" target=\"_blank\" rel=\"noopener noreferrer\"><span>odm\u00edtla<\/span><\/a><span>\u00a0vyhov\u011bt s argumentem, \u017ee zachov\u00e1v\u00e1 politiku neutrality ohledn\u011b konfliktu. To rozzu\u0159ilo Kyjev, kter\u00fd sl\u00edbil, \u017ee bude\u00a0<\/span><em><span>\u201espolupracovat s partnery, aby zajistil, \u017ee to bude m\u00edt d\u016fsledky pro Ul\u00e1nb\u00e1tar\u201c.<\/span><\/em><\/p>\n<p><span>Kyjev tak\u00e9 vyzval Mexiko, aby zatklo Putina, pokud zemi nav\u0161t\u00edv\u00ed, po zpr\u00e1v\u00e1ch z po\u010d\u00e1tku tohoto roku, \u017ee rusk\u00fd prezident byl pozv\u00e1n na \u0159\u00edjnovou inauguraci nov\u00e9ho mexick\u00e9ho v\u016fdce. Mexick\u00e9 \u00fa\u0159ady tuto \u017e\u00e1dost\u00a0<\/span><a href=\"https:\/\/swentr.site\/news\/602365-mexico-putin-ukraine-icc\/\" target=\"_blank\" rel=\"noopener noreferrer\"><span>zam\u00edtly.<\/span><\/a><\/p>\n<p><img decoding=\"async\" loading=\"lazy\" class=\"alignnone size-full wp-image-1185\" src=\"http:\/\/www.infokuryr.cz\/n\/wp-content\/uploads\/2021\/04\/kuryr-podpis.png\" alt=\"\" width=\"84\" height=\"24\" \/><\/p>\n<p>&nbsp;<\/p>\n","protected":false},"excerpt":{"rendered":"<p>Kyjev vyzval A\u0161chabad, aby dodr\u017eel zatyka\u010d ICC na rusk\u00e9ho prezidenta Ukrajinsk\u00e9 ministerstvo zahrani\u010d\u00ed varovalo Turkmenist\u00e1n&#8230;<\/p>\n","protected":false},"author":2,"featured_media":64040,"comment_status":"closed","ping_status":"closed","sticky":false,"template":"","format":"standard","meta":[],"categories":[7],"tags":[102,26,538,2746],"_links":{"self":[{"href":"https:\/\/www.infokuryr.cz\/n\/wp-json\/wp\/v2\/posts\/64039"}],"collection":[{"href":"https:\/\/www.infokuryr.cz\/n\/wp-json\/wp\/v2\/posts"}],"about":[{"href":"https:\/\/www.infokuryr.cz\/n\/wp-json\/wp\/v2\/types\/post"}],"author":[{"embeddable":true,"href":"https:\/\/www.infokuryr.cz\/n\/wp-json\/wp\/v2\/users\/2"}],"replies":[{"embeddable":true,"href":"https:\/\/www.infokuryr.cz\/n\/wp-json\/wp\/v2\/comments?post=64039"}],"version-history":[{"count":0,"href":"https:\/\/www.infokuryr.cz\/n\/wp-json\/wp\/v2\/posts\/64039\/revisions"}],"wp:featuredmedia":[{"embeddable":true,"href":"https:\/\/www.infokuryr.cz\/n\/wp-json\/wp\/v2\/media\/64040"}],"wp:attachment":[{"href":"https:\/\/www.infokuryr.cz\/n\/wp-json\/wp\/v2\/media?parent=64039"}],"wp:term":[{"taxonomy":"category","embeddable":true,"href":"https:\/\/www.infokuryr.cz\/n\/wp-json\/wp\/v2\/categories?post=64039"},{"taxonomy":"post_tag","embeddable":true,"href":"https:\/\/www.infokuryr.cz\/n\/wp-json\/wp\/v2\/tags?post=64039"}],"curies":[{"name":"wp","href":"https:\/\/api.w.org\/{rel}","templated":true}]}}