{"id":6401,"date":"2021-11-25T06:37:04","date_gmt":"2021-11-25T05:37:04","guid":{"rendered":"http:\/\/www.infokuryr.cz\/n\/?p=6401"},"modified":"2021-11-25T06:37:04","modified_gmt":"2021-11-25T05:37:04","slug":"zazracny-plan-petikoalice-na-covid-neexistuje-slachta-nechal-vystrizlivet-priznivce-nove-vlady","status":"publish","type":"post","link":"https:\/\/www.infokuryr.cz\/n\/2021\/11\/25\/zazracny-plan-petikoalice-na-covid-neexistuje-slachta-nechal-vystrizlivet-priznivce-nove-vlady\/","title":{"rendered":"Z\u00e1zra\u010dn\u00fd pl\u00e1n p\u011btikoalice na covid? Neexistuje! \u0160lachta nechal vyst\u0159\u00edzliv\u011bt p\u0159\u00edznivce nov\u00e9 vl\u00e1dy"},"content":{"rendered":"<div id=\"fb-root\"><\/div>\n<p><strong>\u0160\u00e9f hnut\u00ed P\u0159\u00edsaha Robert \u0160lachta sd\u011blil sv\u00e9 neut\u011b\u0161en\u00e9 dojmy z dnes prezentovan\u00e9ho pl\u00e1nu vznikaj\u00edc\u00ed vl\u00e1dy pro boj se s\u00edl\u00edc\u00ed pandemi\u00ed covidu-19. \u010cesk\u00fd politik na sv\u00e9m \u00fa\u010dtu na Twitteru poznamenal, \u017ee strategie vl\u00e1dn\u00ed koalice v podstat\u011b zopakovala stejn\u00e9 body, kter\u00e9 se pou\u017e\u00edvaly i d\u0159\u00edve. \u0160lachta podrobil kritice tak\u00e9 styl komunikace \u010dlen\u016f p\u011btikoalice.<\/strong><\/p>\n<p>Dnes z\u00e1stupci p\u011bti koali\u010dn\u00edch stran\u00a0p\u0159edstavili\u00a0svou strategii, prost\u0159ednictv\u00edm kter\u00e9 vznikaj\u00edc\u00ed vl\u00e1da hodl\u00e1 zvr\u00e1tit razantn\u011b se zhor\u0161uj\u00edc\u00ed epidemiologickou situaci v republice. P\u0159edstaven\u00fd pl\u00e1n obsahuje celkem \u0161est bod\u016f, mezi nimi\u017e jsou nap\u0159\u00edklad testov\u00e1n\u00ed ve \u0161kol\u00e1ch v pond\u011bl\u00ed, nav\u00fd\u0161en\u00ed kapacit trasov\u00e1n\u00ed, pod\u00e1n\u00ed t\u0159et\u00ed d\u00e1vky vakc\u00edny ji\u017e po p\u011bti m\u011bs\u00edc\u00edch, znovuzn\u00e1v\u00e1n\u00ed PCR test\u016f a nav\u00fd\u0161en\u00ed kapacit testov\u00e1n\u00ed na 200 tis\u00edc PCR test\u016f denn\u011b.<\/p>\n<p>Hned pot\u00e9, co l\u00edd\u0159i koali\u010dn\u00edch stran ozn\u00e1mili sv\u016fj pl\u00e1n na boj s pandemi\u00ed v \u010cesk\u00e9 republice, ozvala se kritika ze strany dal\u0161\u00edch politik\u016f, a sice \u0161\u00e9fa opozi\u010dn\u00edho hnut\u00ed P\u0159\u00edsaha Roberta \u0160lachty, jeho\u017e strana z\u00edskala 4,68 % hlas\u016f v leto\u0161n\u00edch sn\u011bmovn\u00edch volb\u00e1ch. \u010cesk\u00fd plukovn\u00edk a b\u00fdval\u00fd \u0159editel \u00datvaru pro odhalov\u00e1n\u00ed organizovan\u00e9ho zlo\u010dinu netajil sv\u00e9 zklam\u00e1n\u00ed navr\u017eenou strategi\u00ed a prohl\u00e1sil, \u017ee p\u011btikoalice celou tu dobu jak\u00fdkoliv skute\u010dn\u00fd propracovan\u00fd pl\u00e1n ani nem\u011bla.<\/p>\n<p>\u201eZ\u00e1zra\u010dn\u00fd pl\u00e1n p\u011btikoalice na covid? Neexistuje. P\u0159ed volbami Petr Fiala, i v\u0161ichni dal\u0161\u00ed z nov\u011b vznikaj\u00edc\u00ed vl\u00e1dy, v\u0161ude hl\u00e1sali, jak\u00fd maj\u00ed skv\u011bl\u00fd pl\u00e1n na \u0159e\u0161en\u00ed koronavirov\u00e9 situace a jak to budou kone\u010dn\u011b d\u011blat jinak a l\u00edp\u2026Tak te\u010f m\u011bli p\u0159\u00edle\u017eitost ho p\u0159edstavit. V\u00fdsledek? \u017d\u00e1dn\u00fd takov\u00fd pl\u00e1n nemaj\u00ed. \u017d\u00e1dn\u00e9 nov\u00e9 \u0159e\u0161en\u00ed nep\u0159inesli. Jen d\u00edl\u010d\u00ed opat\u0159en\u00ed, kter\u00e1 u\u017e platila d\u0159\u00edv nebo plat\u00ed dokonce i te\u010f,\u201d p\u00ed\u0161e na sv\u00e9m Twitteru \u0161\u00e9f hnut\u00ed P\u0159\u00edsaha.<\/p>\n<p>Kriticky vn\u00edm\u00e1 \u0160lachta i zp\u016fsob komunikace vznikaj\u00edc\u00ed vl\u00e1dy s ve\u0159ejnost\u00ed. Ve sv\u00e9m dal\u0161\u00edm tweetu \u010desk\u00fd politik uvedl, \u017ee nehled\u011b na to, \u017ee b\u011bhem tiskov\u00e9 konference prostor pro vyj\u00e1d\u0159en\u00ed m\u00e1 \u0161\u00e9f ka\u017ed\u00e9 koali\u010dn\u00ed strany, \u010dasto chyb\u00ed ta kl\u00ed\u010dov\u00e1 vysv\u011btlen\u00ed. V kone\u010dn\u00e9m d\u016fsledku \u0160lachta dosp\u00edv\u00e1 k z\u00e1v\u011bru, \u017ee nov\u00e1 vl\u00e1da bude jednat celkem\u00a0<a href=\"https:\/\/cz.sputniknews.com\/20211123\/nouzovy-stav-ani-po-dvou-letech-si-neprostudovali-zakon-beduje-sandor-16615876.html\">stejn\u00fdm zp\u016fsobem<\/a>, jak to d\u011bl\u00e1 ta dosluhuj\u00edc\u00ed.<\/p>\n<p>\u201eV\u00fdsledkem je, \u017ee nov\u00e1 vl\u00e1da bude d\u011blat vlastn\u011b to stejn\u00e9, co d\u011blala ta star\u00e1, jen n\u00e1m to budou oznamovat jin\u00e9 tv\u00e1\u0159e. Mysl\u00edm, \u017ee o\u010dek\u00e1v\u00e1n\u00ed byla o dost v\u011bt\u0161\u00ed,\u201d uzav\u0159el doty\u010dn\u00fd.<\/p>\n<p><strong>Pl\u00e1n nov\u00e9 vl\u00e1dy<\/strong><\/p>\n<p>Z\u00e1stupci vl\u00e1dn\u00edch koalic na tiskov\u00e9 konferenci p\u0159edstavili opat\u0159en\u00ed, kter\u00fdmi chce nov\u00e1 vl\u00e1da bojovat proti \u0161\u00ed\u0159en\u00ed covidu-19. Petr Fiala na \u00favod br\u00edfinku uvedl, \u017ee p\u0159edstavovan\u00e1 opat\u0159en\u00ed podporuje v\u0161ech p\u011bt stran koalice a tato opat\u0159en\u00ed bude koalice prosazovat v n\u00e1sleduj\u00edc\u00edch \u010dty\u0159ech letech. \u201eMus\u00edme se s covidem nau\u010dit \u017e\u00edt. Mus\u00edme se to nau\u010dit jako spole\u010dnost, a jako st\u00e1t,\u201c uvedl Fiala.<\/p>\n<p>Z\u00e1rove\u0148 Fiala dodal, \u017ee aktu\u00e1ln\u00ed vlnu ji\u017e nejde zastavit, je nutn\u00e9 omezit jej\u00ed dopady.<\/p>\n<p>\u201eTuto vlnu u\u017e nelze zastavit. Jedin\u00e9, o co mus\u00edme bojovat, je maxim\u00e1ln\u011b omezit jej\u00ed dopady na nemocnice, a zastavit nemocnice p\u0159ed kolapsem, kter\u00fd by postihl v\u0161echny, kte\u0159\u00ed jsou o\u010dkovan\u00ed i neo\u010dkovan\u00ed. Je d\u016fle\u017eit\u00e9, abychom se p\u0159ipravili na mo\u017en\u00e9 dal\u0161\u00ed vlny tak, abychom je zvl\u00e1dli l\u00e9pe, abychom je u\u017e nikdy nenechali rozjet do takto hroziv\u00fdch \u010d\u00edsel, jako jsou ta aktu\u00e1ln\u00ed,\u201c dodal Fiala.<\/p>\n<p>Budouc\u00ed vl\u00e1dn\u00ed koalice chce zm\u011bnit hlavn\u00ed indik\u00e1tor opat\u0159en\u00ed pro zpomalen\u00ed epidemie, nov\u011b bude hlavn\u00edm indik\u00e1torem zapln\u011bnost nemocnic.<\/p>\n<p><a href=\"https:\/\/cz.sputniknews.com\/20211124\/zazracny-plan-petikoalice-na-covid-neexistuje-slachta-nechal-vystrizlivet-priznivce-nove-vlady-16623124.html\">ZDROJ<\/a><\/p>\n<p>&nbsp;<\/p>\n","protected":false},"excerpt":{"rendered":"<p>\u0160\u00e9f hnut\u00ed P\u0159\u00edsaha Robert \u0160lachta sd\u011blil sv\u00e9 neut\u011b\u0161en\u00e9 dojmy z dnes prezentovan\u00e9ho pl\u00e1nu vznikaj\u00edc\u00ed vl\u00e1dy&#8230;<\/p>\n","protected":false},"author":2,"featured_media":6402,"comment_status":"closed","ping_status":"closed","sticky":false,"template":"","format":"standard","meta":[],"categories":[6],"tags":[23,357,1505,99],"_links":{"self":[{"href":"https:\/\/www.infokuryr.cz\/n\/wp-json\/wp\/v2\/posts\/6401"}],"collection":[{"href":"https:\/\/www.infokuryr.cz\/n\/wp-json\/wp\/v2\/posts"}],"about":[{"href":"https:\/\/www.infokuryr.cz\/n\/wp-json\/wp\/v2\/types\/post"}],"author":[{"embeddable":true,"href":"https:\/\/www.infokuryr.cz\/n\/wp-json\/wp\/v2\/users\/2"}],"replies":[{"embeddable":true,"href":"https:\/\/www.infokuryr.cz\/n\/wp-json\/wp\/v2\/comments?post=6401"}],"version-history":[{"count":0,"href":"https:\/\/www.infokuryr.cz\/n\/wp-json\/wp\/v2\/posts\/6401\/revisions"}],"wp:featuredmedia":[{"embeddable":true,"href":"https:\/\/www.infokuryr.cz\/n\/wp-json\/wp\/v2\/media\/6402"}],"wp:attachment":[{"href":"https:\/\/www.infokuryr.cz\/n\/wp-json\/wp\/v2\/media?parent=6401"}],"wp:term":[{"taxonomy":"category","embeddable":true,"href":"https:\/\/www.infokuryr.cz\/n\/wp-json\/wp\/v2\/categories?post=6401"},{"taxonomy":"post_tag","embeddable":true,"href":"https:\/\/www.infokuryr.cz\/n\/wp-json\/wp\/v2\/tags?post=6401"}],"curies":[{"name":"wp","href":"https:\/\/api.w.org\/{rel}","templated":true}]}}