{"id":6396,"date":"2021-11-24T16:14:06","date_gmt":"2021-11-24T15:14:06","guid":{"rendered":"http:\/\/www.infokuryr.cz\/n\/?p=6396"},"modified":"2021-11-24T16:14:06","modified_gmt":"2021-11-24T15:14:06","slug":"co-zmohou-zakony-tam-kde-vladnou-penize","status":"publish","type":"post","link":"https:\/\/www.infokuryr.cz\/n\/2021\/11\/24\/co-zmohou-zakony-tam-kde-vladnou-penize\/","title":{"rendered":"Co zmohou z\u00e1kony tam, kde vl\u00e1dnou pen\u00edze?"},"content":{"rendered":"<div id=\"fb-root\"><\/div>\n<p>V\u0161echno nasv\u011bd\u010duje tomu, \u017ee u n\u00e1s doch\u00e1z\u00ed k bezprecedentn\u00ed destrukci v respektu\u00a0 a dodr\u017eov\u00e1n\u00ed nejvy\u0161\u0161\u00edch z\u00e1konn\u00fdch norem, jako je LZPS a \u00dastava \u010cR, kter\u00e9 (a\u017e na v\u00fdjimky) akceptuje \u00dastavn\u00ed soud \u010cR, nikoli v\u0161ak vl\u00e1da\u00a0 \u010cR (v demisi).<\/p>\n<p>Gener\u00e1ln\u00ed sekret\u00e1\u0159 \u00dastavn\u00edho soudu JUDr. Vlastimil G\u00f6ttinger, Ph.D. sv\u00fdm rozhodnut\u00edm v dopise Mgr. V. Zahumensk\u00e9, ze dne 18. listopadu 2021, \u010dj. SPR.\u00daS 1003\/21-30INF mj. vyj\u00e1d\u0159il n\u00e1zor, \u017ee:<\/p>\n<p><strong><em>Informace o o\u010dkov\u00e1n\u00ed fyzick\u00e9 osoby proti nemoci Covid-19 je pova\u017eov\u00e1n\u00a0 za \u00fadaj o zdravotn\u00edm stavu (ob\u010dana), nebo\u0165 vypov\u00edd\u00e1 o tom, \u017ee osob\u011b byla poskytnuta ur\u010dit\u00e1 zdravotn\u00ed slu\u017eba poskytovatelem zdravotn\u00edch slu\u017eeb (\u017ee j\u00ed byla aplikov\u00e1na vakc\u00edna). Tato informace je svou povahou vysoce d\u016fv\u011brn\u00e1 a je specificky chr\u00e1n\u011bna. O\u010dkov\u00e1n\u00ed proti onemocn\u011bn\u00ed zp\u016fsoben\u00e9 virem Covid-19 je dobrovoln\u00e9. Stejn\u011b jako u jin\u00fdch zdravotn\u00edch \u00fakon\u016f je\u00a0 pak na ka\u017ed\u00e9 fyzick\u00e9 osob\u011b, zda zdravotn\u00ed \u00fakon podstoup\u00ed a komu o t\u00e9to skute\u010dnosti sd\u011bl\u00ed informace.<\/em><\/strong><\/p>\n<p>Lze konstatovat, \u017ee\u00a0<strong>vl\u00e1da \u010cR z hlediska platn\u00fdch z\u00e1kon\u016f a ustanoven\u00ed kon\u00e1 evidentn\u011b nez\u00e1konn\u011b,\u00a0<\/strong>pokud sv\u00fdmi \u00faskoky a v\u00fdhru\u017ekami nut\u00ed ob\u010dany k o\u010dkov\u00e1n\u00ed, povinn\u00e9 o\u010dkov\u00e1n\u00ed chce zav\u00e9st u senior\u016f 60+ a zav\u00e9st kontroly ob\u010dan\u016f tam, kde se shroma\u017e\u010fuje v\u00edce osob ( jako restaurace, kina, sportovn\u00ed utk\u00e1n\u00ed, ale i kade\u0159nictv\u00ed, fitnes aj.). O\u010dkov\u00e1n\u00edm posedl\u00fd \u0161\u00e9f\u00a0<strong>\u010cLK dr. Kubek<\/strong>\u00a0znovu vyz\u00fdv\u00e1 podpo\u0159it z\u00e1m\u011br\u00a0<strong>povinn\u00e9ho o\u010dkov\u00e1n\u00ed<\/strong>\u00a0pro osoby nad 18 let a rovn\u011b\u017e vyz\u00fdv\u00e1\u00a0<strong>k zaveden\u00ed plo\u0161n\u00e9 uz\u00e1v\u011bry,<\/strong>\u00a0kter\u00e9 by omezily kontakty mezi lidmi,\u00a0<strong>tedy tzv. lockdown.\u00a0<\/strong>Vl\u00e1da rovn\u011b\u017e vydala na\u0159\u00edzen\u00ed, podle kter\u00e9ho se po ob\u010danech nez\u00e1konn\u011b vy\u017eaduje p\u0159edkl\u00e1d\u00e1n\u00ed potvrzen\u00ed o prod\u011blan\u00e9 nemoci nebo o\u010dkov\u00e1n\u00ed. Pro vl\u00e1du, \u010cLK a pod. z\u0159ejm\u011b neplat\u00ed, \u017ee dle\u00a0<strong>\u00dastavy \u010cR hlavy prvn\u00ed, \u010dl. odst. 4:\u00a0<em>Ka\u017ed\u00fd ob\u010dan m\u016f\u017ee \u010dinit co nen\u00ed z\u00e1konem zak\u00e1z\u00e1no a nikdo nesm\u00ed b\u00fdt nucen \u010dinit, co z\u00e1kon neukl\u00e1d\u00e1.<\/em><\/strong>\u00a0A\u00a0<strong>na\u0159\u00edzen\u00ed vl\u00e1dy nen\u00ed z\u00e1konem!<\/strong><\/p>\n<p>Lze se tedy opr\u00e1vn\u011bn\u011b pt\u00e1t,<strong>\u00a0kdo zbavil vl\u00e1du \u010cR povinnosti respektovat z\u00e1kony \u010cR a<\/strong>\u00a0dal j\u00ed pr\u00e1vo\u00a0<strong>na\u0159izovat nez\u00e1konn\u00e1 opat\u0159en\u00ed?<\/strong>\u00a0K \u010demu je ve vl\u00e1d\u011b \u201ehafo\u201c pr\u00e1vn\u00edk\u016f, nejsou-li politik\u016fm schopni korigovat, \u010di je\u0161t\u011b l\u00e9pe zabr\u00e1nit vyd\u00e1vat\u00a0<strong>nespr\u00e1vn\u00e1, pota\u017emo nez\u00e1konn\u00e1\u00a0 rozhodnut\u00ed, \u010din\u011bn\u00e1 ministerstvem zdravotnictv\u00ed v \u010dele s ministrem Vojt\u011bchem, pota\u017emo vl\u00e1dou,\u00a0<\/strong>by\u0165 v demisi? Je snad vl\u00e1da \u010cR , notabene v demisi, nad v\u0161emi z\u00e1kony, \u00dastavou \u010cR, LZPS apod.? Jak je mo\u017en\u00e9, \u017ee v demokratick\u00e9m st\u00e1t\u011b vl\u00e1da beztrestn\u011b poru\u0161uje z\u00e1kony, \u00dastavu \u010cR,\u00a0 LZPS, zat\u00edm co oby\u010dejn\u00fd ob\u010dan za sebemen\u0161\u00ed poru\u0161en\u00ed z\u00e1kona je \u0161ikanov\u00e1n a trest\u00e1n? Co d\u011bl\u00e1 n\u00e1\u0161<strong>\u00a0ombudsman,\u00a0<\/strong>kdy\u017e zna\u010dn\u00e1 \u010d\u00e1st ob\u010dan\u016f, v\u010detn\u011b \u0161kol\u00e1k\u016f, jsou v d\u016fsledku nez\u00e1konn\u00fdch opat\u0159en\u00ed vl\u00e1dy \u010dasto oso\u010dov\u00e1ni, \u0161ikanov\u00e1ni,\u00a0 p\u0159\u00edpadn\u011b diskriminov\u00e1ni?<\/p>\n<p>V Praze, na Starom\u011bstsk\u00e9m n\u00e1m\u011bst\u00ed se v ned\u011bli, 21. listopadu 2021 konala mnohatis\u00edcov\u00e1 manifestace ob\u010dan\u016f, kte\u0159\u00ed projevovali nesouhlas s v\u00fdvojem ud\u00e1lost\u00ed kolem na\u0159\u00edzen\u00ed vl\u00e1dy v souvislosti s problematick\u00fdm o\u010dkov\u00e1n\u00edm ob\u010dan\u016f, kter\u00e9 pova\u017euj\u00ed za z\u00e1sah do ob\u010dansk\u00fdch (lidsk\u00fdch) pr\u00e1v, omezov\u00e1n\u00ed svobody pod., kter\u00e9 je ze strany vl\u00e1dy poru\u0161ov\u00e1n\u00edm LZPS, z\u00e1kon\u016f \u010cR a \u00dastavy \u010cR. Vl\u00e1da nejen\u017ee tuto skute\u010dnost nevzala na v\u011bdom\u00ed, ale den \u010di dva na to sd\u011bluje, jak\u00e1 dal\u0161\u00ed nez\u00e1konn\u00e1 opat\u0159en\u00ed p\u0159ipravuje v nejbli\u017e\u0161\u00edch dnech. Je v\u00fd\u0161e citovan\u00fd n\u00e1zor JUDr. G\u00f6ttingera, p\u0159edstavitele \u00dastavn\u00edho soudu<strong>\u00a0platn\u00fd a z\u00e1vazn\u00fd tak\u00e9 pro vl\u00e1du, ministra zdravotnictv\u00ed, pro pana Kubka a dal\u0161\u00ed lidi,<\/strong>\u00a0kte\u0159\u00ed se sna\u017e\u00ed proti odp\u016frc\u016fm o\u010dkov\u00e1n\u00ed sna\u017e\u00ed prosadit pochybn\u00e9 na\u0159\u00edzen\u00ed navzdory platn\u00fdm z\u00e1kon\u016fm?<\/p>\n<p>Jakkoli by v\u0161echna opat\u0159en\u00ed vl\u00e1dy m\u011bla b\u00fdt ku prosp\u011bchu ob\u010dan\u016f \u010cR, tak tomu tak nen\u00ed. Ministerstvo zdravotnictv\u00ed neakceptuje, resp. odm\u00edt\u00e1 n\u00e1zory v\u00fdznamn\u00fdch osobnost\u00ed z oblasti medic\u00edny, v\u011bdy, v\u00fdzkumu tedy lid\u00ed, kte\u0159\u00ed maj\u00ed sv\u00e9 letit\u00e9 l\u00e9ka\u0159sk\u00e9, praktick\u00e9 znalosti,\u00a0 odborn\u00e9 a v\u011bdeck\u00e9 zku\u0161enosti z oboru imunologie, virologie, biologie a dal\u0161\u00edch souvisej\u00edc\u00edch obor\u016f a \u010dinnost\u00ed, souvisej\u00edc\u00edch s koronavirovou af\u00e9rou. Tito lid\u00e9 v\u011brni sv\u00e9mu povol\u00e1n\u00ed, sv\u00fdm z\u00e1sad\u00e1m, p\u0159\u00edpadn\u011b Hypokratov\u011b slibu, kte\u0159\u00ed nejsou nikomu nic povinov\u00e1ni, nikomu zav\u00e1z\u00e1ni, sv\u00e9 n\u00e1zory nemaj\u00ed ni\u010d\u00edm podm\u00edn\u011bny, s v\u00fdjimkou sv\u00e9 bohulib\u00e9 prosp\u011b\u0161nosti pro zdrav\u00ed spoluob\u010dan\u016f. Jsme v za\u010darovan\u00e9m kruhu, kdy opr\u00e1vn\u011bn\u00e9 ob\u010dansk\u00e9 n\u00e1zory a po\u017eadavky nenach\u00e1zej\u00ed v demokratick\u00e9m st\u00e1t\u011b dobrou v\u016fli ani snahu politik\u016f je vysly\u0161et, posoudit, nato\u017e je realizovat.<\/p>\n<p>Z\u00e1v\u011brem lze konstatovat, \u017ee pr\u00e1vn\u00ed st\u00e1t v \u010cesk\u00e9 republice vzal definitivn\u011b za sv\u00e9 a vl\u00e1da, o kter\u00e9 bychom m\u011bli b\u00fdt p\u0159esv\u011bd\u010deni, \u017ee je demokratick\u00e1, tak jedn\u00e1 naprosto nedemokraticky, despoticky a bezohledn\u011b k jist\u00e9 \u010d\u00e1sti ob\u010dan\u016f republiky. Mah\u00e1tm\u00e1 G\u00e1ndi kdysi \u0159ekl:\u00a0<strong><em>Pokud st\u00e1t opust\u00ed p\u016fdu pr\u00e1va, je ob\u010dansk\u00e1 nespokojenost svatou povinnost\u00ed ka\u017ed\u00e9ho ob\u010dana!<\/em><\/strong>\u00a0Tak\u017ee to chce manifestovat, prok\u00e1zat odvahu a s\u00edlu bojovat za svobodu, opravdovou demokracii, za dodr\u017eov\u00e1n\u00ed z\u00e1kon\u016f, LZPS a \u00dastavy \u010cR. Je to dobr\u00e1 my\u0161lenka, dobr\u00e9 p\u0159edsevzet\u00ed, jen\u017ee:\u00a0<strong>Co zmohou z\u00e1kony tam, kde vl\u00e1dnou pen\u00edze?<\/strong><\/p>\n<p>Ji\u0159\u00ed Ba\u0165a<\/p>\n<p><img decoding=\"async\" loading=\"lazy\" class=\"alignnone  wp-image-1539\" src=\"http:\/\/www.infokuryr.cz\/n\/wp-content\/uploads\/2021\/05\/jiri-bata-225x300.jpg\" alt=\"\" width=\"156\" height=\"208\" srcset=\"https:\/\/www.infokuryr.cz\/n\/wp-content\/uploads\/2021\/05\/jiri-bata-225x300.jpg 225w, https:\/\/www.infokuryr.cz\/n\/wp-content\/uploads\/2021\/05\/jiri-bata.jpg 280w\" sizes=\"(max-width: 156px) 100vw, 156px\" \/><\/p>\n<p>&nbsp;<\/p>\n","protected":false},"excerpt":{"rendered":"<p>V\u0161echno nasv\u011bd\u010duje tomu, \u017ee u n\u00e1s doch\u00e1z\u00ed k bezprecedentn\u00ed destrukci v respektu\u00a0 a dodr\u017eov\u00e1n\u00ed nejvy\u0161\u0161\u00edch&#8230;<\/p>\n","protected":false},"author":2,"featured_media":5257,"comment_status":"closed","ping_status":"closed","sticky":false,"template":"","format":"standard","meta":[],"categories":[6],"tags":[1444,90,48,609],"_links":{"self":[{"href":"https:\/\/www.infokuryr.cz\/n\/wp-json\/wp\/v2\/posts\/6396"}],"collection":[{"href":"https:\/\/www.infokuryr.cz\/n\/wp-json\/wp\/v2\/posts"}],"about":[{"href":"https:\/\/www.infokuryr.cz\/n\/wp-json\/wp\/v2\/types\/post"}],"author":[{"embeddable":true,"href":"https:\/\/www.infokuryr.cz\/n\/wp-json\/wp\/v2\/users\/2"}],"replies":[{"embeddable":true,"href":"https:\/\/www.infokuryr.cz\/n\/wp-json\/wp\/v2\/comments?post=6396"}],"version-history":[{"count":0,"href":"https:\/\/www.infokuryr.cz\/n\/wp-json\/wp\/v2\/posts\/6396\/revisions"}],"wp:featuredmedia":[{"embeddable":true,"href":"https:\/\/www.infokuryr.cz\/n\/wp-json\/wp\/v2\/media\/5257"}],"wp:attachment":[{"href":"https:\/\/www.infokuryr.cz\/n\/wp-json\/wp\/v2\/media?parent=6396"}],"wp:term":[{"taxonomy":"category","embeddable":true,"href":"https:\/\/www.infokuryr.cz\/n\/wp-json\/wp\/v2\/categories?post=6396"},{"taxonomy":"post_tag","embeddable":true,"href":"https:\/\/www.infokuryr.cz\/n\/wp-json\/wp\/v2\/tags?post=6396"}],"curies":[{"name":"wp","href":"https:\/\/api.w.org\/{rel}","templated":true}]}}