{"id":63861,"date":"2024-10-09T00:46:57","date_gmt":"2024-10-08T22:46:57","guid":{"rendered":"https:\/\/www.infokuryr.cz\/n\/?p=63861"},"modified":"2024-10-08T17:32:55","modified_gmt":"2024-10-08T15:32:55","slug":"jiri-vyvadil-holubicka-kamala-harrisova-vzletla","status":"publish","type":"post","link":"https:\/\/www.infokuryr.cz\/n\/2024\/10\/09\/jiri-vyvadil-holubicka-kamala-harrisova-vzletla\/","title":{"rendered":"Ji\u0159\u00ed Vyvadil: Holubi\u010dka Kamala Harrisov\u00e1 vzl\u00e9tla\u2026"},"content":{"rendered":"<div id=\"fb-root\"><\/div>\n<p><strong>Kdo by si nepamatoval n\u00e1dhern\u00fd p\u0159\u00edm\u011br Milo\u0161e Kopeck\u00e9ho z Dietlova seri\u00e1lu Nemocnice na kraji m\u011bsta ke zdravotn\u00ed sest\u0159e zt\u011bles\u0148ovan\u00e9 Ivou Jan\u017eurovou: Kdyby blbost nadn\u00e1\u0161ela, l\u00e9tala by jako holubi\u010dka.<\/strong><\/p>\n<p>Podobn\u00fd pocit jsem m\u011bl, kdy\u017e jsem si s\u00a0vyt\u0159e\u0161t\u011bn\u00fdma o\u010dima p\u0159e\u010detl, \u017ee Kamala Harrisov\u00e1 pronesla, \u017ee se bez Volodymyra Zelensk\u00e9ho s\u00a0Vladim\u00edrem Putinem nesetk\u00e1.<\/p>\n<p>Ta blbost z\u00a0toho doslova bu\u010d\u00ed.<\/p>\n<p>USA vedou proti \u00a0Rusku prost\u0159ednictv\u00edm Ukrajiny doslova v\u00e1lku za jeho zni\u010den\u00ed a zorganizovaly k\u00a0tomu celosv\u011btovou z\u00e1padn\u00ed alianci se zapojen\u00edm NATO, EU, G7 a sna\u017eily se zlomit i nez\u00e1padn\u00ed zem\u011b pat\u0159\u00edc\u00ed ke st\u00e1le siln\u011bj\u0161\u00edmu Glob\u00e1ln\u00edmu jihu. Mno\u017estv\u00ed sankc\u00ed dos\u00e1hlo historick\u00e9 dosud nezn\u00e1m\u00e9 \u00farovn\u011b, by\u0165 uk\u00e1zaly, \u017ee prost\u011b na to zni\u010dit Rusko, \u010di si jej podrobit nemaj\u00ed. Z\u00e1pad p\u0159eru\u0161il s\u00a0Putinem jak\u00e9koliv styky a ta \u017eensk\u00e1 se domn\u00edv\u00e1, \u017ee v\u00a0nejbli\u017e\u0161\u00ed dob\u011b m\u016f\u017ee nastat situace, \u017ee by se mohla s\u00a0Putinem setk\u00e1vat.<\/p>\n<p>Pro\u010d by to d\u011blal? On bude v\u00edt\u011bzem t\u00e9to Z\u00e1padem proti Rusku veden\u00e9 v\u00e1lky a k\u00a0ni\u010demu Z\u00e1pad nepot\u0159ebuje.\u00a0 Z\u00e1pad je p\u0159ece pro Rusko nejv\u011bt\u0161\u00edm nep\u0159\u00edtelem<\/p>\n<p>Vztahy, kter\u00e9 zde po des\u00edtky let existovaly a to dokonce v\u00a0dob\u011b studen\u00e9 v\u00e1lky, kdy se b\u011b\u017en\u011b setk\u00e1vali nap\u0159\u00edklad ameri\u010dt\u00ed a sov\u011bt\u0161t\u00ed p\u0159edstavitel\u00e9 se hned tak neobnov\u00ed.<\/p>\n<p>Pokud Putin \u00a0nav\u00e1\u017ee kontakt se Z\u00e1padem, pak zcela v\u00fdjime\u010dn\u011b a jen s\u00a0t\u011bmi, kdo opakovan\u011b d\u00e1valy najevo, \u017ee ch\u00e1pou rusk\u00e9 legitimn\u00ed po\u017eadavky a nepod\u00edleli se na vzniku konfliktu na Ukrajin\u011b t\u00edm, \u017ee nep\u0159iznali Rusku legitimn\u00ed n\u00e1rok, aby Ukrajina nebyla p\u0159ijata do NATO.<\/p>\n<p>Nevylu\u010duji, \u017ee se Kamila Harrisov\u00e1 m\u016f\u017ee st\u00e1t prezidentkou. V\u00a0Americe je mo\u017en\u00e9 v\u0161echno.<\/p>\n<p>J\u00e1 osobn\u011b tuto Ameriku k\u00a0\u017eivotu nepot\u0159ebuji.<\/p>\n<p><a href=\"https:\/\/vasevec.info\/komentare\/holubicka-kamala-harrisova-vzletla\">Ji\u0159\u00ed Vyvadil<\/a><\/p>\n<p><img decoding=\"async\" loading=\"lazy\" class=\"alignnone size-medium wp-image-16474\" src=\"http:\/\/www.infokuryr.cz\/n\/wp-content\/uploads\/2022\/10\/jiri-vyvadil-300x200.jpg\" alt=\"\" width=\"300\" height=\"200\" srcset=\"https:\/\/www.infokuryr.cz\/n\/wp-content\/uploads\/2022\/10\/jiri-vyvadil-300x200.jpg 300w, https:\/\/www.infokuryr.cz\/n\/wp-content\/uploads\/2022\/10\/jiri-vyvadil-768x512.jpg 768w, https:\/\/www.infokuryr.cz\/n\/wp-content\/uploads\/2022\/10\/jiri-vyvadil.jpg 800w\" sizes=\"(max-width: 300px) 100vw, 300px\" \/><\/p>\n<p>&nbsp;<\/p>\n","protected":false},"excerpt":{"rendered":"<p>Kdo by si nepamatoval n\u00e1dhern\u00fd p\u0159\u00edm\u011br Milo\u0161e Kopeck\u00e9ho z Dietlova seri\u00e1lu Nemocnice na kraji m\u011bsta&#8230;<\/p>\n","protected":false},"author":2,"featured_media":61891,"comment_status":"closed","ping_status":"closed","sticky":false,"template":"","format":"standard","meta":[],"categories":[6],"tags":[4122,1503,102,37],"_links":{"self":[{"href":"https:\/\/www.infokuryr.cz\/n\/wp-json\/wp\/v2\/posts\/63861"}],"collection":[{"href":"https:\/\/www.infokuryr.cz\/n\/wp-json\/wp\/v2\/posts"}],"about":[{"href":"https:\/\/www.infokuryr.cz\/n\/wp-json\/wp\/v2\/types\/post"}],"author":[{"embeddable":true,"href":"https:\/\/www.infokuryr.cz\/n\/wp-json\/wp\/v2\/users\/2"}],"replies":[{"embeddable":true,"href":"https:\/\/www.infokuryr.cz\/n\/wp-json\/wp\/v2\/comments?post=63861"}],"version-history":[{"count":0,"href":"https:\/\/www.infokuryr.cz\/n\/wp-json\/wp\/v2\/posts\/63861\/revisions"}],"wp:featuredmedia":[{"embeddable":true,"href":"https:\/\/www.infokuryr.cz\/n\/wp-json\/wp\/v2\/media\/61891"}],"wp:attachment":[{"href":"https:\/\/www.infokuryr.cz\/n\/wp-json\/wp\/v2\/media?parent=63861"}],"wp:term":[{"taxonomy":"category","embeddable":true,"href":"https:\/\/www.infokuryr.cz\/n\/wp-json\/wp\/v2\/categories?post=63861"},{"taxonomy":"post_tag","embeddable":true,"href":"https:\/\/www.infokuryr.cz\/n\/wp-json\/wp\/v2\/tags?post=63861"}],"curies":[{"name":"wp","href":"https:\/\/api.w.org\/{rel}","templated":true}]}}